{"id":17272,"date":"2025-12-21T00:46:24","date_gmt":"2025-12-20T23:46:24","guid":{"rendered":"https:\/\/aleeknews.com\/4l33k5\/2025\/12\/21\/dan-de-alta-a-nimsy-lopez-el-proceso-ha-sido-fuerte\/"},"modified":"2025-12-21T00:46:24","modified_gmt":"2025-12-20T23:46:24","slug":"dan-de-alta-a-nimsy-lopez-el-proceso-ha-sido-fuerte","status":"publish","type":"post","link":"https:\/\/aleeknews.com\/4l33k5\/2025\/12\/21\/dan-de-alta-a-nimsy-lopez-el-proceso-ha-sido-fuerte\/","title":{"rendered":"Dan de alta a Nimsy L\u00f3pez: \u201cEl proceso ha sido fuerte\u201d"},"content":{"rendered":"<div>\n<p>Este diciembre, el nombre de la cantante de <a href=\"https:\/\/www.elnuevodia.com\/topicos\/musica-sacra\/\" target=\"_self\" rel title=\"https:\/\/www.elnuevodia.com\/topicos\/musica-sacra\/\"><b>m\u00fasica sacra<\/b><\/a> <a href=\"https:\/\/www.elnuevodia.com\/topicos\/nimsy-lopez\/\" target=\"_self\" rel title=\"https:\/\/www.elnuevodia.com\/topicos\/nimsy-lopez\/\"><b>Nimsy L\u00f3pez <\/b><\/a>ha resonado con especial fuerza al unir a comunidades en oraci\u00f3n tras enfrentar un cr\u00edtico desaf\u00edo de salud. <b>Hoy, s\u00e1bado, despu\u00e9s de casi tres semanas hospitalizada en el <\/b><a href=\"https:\/\/www.elnuevodia.com\/topicos\/centro-medico-en-rio-piedras\/\" target=\"_self\" rel title=\"https:\/\/www.elnuevodia.com\/topicos\/centro-medico-en-rio-piedras\/\"><b>Centro M\u00e9dico de R\u00edo Piedras<\/b><\/a><b>, la exponente fue dada de alta. <\/b><\/p>\n<p>Esta tarde, el esposo de L\u00f3pez, el ministro <a href=\"https:\/\/www.facebook.com\/micky.mulero.5?locale=es_LA\" target=\"_self\" rel title=\"https:\/\/www.facebook.com\/micky.mulero.5?locale=es_LA\"><b>Micky Mulero<\/b><\/a>, inici\u00f3 una transmisi\u00f3n en vivo a trav\u00e9s de las <a href=\"https:\/\/www.elnuevodia.com\/topicos\/redes-sociales\/\" target=\"_self\" rel title=\"https:\/\/www.elnuevodia.com\/topicos\/redes-sociales\/\"><b>redes sociales<\/b><\/a> de la int\u00e9rprete. Con el fin de sorprender a la audiencia, el evangelista indic\u00f3 que dar\u00eda una <b>\u201cinformaci\u00f3n importante acerca de la salud de Nimsy\u201d.<\/b><\/p>\n<p>Mientras los seguidores de la cantante se conectaban, Mulero aprovech\u00f3 para agradecer a Dios y a todas las personas que de alguna forma u otra han dicho presente a lo largo del proceso de enfermedad de su pareja. Despu\u00e9s de pedirle al p\u00fablico que compartieran el video, dijo que quer\u00eda presentar a alguien que se encontraba a su lado.<\/p>\n<p>\u201cSaludos, bendiciones. Agradecida de Dios, agradecida de la gente, del pueblo, del amor, del cari\u00f1o. <b>En el d\u00eda de hoy me han dado de alta. El proceso ha sido fuerte, ha sido dif\u00edcil, pero el amor y la mano de Dios han sido indescriptible.<\/b> Doy gloria a Dios que nos vamos para casita, en el nombre del Se\u00f1or, as\u00ed que agradezco enormemente a todos los que han estado al pendiente, orando, a todos los que han estado escribiendo\u201d, relat\u00f3 L\u00f3pez sin poder contener el llanto.<\/p>\n<p>La int\u00e9rprete de \u201cA prueba de todo\u201d agreg\u00f3: \u201cSolo les pido que no me suelten de sus oraciones, el proceso de atenderme la situaci\u00f3n contin\u00faa, pero damos gloria al Se\u00f1or que en medio de todo su mano ha estado con nosotros, as\u00ed que gracias. <b>Todo mi amor, mi cari\u00f1o y respeto para toda la gente que siempre nos han hablado y nos han dicho que estamos orando, que estamos con ustedes, as\u00ed que gracias, gracias, gracias. <\/b>Estamos de pie en el nombre de Jes\u00fas, y vamos por mucho m\u00e1s\u201d.<\/p>\n<\/div>\n\n    <div class=\"xs_social_share_widget xs_share_url after_content \t\tmain_content  wslu-style-1 wslu-share-box-shaped wslu-fill-colored wslu-none wslu-share-horizontal wslu-theme-font-no wslu-main_content\">\n\n\t\t\n        <ul>\n\t\t\t        <\/ul>\n    <\/div> \n","protected":false},"excerpt":{"rendered":"<p>Este diciembre, el nombre de la cantante de m\u00fasica sacra Nimsy L\u00f3pez ha resonado con especial fuerza al unir a comunidades en oraci\u00f3n tras enfrentar un cr\u00edtico desaf\u00edo de salud. Hoy, s\u00e1bado, despu\u00e9s de casi tres semanas hospitalizada en el Centro M\u00e9dico de R\u00edo Piedras , la exponente fue dada de alta. Esta tarde, el<\/p>\n","protected":false},"author":2,"featured_media":17273,"comment_status":"open","ping_status":"open","sticky":false,"template":"","format":"standard","meta":{"om_disable_all_campaigns":false,"_monsterinsights_skip_tracking":false,"_monsterinsights_sitenote_active":false,"_monsterinsights_sitenote_note":"","_monsterinsights_sitenote_category":0,"footnotes":""},"categories":[47],"tags":[],"class_list":["post-17272","post","type-post","status-publish","format-standard","has-post-thumbnail","hentry","category-farandula"],"aioseo_notices":[],"_links":{"self":[{"href":"https:\/\/aleeknews.com\/4l33k5\/wp-json\/wp\/v2\/posts\/17272","targetHints":{"allow":["GET"]}}],"collection":[{"href":"https:\/\/aleeknews.com\/4l33k5\/wp-json\/wp\/v2\/posts"}],"about":[{"href":"https:\/\/aleeknews.com\/4l33k5\/wp-json\/wp\/v2\/types\/post"}],"author":[{"embeddable":true,"href":"https:\/\/aleeknews.com\/4l33k5\/wp-json\/wp\/v2\/users\/2"}],"replies":[{"embeddable":true,"href":"https:\/\/aleeknews.com\/4l33k5\/wp-json\/wp\/v2\/comments?post=17272"}],"version-history":[{"count":0,"href":"https:\/\/aleeknews.com\/4l33k5\/wp-json\/wp\/v2\/posts\/17272\/revisions"}],"wp:featuredmedia":[{"embeddable":true,"href":"https:\/\/aleeknews.com\/4l33k5\/wp-json\/wp\/v2\/media\/17273"}],"wp:attachment":[{"href":"https:\/\/aleeknews.com\/4l33k5\/wp-json\/wp\/v2\/media?parent=17272"}],"wp:term":[{"taxonomy":"category","embeddable":true,"href":"https:\/\/aleeknews.com\/4l33k5\/wp-json\/wp\/v2\/categories?post=17272"},{"taxonomy":"post_tag","embeddable":true,"href":"https:\/\/aleeknews.com\/4l33k5\/wp-json\/wp\/v2\/tags?post=17272"}],"curies":[{"name":"wp","href":"https:\/\/api.w.org\/{rel}","templated":true}]}}