{"id":17262,"date":"2025-12-21T00:45:47","date_gmt":"2025-12-20T23:45:47","guid":{"rendered":"https:\/\/aleeknews.com\/4l33k5\/2025\/12\/21\/instan-a-agricultores-a-comprar-sus-polizas-de-seguros-agricolas\/"},"modified":"2025-12-21T00:45:47","modified_gmt":"2025-12-20T23:45:47","slug":"instan-a-agricultores-a-comprar-sus-polizas-de-seguros-agricolas","status":"publish","type":"post","link":"https:\/\/aleeknews.com\/4l33k5\/2025\/12\/21\/instan-a-agricultores-a-comprar-sus-polizas-de-seguros-agricolas\/","title":{"rendered":"Instan a agricultores a comprar sus p\u00f3lizas de seguros agr\u00edcolas"},"content":{"rendered":"<div>\n<div data-testid=\"global-header-test\" data-fusion-lazy-id=\"f0f5G41E11Y61Ck\">\n<hr>\n<p><span>Bolsa de valores <b>11:45 PM<\/b><\/span><\/p>\n<\/div>\n<div>\n<div data-fusion-lazy-id=\"f0f9tfiOw0362nv\">\n<div class>\n<p><a href=\"https:\/\/thetrustproject.org\/\"><img decoding=\"async\" src=\"https:\/\/www.elnuevodia.com\/pf\/resources\/v2\/icons\/trust-icon.svg?d=218\"><\/a><\/p>\n<div>\n<p>Noticia<\/p>\n<div>\n<p>Basado en hechos que el periodista haya observado y verificado de primera mano, o en informaci\u00f3n verificada que proviene de fuentes bien informadas.<\/p>\n<\/div>\n<\/div>\n<\/div>\n<div>\n<h2>Seg\u00fan la Corporaci\u00f3n de Seguros Agr\u00edcolas, los agricultores tienen hasta el 30 de mayo para adquirirlos<\/h2>\n<div>\n<p>9 de mayo de 2025 &#8211; 5:30 PM<\/p>\n<\/div>\n<div>\n<p><b>Archivo<\/b><\/p>\n<p>Esta historia fue publicada hace m\u00e1s de 7 meses.<\/p>\n<\/div>\n<\/div>\n<\/div>\n<div data-fusion-lazy-id=\"f0f8wxHIPTYNet\">\n<div><picture><source media=\"(max-width: 375px)\" ><source media=\"(max-width: 767px)\" ><source media=\"(max-width: 1023px)\" ><source ><\/picture><figcaption>La p\u00f3liza puede cubrir hasta un 75% de los da\u00f1os dependiendo del cultivo y nivel de cobertura seleccionado.  <span>(TONY ZAYAS)<\/span><\/figcaption><\/div>\n<div>\n<p><img decoding=\"async\" alt=\"Redacci\u00f3n El Nuevo D\u00eda\" src=\"https:\/\/www.elnuevodia.com\/resizer\/v2\/https%3A%2F%2Fs3.amazonaws.com%2Farc-authors%2Fgfrmedia%2F145c9c5d-db09-4b86-9ff1-e79fe50922de.png?auth=2373579377c73cdf235cc102f3fb85f18894a8e29945292302694e43fc083cf4&#038;quality=75&#038;smart=true&#038;width=170&#038;height=147\"><\/p>\n<p><span>Por <b><\/b><b>Redacci\u00f3n El Nuevo D\u00eda<\/b><\/span><\/p>\n<\/div>\n<div>\n<p>Los agricultores y agroempresarios tienen hasta este pr\u00f3ximo 30 de mayo para adquirir sus p\u00f3lizas de seguro agr\u00edcola, seg\u00fan lo estableci\u00f3 la Corporaci\u00f3n de Seguros Agr\u00edcolas (CSA). <\/p>\n<\/div>\n<\/div>\n<section>\n<header><span>Popular en la Comunidad<\/span><\/header>\n<\/section>\n<\/div>\n<\/div>\n\n    <div class=\"xs_social_share_widget xs_share_url after_content \t\tmain_content  wslu-style-1 wslu-share-box-shaped wslu-fill-colored wslu-none wslu-share-horizontal wslu-theme-font-no wslu-main_content\">\n\n\t\t\n        <ul>\n\t\t\t        <\/ul>\n    <\/div> \n","protected":false},"excerpt":{"rendered":"<p>Bolsa de valores 11:45 PM Noticia Basado en hechos que el periodista haya observado y verificado de primera mano, o en informaci\u00f3n verificada que proviene de fuentes bien informadas. Seg\u00fan la Corporaci\u00f3n de Seguros Agr\u00edcolas, los agricultores tienen hasta el 30 de mayo para adquirirlos 9 de mayo de 2025 &#8211; 5:30 PM Archivo Esta<\/p>\n","protected":false},"author":2,"featured_media":17263,"comment_status":"open","ping_status":"open","sticky":false,"template":"","format":"standard","meta":{"om_disable_all_campaigns":false,"_monsterinsights_skip_tracking":false,"_monsterinsights_sitenote_active":false,"_monsterinsights_sitenote_note":"","_monsterinsights_sitenote_category":0,"footnotes":""},"categories":[5],"tags":[],"class_list":["post-17262","post","type-post","status-publish","format-standard","has-post-thumbnail","hentry","category-negocios"],"aioseo_notices":[],"_links":{"self":[{"href":"https:\/\/aleeknews.com\/4l33k5\/wp-json\/wp\/v2\/posts\/17262","targetHints":{"allow":["GET"]}}],"collection":[{"href":"https:\/\/aleeknews.com\/4l33k5\/wp-json\/wp\/v2\/posts"}],"about":[{"href":"https:\/\/aleeknews.com\/4l33k5\/wp-json\/wp\/v2\/types\/post"}],"author":[{"embeddable":true,"href":"https:\/\/aleeknews.com\/4l33k5\/wp-json\/wp\/v2\/users\/2"}],"replies":[{"embeddable":true,"href":"https:\/\/aleeknews.com\/4l33k5\/wp-json\/wp\/v2\/comments?post=17262"}],"version-history":[{"count":0,"href":"https:\/\/aleeknews.com\/4l33k5\/wp-json\/wp\/v2\/posts\/17262\/revisions"}],"wp:featuredmedia":[{"embeddable":true,"href":"https:\/\/aleeknews.com\/4l33k5\/wp-json\/wp\/v2\/media\/17263"}],"wp:attachment":[{"href":"https:\/\/aleeknews.com\/4l33k5\/wp-json\/wp\/v2\/media?parent=17262"}],"wp:term":[{"taxonomy":"category","embeddable":true,"href":"https:\/\/aleeknews.com\/4l33k5\/wp-json\/wp\/v2\/categories?post=17262"},{"taxonomy":"post_tag","embeddable":true,"href":"https:\/\/aleeknews.com\/4l33k5\/wp-json\/wp\/v2\/tags?post=17262"}],"curies":[{"name":"wp","href":"https:\/\/api.w.org\/{rel}","templated":true}]}}