{"id":17072,"date":"2025-12-17T22:45:49","date_gmt":"2025-12-17T21:45:49","guid":{"rendered":"https:\/\/aleeknews.com\/4l33k5\/2025\/12\/17\/israel-afirma-haber-abatido-a-un-alto-comandante-de-hamas-en-gaza\/"},"modified":"2025-12-17T22:45:49","modified_gmt":"2025-12-17T21:45:49","slug":"israel-afirma-haber-abatido-a-un-alto-comandante-de-hamas-en-gaza","status":"publish","type":"post","link":"https:\/\/aleeknews.com\/4l33k5\/2025\/12\/17\/israel-afirma-haber-abatido-a-un-alto-comandante-de-hamas-en-gaza\/","title":{"rendered":"Israel afirma haber abatido a un alto comandante de Hamas en Gaza"},"content":{"rendered":"<div>\n<p>Israel afirm\u00f3 el s\u00e1bado que abati\u00f3 a un alto comandante de <a href=\"https:\/\/www.elnuevodia.com\/topicos\/hamas\/\" target=\"_blank\" rel=\"noreferrer\" title=\"https:\/\/www.elnuevodia.com\/topicos\/hamas\/\"><b>Hamas<\/b><\/a> en <a href=\"https:\/\/www.elnuevodia.com\/topicos\/franja-de-gaza\/\" target=\"_blank\" rel=\"noreferrer\" title=\"https:\/\/www.elnuevodia.com\/topicos\/franja-de-gaza\/\"><b>Gaza<\/b><\/a> despu\u00e9s de que un artefacto explosivo detonara e hiriera a dos soldados en el sur del territorio. <\/p>\n<p><b>En un comunicado, Hamas no confirm\u00f3 la muerte de Raed Saad. Se\u00f1al\u00f3 que un veh\u00edculo civil hab\u00eda sido atacado fuera de la ciudad de Gaza y sostuvo que fue una violaci\u00f3n del alto el fuego que entr\u00f3 en vigor el 10 de octubre. <\/b><\/p>\n<p>Saad era el funcionario de Ham\u00e1s a cargo de la fabricaci\u00f3n y anteriormente lider\u00f3 la divisi\u00f3n de operaciones del grupo. En su comunicado, <a href=\"https:\/\/www.elnuevodia.com\/topicos\/israel\/\" target=\"_blank\" rel=\"noreferrer\" title=\"https:\/\/www.elnuevodia.com\/topicos\/israel\/\"><b>Israel<\/b><\/a> lo describi\u00f3 como uno de los arquitectos del ataque del 7 de octubre de 2023 que desat\u00f3 la guerra, y dijo que hab\u00eda \u201cparticipado en la reconstrucci\u00f3n de la organizaci\u00f3n terrorista\u201d en violaci\u00f3n del alto el fuego. <\/p>\n<p>El ataque israel\u00ed al oeste de la ciudad de Gaza provoc\u00f3 la muerte de cuatro personas, seg\u00fan un periodista de The Associated Press que vio llegar sus cuerpos al Hospital Shifa. Otras tres personas resultaron heridas, seg\u00fan el hospital Al-Awda. <\/p>\n<p>Israel y Hamas se han acusado repetidamente de violaciones del alto el fuego. <\/p>\n<div>\n<p><b>1 \/ 25 | <\/b><span> De vuelta a Gaza: palestinos regresan tras alto al fuego entre Ham\u00e1s e Israel. Palestinos desplazados caminan con sus pertenencias junto a edificios destruidos mientras regresan a sus hogares en Khan Younis, al sur de la Franja de Gaza, despu\u00e9s de que Israel y Ham\u00e1s acordaran una pausa en la guerra y la liberaci\u00f3n de los rehenes restantes.<\/span><i> &#8211; Jehad Alshrafi<\/i><\/p>\n<\/div>\n<p>Los ataques a\u00e9reos y tiroteos israel\u00edes en Gaza han provocado la muerte de al menos a 386 palestinos desde que inici\u00f3 el alto el fuego, seg\u00fan autoridades de salud del enclave. <b>Tel Aviv ha dicho que los recientes ataques son en represalia por las ofensivas del grupo armado contra sus soldados, y que las tropas han disparado contra palestinos que se acercaron a la \u201cl\u00ednea amarilla\u201d entre la mayor parte de Gaza controlada por Israel y el resto del territorio. <\/b><\/p>\n<p>Israel exige que los combatientes palestinos devuelvan los restos del \u00faltimo reh\u00e9n, Ran Gvili, desde Gaza y ha dicho que esto es una condici\u00f3n para pasar a la segunda y m\u00e1s complicada fase del alto el fuego. Dicha fase plantea una visi\u00f3n para poner fin al gobierno de Ham\u00e1s y vigilar la reconstrucci\u00f3n de una Gaza desmilitarizada bajo supervisi\u00f3n internacional. <\/p>\n<p>El ataque inicial encabezado por Ham\u00e1s en 2023 en el sur de Israel provoc\u00f3 la muerte de alrededor de 1,200 personas, mientras que otras 251 fueron tomadas como rehenes. Casi todos los cautivos o sus restos han sido devueltos en altos el fuego u otros acuerdos. <\/p>\n<p>La campa\u00f1a de dos a\u00f1os de Israel en Gaza ha provocado la muerte de m\u00e1s de 70,650 palestinos, aproximadamente la mitad de ellos mujeres y ni\u00f1os, seg\u00fan el Ministerio de Salud del territorio, que no distingue entre militantes y civiles en su conteo. <b>El ministerio, que opera bajo el gobierno dirigido por Hamas, est\u00e1 compuesto por profesionales m\u00e9dicos y mantiene registros detallados que son considerados generalmente confiables por la comunidad internacional. <\/b><\/p>\n<p>Gran parte de Gaza ha sido destruida y la mayor\u00eda de la poblaci\u00f3n de m\u00e1s de dos millones ha sido desplazada. La entrada de ayuda humanitaria al territorio sigue estando por debajo del nivel establecido por los t\u00e9rminos del alto el fuego, y los palestinos que perdieron extremidades en la guerra enfrentan una escasez de pr\u00f3tesis y largos retrasos en las evacuaciones m\u00e9dicas. <\/p>\n<\/div>\n\n    <div class=\"xs_social_share_widget xs_share_url after_content \t\tmain_content  wslu-style-1 wslu-share-box-shaped wslu-fill-colored wslu-none wslu-share-horizontal wslu-theme-font-no wslu-main_content\">\n\n\t\t\n        <ul>\n\t\t\t        <\/ul>\n    <\/div> \n","protected":false},"excerpt":{"rendered":"<p>Israel afirm\u00f3 el s\u00e1bado que abati\u00f3 a un alto comandante de Hamas en Gaza despu\u00e9s de que un artefacto explosivo detonara e hiriera a dos soldados en el sur del territorio. En un comunicado, Hamas no confirm\u00f3 la muerte de Raed Saad. Se\u00f1al\u00f3 que un veh\u00edculo civil hab\u00eda sido atacado fuera de la ciudad de<\/p>\n","protected":false},"author":2,"featured_media":17073,"comment_status":"open","ping_status":"open","sticky":false,"template":"","format":"standard","meta":{"om_disable_all_campaigns":false,"_monsterinsights_skip_tracking":false,"_monsterinsights_sitenote_active":false,"_monsterinsights_sitenote_note":"","_monsterinsights_sitenote_category":0,"footnotes":""},"categories":[10],"tags":[],"class_list":["post-17072","post","type-post","status-publish","format-standard","has-post-thumbnail","hentry","category-mundo"],"aioseo_notices":[],"_links":{"self":[{"href":"https:\/\/aleeknews.com\/4l33k5\/wp-json\/wp\/v2\/posts\/17072","targetHints":{"allow":["GET"]}}],"collection":[{"href":"https:\/\/aleeknews.com\/4l33k5\/wp-json\/wp\/v2\/posts"}],"about":[{"href":"https:\/\/aleeknews.com\/4l33k5\/wp-json\/wp\/v2\/types\/post"}],"author":[{"embeddable":true,"href":"https:\/\/aleeknews.com\/4l33k5\/wp-json\/wp\/v2\/users\/2"}],"replies":[{"embeddable":true,"href":"https:\/\/aleeknews.com\/4l33k5\/wp-json\/wp\/v2\/comments?post=17072"}],"version-history":[{"count":0,"href":"https:\/\/aleeknews.com\/4l33k5\/wp-json\/wp\/v2\/posts\/17072\/revisions"}],"wp:featuredmedia":[{"embeddable":true,"href":"https:\/\/aleeknews.com\/4l33k5\/wp-json\/wp\/v2\/media\/17073"}],"wp:attachment":[{"href":"https:\/\/aleeknews.com\/4l33k5\/wp-json\/wp\/v2\/media?parent=17072"}],"wp:term":[{"taxonomy":"category","embeddable":true,"href":"https:\/\/aleeknews.com\/4l33k5\/wp-json\/wp\/v2\/categories?post=17072"},{"taxonomy":"post_tag","embeddable":true,"href":"https:\/\/aleeknews.com\/4l33k5\/wp-json\/wp\/v2\/tags?post=17072"}],"curies":[{"name":"wp","href":"https:\/\/api.w.org\/{rel}","templated":true}]}}