{"id":17066,"date":"2025-12-17T22:45:53","date_gmt":"2025-12-17T21:45:53","guid":{"rendered":"https:\/\/aleeknews.com\/4l33k5\/2025\/12\/17\/proponen-fortalecer-los-controles-de-armas-en-australia-tras-mortal-tiroteo-en-sidney\/"},"modified":"2025-12-17T22:45:53","modified_gmt":"2025-12-17T21:45:53","slug":"proponen-fortalecer-los-controles-de-armas-en-australia-tras-mortal-tiroteo-en-sidney","status":"publish","type":"post","link":"https:\/\/aleeknews.com\/4l33k5\/2025\/12\/17\/proponen-fortalecer-los-controles-de-armas-en-australia-tras-mortal-tiroteo-en-sidney\/","title":{"rendered":"Proponen fortalecer los controles de armas en Australia tras mortal tiroteo en S\u00eddney"},"content":{"rendered":"<div>\n<p><b>S\u00eddney<\/b> &#8211; El primer ministro australiano, Anthony Albanese, propuso el lunes endurecer las leyes nacionales de control de armas despu\u00e9s de un tiroteo masivo contra una celebraci\u00f3n de Januc\u00e1 en la playa Bondi de <a href=\"https:\/\/www.elnuevodia.com\/topicos\/sidney\/\" target=\"_self\" rel title=\"https:\/\/www.elnuevodia.com\/topicos\/sidney\/\">S\u00eddney<\/a>, y que dej\u00f3 al menos 15 muertos.<\/p>\n<p><b>Albanese dijo que propondr\u00eda nuevas restricciones, como limitar el n\u00famero de armas que un propietario con licencia puede obtener. Sus propuestas fueron anunciadas despu\u00e9s de que las autoridades revelaran que el mayor de los dos pistoleros \u2014quienes eran padre e hijo\u2014 hab\u00eda acumulado sus seis armas legalmente.<\/b><\/p>\n<p>\u201cEl gobierno est\u00e1 preparado para tomar cualquier acci\u00f3n necesaria. Incluido en eso est\u00e1 la necesidad de leyes m\u00e1s estrictas sobre armas\u201d, dijo Albanese a los periodistas.<\/p>\n<p>\u201cLas circunstancias de las personas pueden cambiar. Las personas pueden ser radicalizadas con el tiempo. Las licencias no deber\u00edan ser perpetuas\u201d, a\u00f1adi\u00f3.<\/p>\n<p>Al menos 38 personas estaban siendo atendidas en hospitales despu\u00e9s de la masacre del domingo, cuando los dos tiradores dispararon indiscriminadamente en las festividades en la playa. Entre los muertos se encontraban una ni\u00f1a de 10 a\u00f1os, un rabino y un sobreviviente del <a href=\"https:\/\/www.elnuevodia.com\/topicos\/holocausto\/\" target=\"_blank\" rel=\"noreferrer\" title=\"https:\/\/www.elnuevodia.com\/topicos\/holocausto\/\">Holocausto<\/a>.<\/p>\n<p>El horror en la playa m\u00e1s popular de <a href=\"https:\/\/www.elnuevodia.com\/topicos\/australia\/\" target=\"_self\" rel title=\"https:\/\/www.elnuevodia.com\/topicos\/australia\/\">Australia<\/a> fue el tiroteo m\u00e1s mort\u00edfero en casi tres d\u00e9cadas en un pa\u00eds con estrictas leyes de control de armas, principalmente dirigidas a retirar de circulaci\u00f3n los rifles de disparo r\u00e1pido. Albanese calific\u00f3 la masacre como un acto de terrorismo antisemita que golpe\u00f3 el coraz\u00f3n de la naci\u00f3n.<\/p>\n<p>Prometi\u00f3 un cambio r\u00e1pido, planeando el lunes por la tarde presentar sus propuestas de ley de armas en una reuni\u00f3n del gabinete nacional que incluye a l\u00edderes estatales. Algunas de las medidas tambi\u00e9n requerir\u00edan legislaci\u00f3n estatal.<\/p>\n<p>\u201cAlgunas leyes son del Commonwealth y otras son implementadas por los estados\u201d, dijo el l\u00edder australiano. \u201cLo que queremos hacer es asegurarnos de que todos estemos completamente en la misma p\u00e1gina\u201d.<\/p>\n<div>\n<p><b>Las <\/b><a href=\"https:\/\/www.elnuevodia.com\/noticias\/mundo\/notas\/raros-pero-existen-cronologia-de-la-violencia-armada-reciente-en-australia\/\" target=\"_blank\" rel title=\"https:\/\/www.elnuevodia.com\/noticias\/mundo\/notas\/raros-pero-existen-cronologia-de-la-violencia-armada-reciente-en-australia\/\"><b>leyes de armas de Australia fueron revisadas<\/b><\/a><b> despu\u00e9s de una masacre en 1996 en la ciudad de Port Arthur, Tasmania, donde un solo tirador mat\u00f3 a 35 personas.<\/b><\/p>\n<\/div>\n<p><h4><b>L\u00edderes jud\u00edos critican medidas contra el antisemitismo<\/b><\/h4>\n<\/p>\n<p>Mientras tanto, la masacre provoc\u00f3 preguntas sobre si Albanese y su gobierno hab\u00edan hecho lo suficiente para frenar el creciente antisemitismo. L\u00edderes jud\u00edos y sobrevivientes de la masacre expresaron miedo y furia al cuestionar por qu\u00e9 los hombres no hab\u00edan sido detectados antes de abrir fuego.<\/p>\n<p>\u201cHa habido una gran inacci\u00f3n\u201d, dijo Lawrence Stand, un hombre de S\u00eddney que corri\u00f3 a una celebraci\u00f3n de Bar Mitzv\u00e1 en Bondi cuando estall\u00f3 la violencia para buscar a su hija de 12 a\u00f1os. \u201cPero la gente fue advertida sobre esto. (&#8230;) Y a\u00fan as\u00ed no se ha hecho lo suficiente por parte de nuestro gobierno\u201d.<\/p>\n<p>\u201cCreo que el gobierno federal ha cometido varios errores en cuanto al antisemitismo\u201d, dijo Alex Ryvchin, portavoz del Consejo Ejecutivo de Jud\u00edos de Australia, a los periodistas reunidos el lunes cerca del lugar de la masacre. \u201cCreo que cuando ocurre un ataque como el que vimos ayer, el deber primordial y fundamental del gobierno es la protecci\u00f3n de sus ciudadanos, por lo que ha habido un inmenso fracaso\u201d.<\/p>\n<p>Hac\u00eda falta una investigaci\u00f3n, dijo Ryvchin, sobre \u201cc\u00f3mo se permiti\u00f3 que eso ocurriera\u201d. Esas investigaciones comenzaron a desarrollarse el lunes.<\/p>\n<p><h4><b>Surgen m\u00e1s detalles sobre los tiradores<\/b><\/h4>\n<\/p>\n<p>Poco se confirm\u00f3 p\u00fablicamente sobre los hombres. La polic\u00eda dijo que eran padre e hijo, pero indic\u00f3 que no proporcionar\u00eda sus nombres.<\/p>\n<p><b>El padre, de 50 a\u00f1os, que fue abatido a tiros, ten\u00eda una licencia de armas que le permit\u00eda adquirir legalmente las seis armas de fuego recuperadas de su propiedad y tambi\u00e9n ten\u00eda una membres\u00eda en un club de tiro, dijo Mal Lanyon, comisionado de polic\u00eda del estado de Nueva Gales del Sur, donde se encuentra S\u00eddney.<\/b><\/p>\n<p>La licencia de armas particular que ten\u00eda permit\u00eda a un adulto con una \u201craz\u00f3n genuina\u201d poseer un rifle o escopeta. Las razones aceptadas incluyen tiro al blanco, caza recreativa y control de plagas, pero la autodefensa no es una raz\u00f3n aceptada.<\/p>\n<p>El hombre lleg\u00f3 a Australia en 1998 con una visa de estudiante, dijeron las autoridades, y era residente australiano cuando muri\u00f3. Las autoridades no confirmaron de qu\u00e9 pa\u00eds hab\u00eda emigrado.<\/p>\n<p><b>Su hijo de 24 a\u00f1os, nacido en Australia, que fue herido de bala, est\u00e1 siendo tratado en un hospital.<\/b> Lanyon dijo que el hombre \u201cpodr\u00eda\u201d enfrentar cargos criminales y la polic\u00eda no divulgar\u00eda lo que sab\u00edan sobre \u00e9l para evitar perjudicar un caso de enjuiciamiento en su contra.<\/p>\n<p><h4><b>Las v\u00edctimas inclu\u00edan ni\u00f1os y ancianos<\/b><\/h4>\n<\/p>\n<p>Ninguna de las v\u00edctimas muertas o heridas ha sido identificada oficialmente por las autoridades. Las identidades de los fallecidos, que ten\u00edan edades comprendidas entre los 10 y los 87 a\u00f1os, comenzaron a surgir en los medios el lunes.<\/p>\n<p>Entre ellos estaba el rabino Eli Schlanger, rabino asistente de Chabad de Bondi y organizador del evento familiar de Januc\u00e1 que fue atacado, seg\u00fan Chabad, un movimiento jud\u00edo ortodoxo que realiza actividades de divulgaci\u00f3n en todo el mundo y patrocina eventos durante las principales festividades jud\u00edas.<\/p>\n<p>El Ministerio israel\u00ed de Exteriores confirm\u00f3 la muerte de un ciudadano israel\u00ed, pero no dio m\u00e1s detalles. El presidente franc\u00e9s, <a href=\"https:\/\/www.elnuevodia.com\/topicos\/emmanuel-macron\/\" target=\"_self\" rel title=\"https:\/\/www.elnuevodia.com\/topicos\/emmanuel-macron\/\">Emmanuel Macron<\/a>, dijo que un ciudadano franc\u00e9s, identificado como Dan Elkayam, estaba entre los muertos.<\/p>\n<p><b>Larisa Kleytman dijo a los periodistas fuera del Hospital St. Vincent que su esposo, Alexander Kleytman, era uno de los muertos. La pareja eran ambos sobrevivientes del Holocausto, seg\u00fan el peri\u00f3dico The Australian.<\/b><\/p>\n<p>La violencia estall\u00f3 al final de un d\u00eda de verano en el que miles de personas se hab\u00edan congregado en la playa Bondi, un \u00edcono de la vida cultural de Australia. Entre ellos hab\u00eda cientos reunidos para el evento Januc\u00e1 junto al mar, celebrando el inicio del festival de ocho d\u00edas de Januc\u00e1 con comida, pintura facial y una actividad donde los ni\u00f1os pod\u00edan tocar animales.<\/p>\n<p>Cientos de personas se acercaron al lugar para depositar flores en un creciente mont\u00f3n de ofrendas florales. Tambi\u00e9n hubo palabras de orgullo para <a href=\"https:\/\/www.elnuevodia.com\/noticias\/mundo\/notas\/impresionante-heroico-acto-de-un-civil-desarmo-a-uno-de-los-atacantes-en-australia\/\" target=\"_blank\" rel=\"noreferrer\" title=\"https:\/\/www.elnuevodia.com\/noticias\/mundo\/notas\/impresionante-heroico-acto-de-un-civil-desarmo-a-uno-de-los-atacantes-en-australia\/\">un hombre que fue grabado en video aparentemente abordando y desarmando<\/a> a uno de los pistoleros, antes de apuntar con el arma del hombre hacia \u00e9l, y luego dejar el arma en el suelo.<\/p>\n<p>El hombre fue identificado por el ministro del Interior, Tony Burke, como Ahmed al Ahmed. El due\u00f1o de una fruter\u00eda de 42 a\u00f1os y padre de dos hijos fue herido de bala en el hombro por el otro pistolero y sobrevivi\u00f3.<\/p>\n<p><h4><b>La masacre sigui\u00f3 a un aumento de cr\u00edmenes antisemitas<\/b><\/h4>\n<\/p>\n<p>Australia, un pa\u00eds de 28 millones de personas, alberga a unos 117,000 jud\u00edos, seg\u00fan cifras oficiales. Durante el \u00faltimo a\u00f1o, el pa\u00eds fue sacudido por ataques antisemitas en S\u00eddney y Melbourne. Sinagogas y autos fueron incendiados, se pintaron grafitis en negocios y hogares y hubo ataques a jud\u00edos en esas ciudades, donde vive el 85% de la poblaci\u00f3n jud\u00eda del pa\u00eds.<\/p>\n<p>El gobierno australiano ha implementado varias medidas para contrarrestar un aumento del antisemitismo desde que <a href=\"https:\/\/www.elnuevodia.com\/topicos\/hamas\/\" target=\"_self\" rel title=\"https:\/\/www.elnuevodia.com\/topicos\/hamas\/\">Ham\u00e1s<\/a> atac\u00f3 a <a href=\"https:\/\/www.elnuevodia.com\/topicos\/israel\/\" target=\"_self\" rel title=\"https:\/\/www.elnuevodia.com\/topicos\/israel\/\">Israel<\/a> el 7 de octubre de 2023, e Israel lanz\u00f3 una guerra contra Ham\u00e1s en <a href=\"https:\/\/www.elnuevodia.com\/topicos\/franja-de-gaza\/\" target=\"_self\" rel title=\"https:\/\/www.elnuevodia.com\/topicos\/franja-de-gaza\/\">Gaza<\/a> en respuesta. Las medidas incluyeron el nombramiento de un enviado especial para combatir el antisemitismo, endurecer las leyes e invertir en seguridad mejorada para escuelas y sinagogas jud\u00edas.<\/p>\n<p>El primer ministro de Israel, <a href=\"https:\/\/www.elnuevodia.com\/topicos\/benjamin-netanyahu\/\" target=\"_self\" rel title=\"https:\/\/www.elnuevodia.com\/topicos\/benjamin-netanyahu\/\">Benjamin Netanyahu<\/a>, dijo el domingo que advirti\u00f3 a los l\u00edderes de Australia hace meses sobre los peligros de no tomar medidas contra el antisemitismo. Afirm\u00f3 que la decisi\u00f3n de Australia, en l\u00ednea con decenas de otros pa\u00edses, de reconocer un estado palestino \u201cecha le\u00f1a al fuego antisemita\u201d.<\/p>\n<p>Albanese prometi\u00f3 el lunes que la violencia ser\u00eda enfrentada con \u201cun momento de unidad nacional donde los australianos de todos los \u00e1mbitos abrazar\u00e1n a sus compatriotas australianos de fe jud\u00eda\u201d.<\/p>\n<p><b>\u201cNo hay lugar en Australia para el antisemitismo\u201d, dijo.<\/b><\/p>\n<p>En agosto, Albanese culp\u00f3 a Ir\u00e1n por dos de los ataques anteriores y cort\u00f3 lazos diplom\u00e1ticos con Teher\u00e1n. Las autoridades no han sugerido que Ir\u00e1n estuviera vinculado a la masacre del domingo.<\/p>\n<p>___<\/p>\n<p><i>Esta historia fue traducida del ingl\u00e9s por un editor de AP con la ayuda de una herramienta de inteligencia artificial generativa.<\/i><\/p>\n<\/div>\n\n    <div class=\"xs_social_share_widget xs_share_url after_content \t\tmain_content  wslu-style-1 wslu-share-box-shaped wslu-fill-colored wslu-none wslu-share-horizontal wslu-theme-font-no wslu-main_content\">\n\n\t\t\n        <ul>\n\t\t\t        <\/ul>\n    <\/div> \n","protected":false},"excerpt":{"rendered":"<p>S\u00eddney &#8211; El primer ministro australiano, Anthony Albanese, propuso el lunes endurecer las leyes nacionales de control de armas despu\u00e9s de un tiroteo masivo contra una celebraci\u00f3n de Januc\u00e1 en la playa Bondi de S\u00eddney, y que dej\u00f3 al menos 15 muertos. Albanese dijo que propondr\u00eda nuevas restricciones, como limitar el n\u00famero de armas que<\/p>\n","protected":false},"author":2,"featured_media":17067,"comment_status":"open","ping_status":"open","sticky":false,"template":"","format":"standard","meta":{"om_disable_all_campaigns":false,"_monsterinsights_skip_tracking":false,"_monsterinsights_sitenote_active":false,"_monsterinsights_sitenote_note":"","_monsterinsights_sitenote_category":0,"footnotes":""},"categories":[10],"tags":[],"class_list":["post-17066","post","type-post","status-publish","format-standard","has-post-thumbnail","hentry","category-mundo"],"aioseo_notices":[],"_links":{"self":[{"href":"https:\/\/aleeknews.com\/4l33k5\/wp-json\/wp\/v2\/posts\/17066","targetHints":{"allow":["GET"]}}],"collection":[{"href":"https:\/\/aleeknews.com\/4l33k5\/wp-json\/wp\/v2\/posts"}],"about":[{"href":"https:\/\/aleeknews.com\/4l33k5\/wp-json\/wp\/v2\/types\/post"}],"author":[{"embeddable":true,"href":"https:\/\/aleeknews.com\/4l33k5\/wp-json\/wp\/v2\/users\/2"}],"replies":[{"embeddable":true,"href":"https:\/\/aleeknews.com\/4l33k5\/wp-json\/wp\/v2\/comments?post=17066"}],"version-history":[{"count":0,"href":"https:\/\/aleeknews.com\/4l33k5\/wp-json\/wp\/v2\/posts\/17066\/revisions"}],"wp:featuredmedia":[{"embeddable":true,"href":"https:\/\/aleeknews.com\/4l33k5\/wp-json\/wp\/v2\/media\/17067"}],"wp:attachment":[{"href":"https:\/\/aleeknews.com\/4l33k5\/wp-json\/wp\/v2\/media?parent=17066"}],"wp:term":[{"taxonomy":"category","embeddable":true,"href":"https:\/\/aleeknews.com\/4l33k5\/wp-json\/wp\/v2\/categories?post=17066"},{"taxonomy":"post_tag","embeddable":true,"href":"https:\/\/aleeknews.com\/4l33k5\/wp-json\/wp\/v2\/tags?post=17066"}],"curies":[{"name":"wp","href":"https:\/\/api.w.org\/{rel}","templated":true}]}}