{"id":16862,"date":"2025-12-14T22:42:30","date_gmt":"2025-12-14T21:42:30","guid":{"rendered":"https:\/\/aleeknews.com\/4l33k5\/2025\/12\/14\/ataque-terrorista-en-australia-asciende-a-16-la-cifra-de-muertos\/"},"modified":"2025-12-14T22:42:30","modified_gmt":"2025-12-14T21:42:30","slug":"ataque-terrorista-en-australia-asciende-a-16-la-cifra-de-muertos","status":"publish","type":"post","link":"https:\/\/aleeknews.com\/4l33k5\/2025\/12\/14\/ataque-terrorista-en-australia-asciende-a-16-la-cifra-de-muertos\/","title":{"rendered":"Ataque terrorista en Australia: asciende a 16 la cifra de muertos"},"content":{"rendered":"<div>\n<p><b>S\u00eddney<\/b> &#8211; Un ataque en una de las playas m\u00e1s famosas del mundo <b>dej\u00f3 16 muertos, entre ellos un menor de edad<\/b>, informaron autoridades australianas el lunes, despu\u00e9s de que dos hombres armados abrieran fuego contra una celebraci\u00f3n jud\u00eda en <a href=\"https:\/\/www.elnuevodia.com\/topicos\/sidney\/\" target=\"_blank\" rel=\"noreferrer\" title=\"https:\/\/www.elnuevodia.com\/topicos\/sidney\/\"><b>Sydney<\/b><\/a>. El primer ministro <b>Anthony Albanese<\/b> lo calific\u00f3 como un acto de terrorismo antisemita.<\/p>\n<p><b>Cientos de personas se hab\u00edan reunido en la playa Bondi Beach de Sydney para un evento que celebraba el primer d\u00eda de la festividad jud\u00eda de Januc\u00e1 cuando los hombres armados abrieron fuego.<\/b> Al menos otras 38 personas resultaron heridas en el ataque.<\/p>\n<p>El ministro de Salud de Nueva Gales del Sur, <b>Ryan Park<\/b>, inform\u00f3 que el n\u00famero de muertos hab\u00eda aumentado de 12 a 16 durante la noche, incluyendo un ni\u00f1o de 12 a\u00f1os. Otros tres ni\u00f1os est\u00e1n siendo tratados en el hospital, dijo.<\/p>\n<p>\u201cEsto es absolutamente horrendo para la comunidad en general, pero particularmente para la comunidad jud\u00eda. &#8230; Lo que vimos anoche fue lo peor de la humanidad, pero al mismo tiempo, lo mejor de la humanidad\u201d, declar\u00f3 Park.<\/p>\n<p>La masacre en una de las playas m\u00e1s populares de Australia sigui\u00f3 a una ola de ataques antisemitas que han sacudido al pa\u00eds durante el \u00faltimo a\u00f1o, aunque las autoridades no sugirieron que esos episodios y el tiroteo del domingo estuvieran conectados. Es el tiroteo m\u00e1s mort\u00edfero en casi tres d\u00e9cadas en un pa\u00eds con estrictas leyes de control de armas.<\/p>\n<div>\n<p><b>1 \/ 12 | <\/b><span> Masacre en playa de Australia: dos hombres matan a 11 personas en ataque contra evento jud\u00edo.  Dos hombres armados mataron al menos a 11 personas el domingo durante una celebraci\u00f3n de una festividad jud\u00eda en la playa de Bondi de S\u00eddney, informaron las autoridades australianas.<\/span><i> &#8211; Mark Baker<\/i><\/p>\n<\/div>\n<p>Un hombre armado fue abatido por la polic\u00eda y el segundo, que fue arrestado, se encontraba en estado cr\u00edtico, informaron. La polic\u00eda declar\u00f3 que uno de los hombres armados era conocido por los servicios de seguridad, pero que no hab\u00eda habido una amenaza espec\u00edfica.<\/p>\n<p><b>Al menos 29 personas fueron confirmadas como heridas<\/b>, incluyendo dos polic\u00edas, se\u00f1al\u00f3 Mal Lanyon, comisionado de polic\u00eda del estado de Nueva Gales del Sur, donde se encuentra Sydney.<\/p>\n<p>La polic\u00eda apunt\u00f3 que su operaci\u00f3n estaba \u201cen curso\u201d y que \u201cvarios objetos sospechosos\u201d estaban siendo examinados por agentes especialistas, incluyendo varios dispositivos explosivos improvisados encontrados en el auto de uno de los sospechosos.<\/p>\n<p><h4><b>El tiroteo fue contra una celebraci\u00f3n jud\u00eda<\/b><\/h4>\n<\/p>\n<p><b>\u201cEste ataque fue tramado para atacar a la comunidad jud\u00eda de Sydney\u201d<\/b>, declar\u00f3 el primer ministro del estado, Chris Minns.<\/p>\n<p>La violencia estall\u00f3 al final de un caluroso d\u00eda de verano cuando miles de personas hab\u00edan acudido a la playa de Bondi, incluyendo cientos que se hab\u00edan reunido para un evento llamado Januc\u00e1 junto al Mar, que celebraba el inicio del festival jud\u00edo de Januc\u00e1.<\/p>\n<p>Jabad, un movimiento jud\u00edo ortodoxo conocido por su alcance a jud\u00edos no religiosos, identific\u00f3 a uno de los fallecidos como el rabino Eli Schlanger, rabino asistente de Jabad de Bondi y un organizador clave del evento.<\/p>\n<p>El <b>Ministerio de Relaciones Exteriores<\/b> de <a href=\"https:\/\/www.elnuevodia.com\/topicos\/israel\/\" target=\"_blank\" rel=\"noreferrer\" title=\"https:\/\/www.elnuevodia.com\/topicos\/israel\/\"><b>Israel<\/b><\/a> confirm\u00f3 la muerte de un ciudadano israel\u00ed, pero no dio m\u00e1s detalles.<\/p>\n<p>La polic\u00eda sostuvo que los servicios de emergencia recibieron un aviso para acudir a Campbell Parade alrededor de las 6:45 de la tarde por reportes de disparos. Im\u00e1genes de video filmadas por espectadores mostraron a personas en trajes de ba\u00f1o corriendo desde el agua mientras sonaban los disparos. Im\u00e1genes separadas mostraron a dos hombres con camisetas negras disparando con rifles desde una pasarela que conduce a la playa, mientras sonaban sirenas y la gente gritaba en el fondo.<\/p>\n<p>Un clip dram\u00e1tico aparentemente filmado por un miembro del p\u00fablico y emitido en canales de televisi\u00f3n australianos mostr\u00f3 a alguien que parec\u00eda abordar y desarmar a uno de los hombres armados, antes de apuntarle con el arma que le hab\u00eda quitado, luego colocando el arma en el suelo.<\/p>\n<p>Minns llam\u00f3 al hombre un \u201cverdadero h\u00e9roe\u201d. El hombre fue identificado por sus familiares como Ahmed al Ahmed, due\u00f1o de una fruter\u00eda, seg\u00fan medios australianos.<\/p>\n<p><h4><b>Testigos huyeron y se escondieron mientras sonaban los disparos<\/b><\/h4>\n<\/p>\n<p>Arsen Ostrovsky, un abogado que asist\u00eda a la ceremonia de Januc\u00e1 con su esposa e hijas, fue rozado en la cabeza por una bala. Relat\u00f3 que se mud\u00f3 de Israel a Australia hace dos semanas para trabajar en un grupo de defensa jud\u00edo.<\/p>\n<p>\u201cLo que vi hoy fue pura maldad, simplemente un ba\u00f1o de sangre absoluto. Cuerpos esparcidos por todas partes\u201d, dijo a The Associated Press en un correo electr\u00f3nico desde el hospital. \u201cFue como revivir el 7 de octubre de nuevo\u201d.<\/p>\n<p>\u201cNunca pens\u00e9 que ser\u00eda posible aqu\u00ed en Australia\u201d.<\/p>\n<p>Lachlan Moran, de 32 a\u00f1os, de Melbourne, estaba esperando a su familia cerca cuando oy\u00f3 disparos, dijo a The Associated Press. Dej\u00f3 caer la cerveza que llevaba para su hermano y corri\u00f3.<\/p>\n<p>\u201cCorr\u00ed tan r\u00e1pido como pude\u201d, relat\u00f3 Moran. Sostuvo que oy\u00f3 disparos intermitentes durante unos cinco minutos. \u201cTodos simplemente dejaron caer todas sus pertenencias y todo y corr\u00edan y la gente lloraba y fue simplemente horrible\u201d.<\/p>\n<p><h4><b>L\u00edder australiano expresa conmoci\u00f3n y dolor; l\u00edderes mundiales condenan el ataque<\/b><\/h4>\n<\/p>\n<p>El primer ministro Anthony Albanese se expres\u00f3 \u201cdevastado\u201d por la masacre.<\/p>\n<p>\u201cEste es un ataque dirigido a los australianos jud\u00edos en el primer d\u00eda de Januc\u00e1, que deber\u00eda ser un d\u00eda de alegr\u00eda, una celebraci\u00f3n de fe. Un acto de maldad, antisemitismo, terrorismo que ha golpeado el coraz\u00f3n de nuestra naci\u00f3n\u201d, dijo Albanese a los periodistas en Canberra.<\/p>\n<p>Prometi\u00f3 que la violencia ser\u00e1 enfrentada con \u201cun momento de unidad nacional donde los australianos de todos los \u00e1mbitos abrazar\u00e1n a sus compatriotas australianos de fe jud\u00eda\u201d.<\/p>\n<p>El rey Carlos III declar\u00f3 que \u00e9l y la reina Camila estaban \u201chorrorizados y entristecidos por el m\u00e1s terrible ataque terrorista antisemita\u201d.<\/p>\n<p>El secretario general de las Naciones Unidas, Ant\u00f3nio Guterres, dijo en X que estaba horrorizado, y que su \u201ccoraz\u00f3n est\u00e1 con la comunidad jud\u00eda en todo el mundo\u201d.<\/p>\n<p>El secretario de Estado de Estados Unidos Marco Rubio dijo en una publicaci\u00f3n en X que \u201cEstados Unidos condena en\u00e9rgicamente el ataque terrorista en Australia dirigido a una celebraci\u00f3n jud\u00eda. El antisemitismo no tiene lugar en este mundo\u201d.<\/p>\n<p>Polic\u00edas en ciudades de todo el mundo, incluyendo Londres, avisaron que aumentar\u00edan la seguridad en sitios jud\u00edos.<\/p>\n<p><h4><b>Los ataques antisemitas han sacudido a Australia<\/b><\/h4>\n<\/p>\n<p>Australia, un pa\u00eds de 28 millones de habitantes, alberga a unos 117,000 jud\u00edos, seg\u00fan cifras oficiales. Los incidentes antisemitas, incluidos asaltos, vandalismo, amenazas e intimidaci\u00f3n, se triplicaron en el pa\u00eds durante el a\u00f1o posterior al ataque de Ham\u00e1s a Israel el 7 de octubre de 2023, inform\u00f3 en julio Jillian Segal, la enviada especial del gobierno para combatir el antisemitismo.<\/p>\n<p>Durante el a\u00f1o pasado, el pa\u00eds fue sacudido por una serie de ataques antisemitas en Sydney y Melbourne. Sinagogas y autos fueron incendiados, negocios y hogares fueron grafiteados y jud\u00edos fueron atacados en esas ciudades, donde vive el 85% de la poblaci\u00f3n jud\u00eda de la naci\u00f3n.<\/p>\n<p>Albanese en agosto culp\u00f3 a Ir\u00e1n por dos de los ataques y cort\u00f3 los lazos diplom\u00e1ticos con Teher\u00e1n.<\/p>\n<p>El pastor Matt Graham estaba llevando a cabo un servicio en la Iglesia Anglicana de Bondi cuando personas en p\u00e1nico comenzaron a entrar en busca de refugio. Declar\u00f3 que el antisemitismo ha estado gest\u00e1ndose en los suburbios del este de Sydney, incluyendo Bondi, donde se centra la comunidad jud\u00eda.<\/p>\n<p>\u201cEstoy rodeado constantemente de grafitis antisemitas. Creo que para nuestra comunidad en el este (de Sydney), y como cristiano, solo quiero declarar que estoy con el pueblo de Israel\u201d, dijo Graham a la Australian Broadcasting Corp.<\/p>\n<p>Israel inst\u00f3 al gobierno de Australia a abordar los cr\u00edmenes dirigidos a los jud\u00edos. El primer ministro Benjamin Netanyahu expres\u00f3 que advirti\u00f3 a los l\u00edderes de Australia hace meses en una carta sobre los peligros de no tomar medidas contra el antisemitismo. Afirm\u00f3 que la decisi\u00f3n de Australia \u2014en l\u00ednea con decenas de otros pa\u00edses\u2014 de reconocer un estado palestino \u201cecha le\u00f1a al fuego antisemita\u201d.<\/p>\n<p>\u201cSu gobierno no hizo nada para detener la propagaci\u00f3n del antisemitismo en Australia &#8230; y el resultado son los horribles ataques a jud\u00edos que vimos hoy\u201d, indic\u00f3 Netanyahu.<\/p>\n<p><h4><b>Las muertes por tiroteos en Australia son raras<\/b><\/h4>\n<\/p>\n<p>Las muertes por tiroteos masivos en Australia son extremadamente raras. Una masacre en 1996 en la ciudad de Port Arthur, Tasmania, donde un \u00fanico hombre armado mat\u00f3 a 35 personas, llev\u00f3 al gobierno a endurecer dr\u00e1sticamente las leyes de armas y dificult\u00f3 mucho m\u00e1s que los australianos adquirieran armas de fuego.<\/p>\n<p>Tiroteos masivos significativos en este siglo incluyeron dos asesinatos-suicidios con un saldo de cinco personas en 2014, y siete en 2018, en los que los hombres armados mataron a sus propias familias y a s\u00ed mismos.<\/p>\n<p>En 2022, seis personas fueron asesinadas en un tiroteo entre la polic\u00eda y extremistas cristianos en una propiedad rural en el estado de Queensland.<\/p>\n<\/div>\n\n    <div class=\"xs_social_share_widget xs_share_url after_content \t\tmain_content  wslu-style-1 wslu-share-box-shaped wslu-fill-colored wslu-none wslu-share-horizontal wslu-theme-font-no wslu-main_content\">\n\n\t\t\n        <ul>\n\t\t\t        <\/ul>\n    <\/div> \n","protected":false},"excerpt":{"rendered":"<p>S\u00eddney &#8211; Un ataque en una de las playas m\u00e1s famosas del mundo dej\u00f3 16 muertos, entre ellos un menor de edad, informaron autoridades australianas el lunes, despu\u00e9s de que dos hombres armados abrieran fuego contra una celebraci\u00f3n jud\u00eda en Sydney . El primer ministro Anthony Albanese lo calific\u00f3 como un acto de terrorismo antisemita.<\/p>\n","protected":false},"author":2,"featured_media":16863,"comment_status":"open","ping_status":"open","sticky":false,"template":"","format":"standard","meta":{"om_disable_all_campaigns":false,"_monsterinsights_skip_tracking":false,"_monsterinsights_sitenote_active":false,"_monsterinsights_sitenote_note":"","_monsterinsights_sitenote_category":0,"footnotes":""},"categories":[10],"tags":[],"class_list":["post-16862","post","type-post","status-publish","format-standard","has-post-thumbnail","hentry","category-mundo"],"aioseo_notices":[],"_links":{"self":[{"href":"https:\/\/aleeknews.com\/4l33k5\/wp-json\/wp\/v2\/posts\/16862","targetHints":{"allow":["GET"]}}],"collection":[{"href":"https:\/\/aleeknews.com\/4l33k5\/wp-json\/wp\/v2\/posts"}],"about":[{"href":"https:\/\/aleeknews.com\/4l33k5\/wp-json\/wp\/v2\/types\/post"}],"author":[{"embeddable":true,"href":"https:\/\/aleeknews.com\/4l33k5\/wp-json\/wp\/v2\/users\/2"}],"replies":[{"embeddable":true,"href":"https:\/\/aleeknews.com\/4l33k5\/wp-json\/wp\/v2\/comments?post=16862"}],"version-history":[{"count":0,"href":"https:\/\/aleeknews.com\/4l33k5\/wp-json\/wp\/v2\/posts\/16862\/revisions"}],"wp:featuredmedia":[{"embeddable":true,"href":"https:\/\/aleeknews.com\/4l33k5\/wp-json\/wp\/v2\/media\/16863"}],"wp:attachment":[{"href":"https:\/\/aleeknews.com\/4l33k5\/wp-json\/wp\/v2\/media?parent=16862"}],"wp:term":[{"taxonomy":"category","embeddable":true,"href":"https:\/\/aleeknews.com\/4l33k5\/wp-json\/wp\/v2\/categories?post=16862"},{"taxonomy":"post_tag","embeddable":true,"href":"https:\/\/aleeknews.com\/4l33k5\/wp-json\/wp\/v2\/tags?post=16862"}],"curies":[{"name":"wp","href":"https:\/\/api.w.org\/{rel}","templated":true}]}}