{"id":16389,"date":"2025-12-05T19:43:17","date_gmt":"2025-12-05T18:43:17","guid":{"rendered":"https:\/\/aleeknews.com\/4l33k5\/2025\/12\/05\/hebra-beauty-studio-abre-en-garden-hills-plaza-2\/"},"modified":"2025-12-05T19:43:17","modified_gmt":"2025-12-05T18:43:17","slug":"hebra-beauty-studio-abre-en-garden-hills-plaza-2","status":"publish","type":"post","link":"https:\/\/aleeknews.com\/4l33k5\/2025\/12\/05\/hebra-beauty-studio-abre-en-garden-hills-plaza-2\/","title":{"rendered":"Hebra Beauty Studio abre en Garden Hills Plaza"},"content":{"rendered":"<div>\n<div data-testid=\"global-header-test\" data-fusion-lazy-id=\"f0f5G41E11Y61Ck\">\n<hr>\n<p><span>Bolsa de valores <b>06:36 PM<\/b><\/span><\/p>\n<\/div>\n<div>\n<div data-fusion-lazy-id=\"f0f9tfiOw0362nv\">\n<div class>\n<p><a href=\"https:\/\/thetrustproject.org\/\"><img decoding=\"async\" src=\"https:\/\/www.elnuevodia.com\/pf\/resources\/v2\/icons\/trust-icon.svg?d=217\"><\/a><\/p>\n<div>\n<p>Noticia<\/p>\n<div>\n<p>Basado en hechos que el periodista haya observado y verificado de primera mano, o en informaci\u00f3n verificada que proviene de fuentes bien informadas.<\/p>\n<\/div>\n<\/div>\n<\/div>\n<div>\n<h2>El nuevo sal\u00f3n especializado en tratamientos capilares para toda la familia es liderado por Nicole M. Ygart\u00faa y V\u00edctor J. Curet, vicepresidente de Farmacias Caridad<\/h2>\n<div>\n<p>5 de diciembre de 2025 &#8211; 11:00 AM<\/p>\n<\/div>\n<\/div>\n<\/div>\n<div data-fusion-lazy-id=\"f0f8wxHIPTYNet\">\n<div><picture><source media=\"(max-width: 375px)\" ><source media=\"(max-width: 767px)\" ><source media=\"(max-width: 1023px)\" ><source ><\/picture><figcaption>Hebra Beauty Studio est\u00e1 ubicado en el espacio que por unas tres d\u00e9cadas operaba otro establecimiento de estilismo llamado Bellissima, en el Garden Hills PLaza, en Guaynabo. <span>(Suministrada)<\/span><\/figcaption><\/div>\n<div>\n<p><img decoding=\"async\" alt=\"Efra\u00edn Montalb\u00e1n R\u00edos\" src=\"https:\/\/www.elnuevodia.com\/resizer\/v2\/https%3A%2F%2Fauthor-service-images-prod-us-east-1.publishing.aws.arc.pub%2Fgfrmedia%2Fb846106f-313f-4fa3-8690-8169fec53277.png?auth=b672eb01840f63d170a79ae205ccc29a2f694f1bb849b72693c84ad2cc16b7a1&#038;quality=75&#038;smart=true&#038;width=170&#038;height=147\"><\/p>\n<\/div>\n<div>\n<p>Esta semana inaugur\u00f3 en Garden Hills Plaza el sal\u00f3n de belleza Hebra Beauty Studio, un establecimiento especializado en tratamientos org\u00e1nicos para trabajar con el cabello de damas, caballeros y ni\u00f1os.<\/p>\n<\/div>\n<\/div>\n<section>\n<header><span>Popular en la Comunidad<\/span><\/header>\n<\/section>\n<\/div>\n<\/div>\n\n    <div class=\"xs_social_share_widget xs_share_url after_content \t\tmain_content  wslu-style-1 wslu-share-box-shaped wslu-fill-colored wslu-none wslu-share-horizontal wslu-theme-font-no wslu-main_content\">\n\n\t\t\n        <ul>\n\t\t\t        <\/ul>\n    <\/div> \n","protected":false},"excerpt":{"rendered":"<p>Bolsa de valores 06:36 PM Noticia Basado en hechos que el periodista haya observado y verificado de primera mano, o en informaci\u00f3n verificada que proviene de fuentes bien informadas. El nuevo sal\u00f3n especializado en tratamientos capilares para toda la familia es liderado por Nicole M. Ygart\u00faa y V\u00edctor J. Curet, vicepresidente de Farmacias Caridad 5<\/p>\n","protected":false},"author":2,"featured_media":0,"comment_status":"open","ping_status":"open","sticky":false,"template":"","format":"standard","meta":{"om_disable_all_campaigns":false,"_monsterinsights_skip_tracking":false,"_monsterinsights_sitenote_active":false,"_monsterinsights_sitenote_note":"","_monsterinsights_sitenote_category":0,"footnotes":""},"categories":[5],"tags":[],"class_list":["post-16389","post","type-post","status-publish","format-standard","hentry","category-negocios"],"aioseo_notices":[],"_links":{"self":[{"href":"https:\/\/aleeknews.com\/4l33k5\/wp-json\/wp\/v2\/posts\/16389","targetHints":{"allow":["GET"]}}],"collection":[{"href":"https:\/\/aleeknews.com\/4l33k5\/wp-json\/wp\/v2\/posts"}],"about":[{"href":"https:\/\/aleeknews.com\/4l33k5\/wp-json\/wp\/v2\/types\/post"}],"author":[{"embeddable":true,"href":"https:\/\/aleeknews.com\/4l33k5\/wp-json\/wp\/v2\/users\/2"}],"replies":[{"embeddable":true,"href":"https:\/\/aleeknews.com\/4l33k5\/wp-json\/wp\/v2\/comments?post=16389"}],"version-history":[{"count":0,"href":"https:\/\/aleeknews.com\/4l33k5\/wp-json\/wp\/v2\/posts\/16389\/revisions"}],"wp:attachment":[{"href":"https:\/\/aleeknews.com\/4l33k5\/wp-json\/wp\/v2\/media?parent=16389"}],"wp:term":[{"taxonomy":"category","embeddable":true,"href":"https:\/\/aleeknews.com\/4l33k5\/wp-json\/wp\/v2\/categories?post=16389"},{"taxonomy":"post_tag","embeddable":true,"href":"https:\/\/aleeknews.com\/4l33k5\/wp-json\/wp\/v2\/tags?post=16389"}],"curies":[{"name":"wp","href":"https:\/\/api.w.org\/{rel}","templated":true}]}}