{"id":16369,"date":"2025-12-05T19:42:37","date_gmt":"2025-12-05T18:42:37","guid":{"rendered":"https:\/\/aleeknews.com\/4l33k5\/2025\/12\/05\/donald-trump-confirma-que-no-se-reunira-con-putin-no-quiere-que-sea-una-perdida-de-tiempo\/"},"modified":"2025-12-05T19:42:37","modified_gmt":"2025-12-05T18:42:37","slug":"donald-trump-confirma-que-no-se-reunira-con-putin-no-quiere-que-sea-una-perdida-de-tiempo","status":"publish","type":"post","link":"https:\/\/aleeknews.com\/4l33k5\/2025\/12\/05\/donald-trump-confirma-que-no-se-reunira-con-putin-no-quiere-que-sea-una-perdida-de-tiempo\/","title":{"rendered":"Donald Trump confirma que no se reunir\u00e1 con Putin; no quiere que sea una \u201cp\u00e9rdida de tiempo\u201d"},"content":{"rendered":"<div>\n<div data-fusion-lazy-id=\"f0fQYcNoHQKSGL\">\n<div class>\n<p><a href=\"https:\/\/thetrustproject.org\/\"><img decoding=\"async\" src=\"https:\/\/www.elnuevodia.com\/pf\/resources\/v2\/icons\/trust-icon.svg?d=217\"><\/a><\/p>\n<div>\n<p>Servicio de noticias<\/p>\n<div>\n<p>Producido externamente por una organizaci\u00f3n que confiamos cumple con las normas period\u00edsticas.<\/p>\n<\/div>\n<\/div>\n<\/div>\n<div>\n<h2>La pausa surgi\u00f3 luego de una llamada entre el secretario de Estado, Marco Rubio, y el canciller ruso, Sergu\u00e9i Lavrov <\/h2>\n<div>\n<p>21 de octubre de 2025 &#8211; 2:06 PM<\/p>\n<\/div>\n<div>\n<p><b>Archivo<\/b><\/p>\n<p>Esta historia fue publicada hace m\u00e1s de 1 mes.<\/p>\n<\/div>\n<\/div>\n<\/div>\n<div data-fusion-lazy-id=\"f0fIYaQF9GLV14D\">\n<div><picture><source media=\"(max-width: 375px)\" ><source media=\"(max-width: 767px)\" ><source media=\"(max-width: 1023px)\" ><source ><\/picture><figcaption>Las idas y venidas sobre los planes de Trump son el m\u00e1s reciente obst\u00e1culo en los esfuerzos del mandatario por resolver un conflicto que lleva ya casi cuatro a\u00f1os.  <span>(Julia Demaree Nikhinson)<\/span><\/figcaption><\/div>\n<div>\n<p><span>Por <b><\/b><b>The Associated Press<\/b><\/span><\/p>\n<p><span>Agencia de noticias<\/span><\/p>\n<\/div>\n<div>\n<p>El presidente <a href=\"https:\/\/www.elnuevodia.com\/topicos\/donald-trump\/\" target=\"_blank\" rel=\"noreferrer\" title=\"https:\/\/www.elnuevodia.com\/topicos\/donald-trump\/\"><b>Donald Trump<\/b><\/a> confirm\u00f3 el martes que sus planes de sostener una reuni\u00f3n con su hom\u00f3logo ruso <a href=\"https:\/\/www.elnuevodia.com\/topicos\/vladimir-putin\/\" target=\"_blank\" rel=\"noreferrer\" title=\"https:\/\/www.elnuevodia.com\/topicos\/vladimir-putin\/\"><b>Vlad\u00edmir Putin<\/b><\/a> quedaron suspendidos debido a que no quiere que el encuentro sea una <b>\u201cp\u00e9rdida de tiempo\u201d<\/b>, lo que representa el m\u00e1s reciente giro en los intermitentes esfuerzos del mandatario estadounidense por poner fin a la <a href=\"https:\/\/www.elnuevodia.com\/topicos\/conflicto-en-ucrania\/\" target=\"_blank\" rel=\"noreferrer\" title=\"https:\/\/www.elnuevodia.com\/topicos\/conflicto-en-ucrania\/\"><b>guerra en Ucrania<\/b><\/a>.<\/p>\n<\/div>\n<\/div>\n<section>\n<header><span>Popular en la Comunidad<\/span><\/header>\n<\/section>\n<\/div>\n\n    <div class=\"xs_social_share_widget xs_share_url after_content \t\tmain_content  wslu-style-1 wslu-share-box-shaped wslu-fill-colored wslu-none wslu-share-horizontal wslu-theme-font-no wslu-main_content\">\n\n\t\t\n        <ul>\n\t\t\t        <\/ul>\n    <\/div> \n","protected":false},"excerpt":{"rendered":"<p>Servicio de noticias Producido externamente por una organizaci\u00f3n que confiamos cumple con las normas period\u00edsticas. La pausa surgi\u00f3 luego de una llamada entre el secretario de Estado, Marco Rubio, y el canciller ruso, Sergu\u00e9i Lavrov 21 de octubre de 2025 &#8211; 2:06 PM Archivo Esta historia fue publicada hace m\u00e1s de 1 mes. Las idas<\/p>\n","protected":false},"author":2,"featured_media":16370,"comment_status":"open","ping_status":"open","sticky":false,"template":"","format":"standard","meta":{"om_disable_all_campaigns":false,"_monsterinsights_skip_tracking":false,"_monsterinsights_sitenote_active":false,"_monsterinsights_sitenote_note":"","_monsterinsights_sitenote_category":0,"footnotes":""},"categories":[10],"tags":[],"class_list":["post-16369","post","type-post","status-publish","format-standard","has-post-thumbnail","hentry","category-mundo"],"aioseo_notices":[],"_links":{"self":[{"href":"https:\/\/aleeknews.com\/4l33k5\/wp-json\/wp\/v2\/posts\/16369","targetHints":{"allow":["GET"]}}],"collection":[{"href":"https:\/\/aleeknews.com\/4l33k5\/wp-json\/wp\/v2\/posts"}],"about":[{"href":"https:\/\/aleeknews.com\/4l33k5\/wp-json\/wp\/v2\/types\/post"}],"author":[{"embeddable":true,"href":"https:\/\/aleeknews.com\/4l33k5\/wp-json\/wp\/v2\/users\/2"}],"replies":[{"embeddable":true,"href":"https:\/\/aleeknews.com\/4l33k5\/wp-json\/wp\/v2\/comments?post=16369"}],"version-history":[{"count":0,"href":"https:\/\/aleeknews.com\/4l33k5\/wp-json\/wp\/v2\/posts\/16369\/revisions"}],"wp:featuredmedia":[{"embeddable":true,"href":"https:\/\/aleeknews.com\/4l33k5\/wp-json\/wp\/v2\/media\/16370"}],"wp:attachment":[{"href":"https:\/\/aleeknews.com\/4l33k5\/wp-json\/wp\/v2\/media?parent=16369"}],"wp:term":[{"taxonomy":"category","embeddable":true,"href":"https:\/\/aleeknews.com\/4l33k5\/wp-json\/wp\/v2\/categories?post=16369"},{"taxonomy":"post_tag","embeddable":true,"href":"https:\/\/aleeknews.com\/4l33k5\/wp-json\/wp\/v2\/tags?post=16369"}],"curies":[{"name":"wp","href":"https:\/\/api.w.org\/{rel}","templated":true}]}}