{"id":16183,"date":"2025-12-01T18:43:18","date_gmt":"2025-12-01T17:43:18","guid":{"rendered":"https:\/\/aleeknews.com\/4l33k5\/2025\/12\/01\/mas-viajeros-procedentes-de-colombia-canada-y-mexico-llegan-a-puerto-rico\/"},"modified":"2025-12-01T18:43:18","modified_gmt":"2025-12-01T17:43:18","slug":"mas-viajeros-procedentes-de-colombia-canada-y-mexico-llegan-a-puerto-rico","status":"publish","type":"post","link":"https:\/\/aleeknews.com\/4l33k5\/2025\/12\/01\/mas-viajeros-procedentes-de-colombia-canada-y-mexico-llegan-a-puerto-rico\/","title":{"rendered":"M\u00e1s viajeros procedentes de Colombia, Canad\u00e1 y M\u00e9xico llegan a Puerto Rico"},"content":{"rendered":"<div>\n<div data-testid=\"global-header-test\" data-fusion-lazy-id=\"f0f5G41E11Y61Ck\">\n<hr>\n<p><span>Bolsa de valores <b>05:43 PM<\/b><\/span><\/p>\n<\/div>\n<div>\n<div data-fusion-lazy-id=\"f0f9tfiOw0362nv\">\n<div class>\n<p><a href=\"https:\/\/thetrustproject.org\/\"><img decoding=\"async\" src=\"https:\/\/www.elnuevodia.com\/pf\/resources\/v2\/icons\/trust-icon.svg?d=217\"><\/a><\/p>\n<div>\n<p>Se adhiere a los criterios de The Trust Project<\/p>\n<\/div>\n<\/div>\n<div>\n<h2>Las llegadas internacionales incrementaron 6% durante el primer trimestre de este a\u00f1o<\/h2>\n<div>\n<p>6 de junio de 2023 &#8211; 7:34 AM<\/p>\n<div>\n<p><img decoding=\"async\" src=\"https:\/\/www.elnuevodia.com\/pf\/resources\/images\/el-nuevo-dia\/Down-Right-Arrow.png?d=217\" alt=\"Updated At\"><\/p>\n<p>Actualizado el 6 de junio de 2023 &#8211; 3:44 PM<\/p>\n<\/div>\n<\/div>\n<div>\n<p><b>Archivo<\/b><\/p>\n<p>Esta historia fue publicada hace m\u00e1s de 2 a\u00f1os.<\/p>\n<\/div>\n<\/div>\n<\/div>\n<div data-fusion-lazy-id=\"f0f8wxHIPTYNet\">\n<div><picture><source media=\"(max-width: 375px)\" ><source media=\"(max-width: 767px)\" ><source media=\"(max-width: 1023px)\" ><source ><\/picture><figcaption>A partir de marzo, las llegadas internacionales a Puerto Rico son un 3% m\u00e1s altas que durante el mismo mes de 2019. <span>(tonito.zayas@gfmedia.com)<\/span><\/figcaption><\/div>\n<div>\n<p>Puerto Rico registr\u00f3 un alza de 6% en la llegada de vuelos internacionales al aeropuerto Luis Mu\u00f1oz Mar\u00edn, en Isla Verde, durante el primer trimestre de este a\u00f1o, inform\u00f3 <a href=\"https:\/\/www.elnuevodia.com\/topicos\/dmo\/\" target=\"_blank\"><b>Discover Puerto Rico<\/b><\/a>, la organizaci\u00f3n de mercadeo del destino (DMO, por sus siglas en ingl\u00e9s).<\/p>\n<\/div>\n<\/div>\n<section>\n<header><span>Popular en la Comunidad<\/span><\/header>\n<\/section>\n<\/div>\n<\/div>\n\n    <div class=\"xs_social_share_widget xs_share_url after_content \t\tmain_content  wslu-style-1 wslu-share-box-shaped wslu-fill-colored wslu-none wslu-share-horizontal wslu-theme-font-no wslu-main_content\">\n\n\t\t\n        <ul>\n\t\t\t        <\/ul>\n    <\/div> \n","protected":false},"excerpt":{"rendered":"<p>Bolsa de valores 05:43 PM Se adhiere a los criterios de The Trust Project Las llegadas internacionales incrementaron 6% durante el primer trimestre de este a\u00f1o 6 de junio de 2023 &#8211; 7:34 AM Actualizado el 6 de junio de 2023 &#8211; 3:44 PM Archivo Esta historia fue publicada hace m\u00e1s de 2 a\u00f1os. A<\/p>\n","protected":false},"author":2,"featured_media":16184,"comment_status":"open","ping_status":"open","sticky":false,"template":"","format":"standard","meta":{"om_disable_all_campaigns":false,"_monsterinsights_skip_tracking":false,"_monsterinsights_sitenote_active":false,"_monsterinsights_sitenote_note":"","_monsterinsights_sitenote_category":0,"footnotes":""},"categories":[5],"tags":[],"class_list":["post-16183","post","type-post","status-publish","format-standard","has-post-thumbnail","hentry","category-negocios"],"aioseo_notices":[],"_links":{"self":[{"href":"https:\/\/aleeknews.com\/4l33k5\/wp-json\/wp\/v2\/posts\/16183","targetHints":{"allow":["GET"]}}],"collection":[{"href":"https:\/\/aleeknews.com\/4l33k5\/wp-json\/wp\/v2\/posts"}],"about":[{"href":"https:\/\/aleeknews.com\/4l33k5\/wp-json\/wp\/v2\/types\/post"}],"author":[{"embeddable":true,"href":"https:\/\/aleeknews.com\/4l33k5\/wp-json\/wp\/v2\/users\/2"}],"replies":[{"embeddable":true,"href":"https:\/\/aleeknews.com\/4l33k5\/wp-json\/wp\/v2\/comments?post=16183"}],"version-history":[{"count":0,"href":"https:\/\/aleeknews.com\/4l33k5\/wp-json\/wp\/v2\/posts\/16183\/revisions"}],"wp:featuredmedia":[{"embeddable":true,"href":"https:\/\/aleeknews.com\/4l33k5\/wp-json\/wp\/v2\/media\/16184"}],"wp:attachment":[{"href":"https:\/\/aleeknews.com\/4l33k5\/wp-json\/wp\/v2\/media?parent=16183"}],"wp:term":[{"taxonomy":"category","embeddable":true,"href":"https:\/\/aleeknews.com\/4l33k5\/wp-json\/wp\/v2\/categories?post=16183"},{"taxonomy":"post_tag","embeddable":true,"href":"https:\/\/aleeknews.com\/4l33k5\/wp-json\/wp\/v2\/tags?post=16183"}],"curies":[{"name":"wp","href":"https:\/\/api.w.org\/{rel}","templated":true}]}}