{"id":16181,"date":"2025-12-01T18:43:19","date_gmt":"2025-12-01T17:43:19","guid":{"rendered":"https:\/\/aleeknews.com\/4l33k5\/2025\/12\/01\/arrancan-los-vuelos-charter-desde-san-juan-a-punta-cana-cancun-y-medellin\/"},"modified":"2025-12-01T18:43:19","modified_gmt":"2025-12-01T17:43:19","slug":"arrancan-los-vuelos-charter-desde-san-juan-a-punta-cana-cancun-y-medellin","status":"publish","type":"post","link":"https:\/\/aleeknews.com\/4l33k5\/2025\/12\/01\/arrancan-los-vuelos-charter-desde-san-juan-a-punta-cana-cancun-y-medellin\/","title":{"rendered":"Arrancan los vuelos ch\u00e1rter desde San Juan a Punta Cana, Canc\u00fan y Medell\u00edn"},"content":{"rendered":"<div>\n<div data-testid=\"global-header-test\" data-fusion-lazy-id=\"f0f5G41E11Y61Ck\">\n<hr>\n<p><span>Bolsa de valores <b>05:43 PM<\/b><\/span><\/p>\n<\/div>\n<div>\n<div data-fusion-lazy-id=\"f0f9tfiOw0362nv\">\n<div class>\n<p><a href=\"https:\/\/thetrustproject.org\/\"><img decoding=\"async\" src=\"https:\/\/www.elnuevodia.com\/pf\/resources\/v2\/icons\/trust-icon.svg?d=217\"><\/a><\/p>\n<div>\n<p>Se adhiere a los criterios de The Trust Project<\/p>\n<\/div>\n<\/div>\n<div>\n<h2>E-Vacations sostuvo que la demanda increment\u00f3 un 30% respecto a 2022 <\/h2>\n<div>\n<p>17 de mayo de 2023 &#8211; 10:20 AM<\/p>\n<\/div>\n<div>\n<p><b>Archivo<\/b><\/p>\n<p>Esta historia fue publicada hace m\u00e1s de 2 a\u00f1os.<\/p>\n<\/div>\n<\/div>\n<\/div>\n<div data-fusion-lazy-id=\"f0f8wxHIPTYNet\">\n<div><picture><source media=\"(max-width: 375px)\" ><source media=\"(max-width: 767px)\" ><source media=\"(max-width: 1023px)\" ><source ><\/picture><figcaption>Los vuelos ch\u00e1rter de E-Vacations son operados por la aerol\u00ednea Swift Air desde el aeropuerto internacional Luis Mu\u00f1oz Mar\u00edn, en Isla Verde. <span>(GFR Media)<\/span><\/figcaption><\/div>\n<div>\n<p><img decoding=\"async\" alt=\"Jos\u00e9 Orlando Delgado Rivera\" src=\"https:\/\/www.elnuevodia.com\/resizer\/v2\/https%3A%2F%2Fauthor-service-images-prod-us-east-1.publishing.aws.arc.pub%2Fgfrmedia%2F2b8b5e66-e7c1-4688-835e-191edae0ddfc.png?auth=5b4a7e8f482dddd87f58128de8eceac558550d1b57d5661fab3e195e38c75053&#038;quality=75&#038;smart=true&#038;width=170&#038;height=147\"><\/p>\n<\/div>\n<div>\n<p>Con un incremento de 30% en la demanda, los vuelos ch\u00e1rter desde San Juan a<b> <\/b>Punta Cana, Canc\u00fan y Medell\u00edn y que opera la agencia de viajes mayorista <a href=\"https:\/\/www.google.com\/url?sa=t&#038;rct=j&#038;q=&#038;esrc=s&#038;source=web&#038;cd=&#038;cad=rja&#038;uact=8&#038;ved=2ahUKEwjtwIu07738AhXbSDABHeSDBOIQFnoECAwQAQ&#038;url=https%3A%2F%2Fwww.elnuevodia.com%2Fde-viaje%2Fdestinos%2Fnotas%2Fhistorico-vuelo-directo-entre-san-juan-y-medellin%2F&#038;usg=AOvVaw3zZFf3-UH_PBZ8kASLTu2-\"><b>E-Vacations<\/b><\/a> arrancar\u00e1n el pr\u00f3ximo 25 de mayo.<\/p>\n<\/div>\n<\/div>\n<section>\n<header><span>Popular en la Comunidad<\/span><\/header>\n<\/section>\n<\/div>\n<\/div>\n\n    <div class=\"xs_social_share_widget xs_share_url after_content \t\tmain_content  wslu-style-1 wslu-share-box-shaped wslu-fill-colored wslu-none wslu-share-horizontal wslu-theme-font-no wslu-main_content\">\n\n\t\t\n        <ul>\n\t\t\t        <\/ul>\n    <\/div> \n","protected":false},"excerpt":{"rendered":"<p>Bolsa de valores 05:43 PM Se adhiere a los criterios de The Trust Project E-Vacations sostuvo que la demanda increment\u00f3 un 30% respecto a 2022 17 de mayo de 2023 &#8211; 10:20 AM Archivo Esta historia fue publicada hace m\u00e1s de 2 a\u00f1os. Los vuelos ch\u00e1rter de E-Vacations son operados por la aerol\u00ednea Swift Air<\/p>\n","protected":false},"author":2,"featured_media":16182,"comment_status":"open","ping_status":"open","sticky":false,"template":"","format":"standard","meta":{"om_disable_all_campaigns":false,"_monsterinsights_skip_tracking":false,"_monsterinsights_sitenote_active":false,"_monsterinsights_sitenote_note":"","_monsterinsights_sitenote_category":0,"footnotes":""},"categories":[5],"tags":[],"class_list":["post-16181","post","type-post","status-publish","format-standard","has-post-thumbnail","hentry","category-negocios"],"aioseo_notices":[],"_links":{"self":[{"href":"https:\/\/aleeknews.com\/4l33k5\/wp-json\/wp\/v2\/posts\/16181","targetHints":{"allow":["GET"]}}],"collection":[{"href":"https:\/\/aleeknews.com\/4l33k5\/wp-json\/wp\/v2\/posts"}],"about":[{"href":"https:\/\/aleeknews.com\/4l33k5\/wp-json\/wp\/v2\/types\/post"}],"author":[{"embeddable":true,"href":"https:\/\/aleeknews.com\/4l33k5\/wp-json\/wp\/v2\/users\/2"}],"replies":[{"embeddable":true,"href":"https:\/\/aleeknews.com\/4l33k5\/wp-json\/wp\/v2\/comments?post=16181"}],"version-history":[{"count":0,"href":"https:\/\/aleeknews.com\/4l33k5\/wp-json\/wp\/v2\/posts\/16181\/revisions"}],"wp:featuredmedia":[{"embeddable":true,"href":"https:\/\/aleeknews.com\/4l33k5\/wp-json\/wp\/v2\/media\/16182"}],"wp:attachment":[{"href":"https:\/\/aleeknews.com\/4l33k5\/wp-json\/wp\/v2\/media?parent=16181"}],"wp:term":[{"taxonomy":"category","embeddable":true,"href":"https:\/\/aleeknews.com\/4l33k5\/wp-json\/wp\/v2\/categories?post=16181"},{"taxonomy":"post_tag","embeddable":true,"href":"https:\/\/aleeknews.com\/4l33k5\/wp-json\/wp\/v2\/tags?post=16181"}],"curies":[{"name":"wp","href":"https:\/\/api.w.org\/{rel}","templated":true}]}}