{"id":16174,"date":"2025-12-01T18:43:23","date_gmt":"2025-12-01T17:43:23","guid":{"rendered":"https:\/\/aleeknews.com\/4l33k5\/2025\/12\/01\/contour-airlines-comienza-a-volar-entre-san-juan-y-st-maarten\/"},"modified":"2025-12-01T18:43:23","modified_gmt":"2025-12-01T17:43:23","slug":"contour-airlines-comienza-a-volar-entre-san-juan-y-st-maarten","status":"publish","type":"post","link":"https:\/\/aleeknews.com\/4l33k5\/2025\/12\/01\/contour-airlines-comienza-a-volar-entre-san-juan-y-st-maarten\/","title":{"rendered":"Contour Airlines comienza a volar entre San Juan y St. Maarten"},"content":{"rendered":"<div>\n<p><a href=\"https:\/\/www.elnuevodia.com\/negocios\/turismo\/notas\/contour-airlines-comienza-a-operar-en-puerto-rico\/\" target=\"_blank\" rel=\"noreferrer\" title=\"https:\/\/www.elnuevodia.com\/negocios\/turismo\/notas\/contour-airlines-comienza-a-operar-en-puerto-rico\/\">Countour Airlines<\/a> estren\u00f3 este viernes su vuelo entre San Juan (SJU) y St. Maarten (SXM), inform\u00f3 la Compa\u00f1\u00eda de Turismo de Puerto Rico (CTPR).<\/p>\n<p><b>El vuelo, que constar\u00e1 de tres frecuencias semanales, arrib\u00f3 al aeropuerto internacional Luis Mu\u00f1oz Mar\u00edn a las 2:50 p.m., precis\u00f3 la entidad.<\/b><\/p>\n<p>La ruta es operada por una aeronave Embraer EMB-145, con capacidad para 30 pasajeros.<\/p>\n<p>Seg\u00fan la CTPR, la ruta dejar\u00e1 un impacto econ\u00f3mico de sobre $373,000 para el periodo de noviembre a marzo.<\/p>\n<p>Inicialmente, <b>el vuelo solo estar\u00e1 disponible durante la temporada de invierno. <\/b><\/p>\n<p>\u201cEsta nueva ruta representa un paso significativo en la administraci\u00f3n de la gobernadora Jenniffer Gonz\u00e1lez Col\u00f3n, avanzando en nuestra estrategia de ampliar las opciones de conectividad a\u00e9rea entre Puerto Rico y el Caribe. <b>El inicio oficial de operaciones con St. Maarten refuerza nuestro rol como principal hub regional y fomenta el intercambio tur\u00edstico y econ\u00f3mico entre islas hermanas<\/b>\u201d, expres\u00f3 la directora ejecutiva de la CTPR, <b>Willianette Robles Cancel<\/b>, en un comunicado de prensa.<\/p>\n<p>\u201cEstamos muy entusiasmados de poder inaugurar oficialmente las operaciones entre San Juan, Puerto Rico y St. Maarten en la ma\u00f1ana de hoy\u201d, expres\u00f3, por su parte, el presidente de Contour Airlines, Ben Munson. <\/p>\n<p>\u201cEsta nueva ruta expande nuestra red de acceso a\u00e9reo en el Caribe y fortalece la conexi\u00f3n entre estos dos vibrantes destinos con m\u00e1s opciones de vuelos para viajes tanto de placer como de negocios\u201d, agreg\u00f3.<\/p>\n<p>Mientras, el director ejecutivo de la <b>Autoridad de los Puertos de Puerto Rico <\/b>(APPR), Norberto Negr\u00f3n comparti\u00f3 que \u201ccon la llegada del vuelo inaugural de la ruta San Juan y St. Maarten de Contour Airlines, ampliamos el tr\u00e1fico en el principal aeropuerto del Caribe, al tiempo que se desarrolla otra plataforma comercial que redundar\u00e1 en nuevos empleos\u201d.<\/p>\n<p><b>Jorge Hern\u00e1ndez<\/b>, presidente de Aerostar Airport Holdings, tambi\u00e9n dio la bienvenida a las nuevas operaciones.<\/p>\n<p>\u201cAgradecemos a Contour Airlines por confiar en Puerto Rico y en nuestro aeropuerto como punto estrat\u00e9gico en el Caribe, y reiteramos que continuaremos invirtiendo en infraestructura y servicios que impulsen el desarrollo tur\u00edstico y econ\u00f3mico de la isla\u201d, expres\u00f3 Jorge Hern\u00e1ndez, presidente de Aerostar Puerto Rico&#8221;, sostuvo Hern\u00e1ndez.<\/p>\n<\/div>\n\n    <div class=\"xs_social_share_widget xs_share_url after_content \t\tmain_content  wslu-style-1 wslu-share-box-shaped wslu-fill-colored wslu-none wslu-share-horizontal wslu-theme-font-no wslu-main_content\">\n\n\t\t\n        <ul>\n\t\t\t        <\/ul>\n    <\/div> \n","protected":false},"excerpt":{"rendered":"<p>Countour Airlines estren\u00f3 este viernes su vuelo entre San Juan (SJU) y St. Maarten (SXM), inform\u00f3 la Compa\u00f1\u00eda de Turismo de Puerto Rico (CTPR). El vuelo, que constar\u00e1 de tres frecuencias semanales, arrib\u00f3 al aeropuerto internacional Luis Mu\u00f1oz Mar\u00edn a las 2:50 p.m., precis\u00f3 la entidad. La ruta es operada por una aeronave Embraer EMB-145<\/p>\n","protected":false},"author":2,"featured_media":16175,"comment_status":"open","ping_status":"open","sticky":false,"template":"","format":"standard","meta":{"om_disable_all_campaigns":false,"_monsterinsights_skip_tracking":false,"_monsterinsights_sitenote_active":false,"_monsterinsights_sitenote_note":"","_monsterinsights_sitenote_category":0,"footnotes":""},"categories":[5],"tags":[],"class_list":["post-16174","post","type-post","status-publish","format-standard","has-post-thumbnail","hentry","category-negocios"],"aioseo_notices":[],"_links":{"self":[{"href":"https:\/\/aleeknews.com\/4l33k5\/wp-json\/wp\/v2\/posts\/16174","targetHints":{"allow":["GET"]}}],"collection":[{"href":"https:\/\/aleeknews.com\/4l33k5\/wp-json\/wp\/v2\/posts"}],"about":[{"href":"https:\/\/aleeknews.com\/4l33k5\/wp-json\/wp\/v2\/types\/post"}],"author":[{"embeddable":true,"href":"https:\/\/aleeknews.com\/4l33k5\/wp-json\/wp\/v2\/users\/2"}],"replies":[{"embeddable":true,"href":"https:\/\/aleeknews.com\/4l33k5\/wp-json\/wp\/v2\/comments?post=16174"}],"version-history":[{"count":0,"href":"https:\/\/aleeknews.com\/4l33k5\/wp-json\/wp\/v2\/posts\/16174\/revisions"}],"wp:featuredmedia":[{"embeddable":true,"href":"https:\/\/aleeknews.com\/4l33k5\/wp-json\/wp\/v2\/media\/16175"}],"wp:attachment":[{"href":"https:\/\/aleeknews.com\/4l33k5\/wp-json\/wp\/v2\/media?parent=16174"}],"wp:term":[{"taxonomy":"category","embeddable":true,"href":"https:\/\/aleeknews.com\/4l33k5\/wp-json\/wp\/v2\/categories?post=16174"},{"taxonomy":"post_tag","embeddable":true,"href":"https:\/\/aleeknews.com\/4l33k5\/wp-json\/wp\/v2\/tags?post=16174"}],"curies":[{"name":"wp","href":"https:\/\/api.w.org\/{rel}","templated":true}]}}