{"id":16111,"date":"2025-11-30T18:42:58","date_gmt":"2025-11-30T17:42:58","guid":{"rendered":"https:\/\/aleeknews.com\/4l33k5\/2025\/11\/30\/leon-xiv-reitera-su-insistencia-en-la-solucion-de-los-dos-estados-para-resolver-el-conflicto-palestino-israeli-2\/"},"modified":"2025-11-30T18:42:58","modified_gmt":"2025-11-30T17:42:58","slug":"leon-xiv-reitera-su-insistencia-en-la-solucion-de-los-dos-estados-para-resolver-el-conflicto-palestino-israeli-2","status":"publish","type":"post","link":"https:\/\/aleeknews.com\/4l33k5\/2025\/11\/30\/leon-xiv-reitera-su-insistencia-en-la-solucion-de-los-dos-estados-para-resolver-el-conflicto-palestino-israeli-2\/","title":{"rendered":"Le\u00f3n XIV reitera su insistencia en la soluci\u00f3n de los dos Estados para resolver el conflicto palestino-israel\u00ed"},"content":{"rendered":"<div>\n<p>El papa Le\u00f3n XIV reafirm\u00f3 el domingo la insistencia de la Santa Sede en la soluci\u00f3n de dos Estados para resolver el conflicto palestino-israel\u00ed, afirmando en su primera conferencia de prensa en el aire que es la \u201c\u00fanica soluci\u00f3n\u201d que puede garantizar la justicia para ambas partes.<\/p>\n<p>Le\u00f3n hizo estos comentarios mientras volaba de Estambul a Beirut para la segunda y \u00faltima etapa de su viaje inaugural como papa. Aunque Le\u00f3n ha estado respondiendo a las preguntas de los periodistas en reuniones informales en su casa de campo, el breve encuentro marc\u00f3 su primera conferencia de prensa como papa y sigui\u00f3 la tradici\u00f3n de sus predecesores de aprovechar sus viajes al extranjero para interactuar con los medios de comunicaci\u00f3n.<\/p>\n<p>Debido al corto vuelo, la rueda de prensa se limit\u00f3 a dos preguntas de periodistas turcos. Cuando Le\u00f3n regrese a Roma el martes, el encuentro ser\u00e1 presumiblemente m\u00e1s largo.<\/p>\n<p>El papa estadounidense fue preguntado por sus conversaciones privadas con el presidente turco Recep Tayyip Erdogan a su llegada a Ankara y si hablaron de las guerras de Gaza y Ucrania.<\/p>\n<p>Le\u00f3n confirm\u00f3 que s\u00ed, y afirm\u00f3 que Turqu\u00eda ten\u00eda un \u201cimportante papel que desempe\u00f1ar\u201d en ambos conflictos, se\u00f1alando que el gobierno de Erdogan ya hab\u00eda ayudado a facilitar negociaciones de bajo nivel entre Rusia y Ucrania para poner fin a la guerra.<\/p>\n<p>\u201cDesgraciadamente a\u00fan no hemos visto una soluci\u00f3n. Pero hoy hay nuevas propuestas concretas para la paz\u201d. Dijo que la Santa Sede espera que Erdogan prosiga su di\u00e1logo con Ucrania, Rusia y Estados Unidos para ayudar a alcanzar un alto el fuego y poner fin a la guerra de casi cuatro a\u00f1os.<\/p>\n<p>En cuanto a Gaza, repiti\u00f3 la posici\u00f3n de larga data de la Santa Sede en apoyo de una soluci\u00f3n de dos Estados para Israel y los palestinos. La creaci\u00f3n de un Estado palestino en Jerusal\u00e9n Este, Cisjordania y Gaza se considera desde hace tiempo a nivel internacional como la \u00fanica forma de resolver el conflicto.<\/p>\n<p>La Santa Sede hab\u00eda reconocido un Estado palestino en 2015, pero el impulso a favor de una soluci\u00f3n de dos Estados recibi\u00f3 un nuevo impulso este a\u00f1o durante la guerra entre Israel y Ham\u00e1s en Gaza. Varios pa\u00edses m\u00e1s reconocieron formalmente un Estado palestino durante la Asamblea General de la ONU.<\/p>\n<p>\u201cSabemos que en este momento Israel no acepta esta soluci\u00f3n, pero la vemos como la \u00fanica que puede ofrecer una soluci\u00f3n al conflicto que viven\u201d, dijo. \u201cTambi\u00e9n somos amigos de Israel e intentamos con ambas partes ser una voz mediadora que pueda ayudar a acercarles a una soluci\u00f3n con justicia para todos\u201d.<\/p>\n<p>No hubo respuesta inmediata de la oficina del primer ministro israel\u00ed, Benjamin Netanyahu. Netanyahu lleva mucho tiempo afirmando que la creaci\u00f3n de un Estado palestino recompensar\u00eda a Ham\u00e1s y acabar\u00eda dando lugar a un Estado a\u00fan mayor dirigido por Ham\u00e1s en las fronteras de Israel.<\/p>\n<p>A principios de mes, Netanyahu afirm\u00f3 que la oposici\u00f3n de Israel a un Estado palestino \u201cno ha cambiado ni un \u00e1pice\u201d y no se ve amenazada por presiones externas o internas.<\/p>\n<p>\u201cNo necesito afirmaciones, tuits ni sermones de nadie\u201d, afirm\u00f3.<\/p>\n<p>Le\u00f3n hab\u00eda evitado toda menci\u00f3n directa al conflicto de Gaza durante su estancia en Turqu\u00eda. Y en sus breves declaraciones a los periodistas para resumir su viaje hasta el momento, omiti\u00f3 toda referencia a su visita a la Mezquita Azul de Estambul, su compromiso m\u00e1s visible con la mayor\u00eda musulmana de Turqu\u00eda.<\/p>\n<p>Le\u00f3n se centr\u00f3 m\u00e1s bien en el principal motivo de su visita a la regi\u00f3n: conmemorar el 1700 aniversario de una importante reuni\u00f3n de obispos de todo el Imperio Romano celebrada en el a\u00f1o 325 d.C. en la actual Iznik (Turqu\u00eda). All\u00ed, los obispos acordaron un credo com\u00fan, o profesi\u00f3n de fe.<\/p>\n<p>El Credo de Nicea sigue siendo recitado hoy por millones de cristianos de todo el mundo y, a pesar de los cismas y otras divisiones, es un raro punto de acuerdo entre los creyentes cat\u00f3licos, ortodoxos y la mayor\u00eda de los protestantes.<\/p>\n<p>Le\u00f3n particip\u00f3 en una conmemoraci\u00f3n del Concilio de Nicea en Iznik y, por lo dem\u00e1s, pas\u00f3 su estancia en Estambul reunido con varios patriarcas ortodoxos. Durante una reuni\u00f3n conjunta celebrada el s\u00e1bado, propuso que se reunieran de forma importante en 2033 en Jerusal\u00e9n, para conmemorar el bimilenario de la crucifixi\u00f3n y resurrecci\u00f3n de Cristo, como nuevo signo visible de su unidad.<\/p>\n<p>\u201cObviamente es un acontecimiento que todos los cristianos quieren celebrar\u201d, dijo. \u201cTenemos a\u00f1os para prepararnos\u201d, a\u00f1adi\u00f3, pero afirm\u00f3 que los distintos patriarcas acogieron con satisfacci\u00f3n la propuesta.<\/p>\n<p>___<\/p>\n<p><i>Esta historia fue traducida del ingl\u00e9s al espa\u00f1ol con una herramienta de inteligencia artificial y fue revisada por un editor antes de su publicaci\u00f3n.<\/i><\/p>\n<\/div>\n\n    <div class=\"xs_social_share_widget xs_share_url after_content \t\tmain_content  wslu-style-1 wslu-share-box-shaped wslu-fill-colored wslu-none wslu-share-horizontal wslu-theme-font-no wslu-main_content\">\n\n\t\t\n        <ul>\n\t\t\t        <\/ul>\n    <\/div> \n","protected":false},"excerpt":{"rendered":"<p>El papa Le\u00f3n XIV reafirm\u00f3 el domingo la insistencia de la Santa Sede en la soluci\u00f3n de dos Estados para resolver el conflicto palestino-israel\u00ed, afirmando en su primera conferencia de prensa en el aire que es la \u201c\u00fanica soluci\u00f3n\u201d que puede garantizar la justicia para ambas partes. Le\u00f3n hizo estos comentarios mientras volaba de Estambul<\/p>\n","protected":false},"author":2,"featured_media":16107,"comment_status":"open","ping_status":"open","sticky":false,"template":"","format":"standard","meta":{"om_disable_all_campaigns":false,"_monsterinsights_skip_tracking":false,"footnotes":""},"categories":[10],"tags":[],"class_list":["post-16111","post","type-post","status-publish","format-standard","has-post-thumbnail","hentry","category-mundo"],"aioseo_notices":[],"_links":{"self":[{"href":"https:\/\/aleeknews.com\/4l33k5\/wp-json\/wp\/v2\/posts\/16111","targetHints":{"allow":["GET"]}}],"collection":[{"href":"https:\/\/aleeknews.com\/4l33k5\/wp-json\/wp\/v2\/posts"}],"about":[{"href":"https:\/\/aleeknews.com\/4l33k5\/wp-json\/wp\/v2\/types\/post"}],"author":[{"embeddable":true,"href":"https:\/\/aleeknews.com\/4l33k5\/wp-json\/wp\/v2\/users\/2"}],"replies":[{"embeddable":true,"href":"https:\/\/aleeknews.com\/4l33k5\/wp-json\/wp\/v2\/comments?post=16111"}],"version-history":[{"count":0,"href":"https:\/\/aleeknews.com\/4l33k5\/wp-json\/wp\/v2\/posts\/16111\/revisions"}],"wp:featuredmedia":[{"embeddable":true,"href":"https:\/\/aleeknews.com\/4l33k5\/wp-json\/wp\/v2\/media\/16107"}],"wp:attachment":[{"href":"https:\/\/aleeknews.com\/4l33k5\/wp-json\/wp\/v2\/media?parent=16111"}],"wp:term":[{"taxonomy":"category","embeddable":true,"href":"https:\/\/aleeknews.com\/4l33k5\/wp-json\/wp\/v2\/categories?post=16111"},{"taxonomy":"post_tag","embeddable":true,"href":"https:\/\/aleeknews.com\/4l33k5\/wp-json\/wp\/v2\/tags?post=16111"}],"curies":[{"name":"wp","href":"https:\/\/api.w.org\/{rel}","templated":true}]}}