{"id":15823,"date":"2025-11-24T15:43:50","date_gmt":"2025-11-24T14:43:50","guid":{"rendered":"https:\/\/aleeknews.com\/4l33k5\/2025\/11\/24\/sin-resguardo-el-gobierno-de-puerto-rico-ante-las-movidas-de-recortes-en-washington\/"},"modified":"2025-11-24T15:43:50","modified_gmt":"2025-11-24T14:43:50","slug":"sin-resguardo-el-gobierno-de-puerto-rico-ante-las-movidas-de-recortes-en-washington","status":"publish","type":"post","link":"https:\/\/aleeknews.com\/4l33k5\/2025\/11\/24\/sin-resguardo-el-gobierno-de-puerto-rico-ante-las-movidas-de-recortes-en-washington\/","title":{"rendered":"Sin resguardo el gobierno de Puerto Rico ante las movidas de recortes en Washington"},"content":{"rendered":"<div>\n<p>Todo el terreno fiscal que Puerto Rico ha ganado desde que se declar\u00f3 en bancarrota hace casi una d\u00e9cada podr\u00eda desmoronarse si los recortes en fondos federales que se discuten en <a href=\"https:\/\/www.elnuevodia.com\/topicos\/washington-d-c\/\" target=\"_blank\" rel=\"noreferrer\" title=\"https:\/\/www.elnuevodia.com\/topicos\/washington-d-c\/\">Washington<\/a> se extienden al presupuesto del gobierno de la isla, advirtieron economistas y dos exsecretarios de Hacienda, consultados por <a href=\"https:\/\/www.elnuevodia.com\/negocios\" target=\"_self\" rel title=\"https:\/\/www.elnuevodia.com\/negocios\">Negocios<\/a>.<\/p>\n<p>Aunque la administraci\u00f3n del presidente <a href=\"https:\/\/www.elnuevodia.com\/topicos\/donald-trump\" target=\"_self\" rel title=\"https:\/\/www.elnuevodia.com\/topicos\/donald-trump\">Donald Trump<\/a> ya comenz\u00f3 a hacer recortes en distintas partidas federales, incluyendo a Puerto Rico, el economista <a href=\"https:\/\/www.elnuevodia.com\/autor\/juan-lar\" target=\"_self\" rel title=\"https:\/\/www.elnuevodia.com\/autor\/juan-lar\">Juan Lara<\/a> se\u00f1al\u00f3 que todav\u00eda \u201cel cuchillo no llega al hueso\u201d. <\/p>\n<p>Pero si el gobierno estadounidense materializa recortes m\u00e1s profundos, en su plan para corregir su propio desbalance fiscal, el presupuesto local -que descansa considerablemente en <a href=\"https:\/\/www.elnuevodia.com\/topicos\/fondos-federales\" target=\"_self\" rel title=\"https:\/\/www.elnuevodia.com\/topicos\/fondos-federales\">fondos federales<\/a>&#8211; pudiera regresar a un cuadro deficitario.<\/p>\n<p><b>\u201cSi hay recortes verdaderamente grandes en los fondos que se asignan a trav\u00e9s de las agencias, el efecto en el presupuesto de Puerto Rico ser\u00eda muy fuerte. De hecho, creo que ser\u00eda poner al gobierno de Puerto Rico en un estr\u00e9s fiscal\u201d, advirti\u00f3 Lara.<\/b><\/p>\n<p>\u201cCreo que podr\u00eda ser suficiente para llevar a Puerto Rico otra vez a una situaci\u00f3n de d\u00e9ficit y de estr\u00e9s fiscal. Esperemos que no sucedan (los recortes) hasta ese punto\u201d, insisti\u00f3.<\/p>\n<p><h4><b>La \u201cimprudencia\u201d de no actuar<\/b><\/h4>\n<\/p>\n<p><h4>\u201cMe parece lamentable que estemos viendo la econom\u00eda m\u00e1s grande del mundo tomando decisiones para ser fiscalmente m\u00e1s responsables. Una econom\u00eda con la que Puerto Rico mantiene un v\u00ednculo que, g\u00fastele a quien le guste, es muy estrecho, y que aqu\u00ed pensemos que nada va a pasar\u201d, dijo por su parte, el exsecretario de Hacienda, <a href=\"https:\/\/www.elnuevodia.com\/topicos\/francisco-pares-alicea\" target=\"_self\" rel title=\"https:\/\/www.elnuevodia.com\/topicos\/francisco-pares-alicea\">Francisco Par\u00e9s Alicea<\/a>.<\/h4>\n<\/p>\n<p><b>\u201cMe parece surreal, estar viendo que el gobierno federal est\u00e1 tratando de cuadrar su presupuesto para cerrar un d\u00e9ficit de unos $2 billones (trillions, en ingl\u00e9s) y pensar que eso no nos afectar\u00eda, para m\u00ed, pensar as\u00ed no es prudente. En realidad, esa postura es una imprudencia\u201d, prosigui\u00f3 Par\u00e9s Alicea.<\/b><\/p>\n<p>En esencia, el gobierno de Puerto Rico, y con este, los principales programas de asistencia social, ser\u00edan inviables sin asignaciones federales. <\/p>\n<p>De los $33,300 millones aprobados en el presupuesto consolidado y certificado por la <a href=\"https:\/\/www.elnuevodia.com\/topicos\/junta-de-supervision-fiscal\" target=\"_self\" rel title=\"https:\/\/www.elnuevodia.com\/topicos\/junta-de-supervision-fiscal\">Junta de Supervisi\u00f3n Fiscal<\/a> (JSF) para el a\u00f1o fiscal en curso, unos $15,300 millones provienen de fondos federales; otros $13,100 millones salen del Fondo General, y unos $4,900 millones provendr\u00e1n de Ingresos Especiales.<\/p>\n<p><h4><b>\u00bfDe d\u00f3nde sale el dinero que ingresa el gobierno?<\/b><\/h4>\n<\/p>\n<p>Es decir, <b>en el presupuesto consolidado del gobierno de Puerto Rico, un 46% depende de transferencias federales.<\/b><\/p>\n<p>Lara explic\u00f3 que existen dos tipos de asignaciones federales que benefician a Puerto Rico, aquellas ordinarias que se destinan a distintas agencias, como el Departamento de Educaci\u00f3n, y otras que han sido asignadas para mitigar los impactos de las emergencias ocurridas en los pasados a\u00f1os.<\/p>\n<p>Adem\u00e1s, cerca de 40% proviene del <a href=\"https:\/\/www.elnuevodia.com\/topicos\/fondo-general\" target=\"_self\" rel title=\"https:\/\/www.elnuevodia.com\/topicos\/fondo-general\">Fondo General<\/a>, que se nutre del dinero que los patronos sacan del cheque de quienes trabajan, de los pagos que los contribuyentes remiten al <a href=\"https:\/\/www.elnuevodia.com\/topicos\/departamento-de-hacienda\" target=\"_self\" rel title=\"https:\/\/www.elnuevodia.com\/topicos\/departamento-de-hacienda\">Departamento de Hacienda<\/a> cuando radican sus planillas -como suceder\u00e1 el pr\u00f3ximo martes; van de compras y pagan el impuesto al consumo o las farmac\u00e9uticas pagan regal\u00edas. <\/p>\n<p>La diferencia, es decir, casi un 15%, proviene de Ingresos Especiales. Estos son, a manera de ejemplo, aquellos pagos que hacen los abonados de la Autoridad de Energ\u00eda El\u00e9ctrica (AEE), o los conductores al comprar el marbete para el auto o los ciudadanos que compran sellos para obtener un certificado de salud o presentar una escritura, entre otros.<\/p>\n<div>\n<figure><picture><source media=\"(max-width: 375px)\" ><source media=\"(max-width: 767px)\" ><source media=\"(max-width: 1023px)\" ><source ><img src=\"https:\/\/www.elnuevodia.com\/resizer\/v2\/44EGN7TFXJEHXC2M5GO5Z7PMCI.jpg?auth=0de5cc6bc45b497c5ba2d4feb5cbeba11ff4310b36b913799a955f64f35897c6&#038;quality=75&#038;width=829&#038;smart=true\" alt=\"\"Hemos perdido el control de la situaci\u00f3n. Necesitamos intervenci\u00f3n externa\", acot\u00f3 el economista sobre la junta de control fiscal.\" loading=\"lazy\" fetchpriority=\"low\" decoding=\"async\"><\/picture><figcaption>El economista Juan Lara asever\u00f3 que Puerto Rico podr\u00eda entrar en otro per\u00edodo de estr\u00e9s fiscal si los recortes que se discuten en la capital repercuten de manera significativa en el presupuesto y la econom\u00eda local. (Gerald L\u00f3pez Cepero)<\/figcaption><\/figure>\n<\/div>\n<p><h4><b>Va a haber recortes<\/b><\/h4>\n<\/p>\n<p>A 83 d\u00edas desde que inici\u00f3 la administraci\u00f3n Trump, en Puerto Rico, se concret\u00f3 <a href=\"https:\/\/www.elnuevodia.com\/corresponsalias\/washington-dc\/notas\/administracion-de-donald-trump-cancelo-fondos-federales-a-la-assmca-estamos-explorando-alternativas\/\" target=\"_blank\" rel=\"noreferrer\" title=\"https:\/\/www.elnuevodia.com\/corresponsalias\/washington-dc\/notas\/administracion-de-donald-trump-cancelo-fondos-federales-a-la-assmca-estamos-explorando-alternativas\/\">la cancelaci\u00f3n de unos $17 millones<\/a> en fondos federales asignados a la Administraci\u00f3n de Servicios de Salud Mental y Contra la Adicci\u00f3n (Assmca). Ese impacto, sin embargo, se produjo en el contexto del fin de la emergencia asociada con la pandemia de Covid-19. <\/p>\n<p>Por la misma raz\u00f3n, el <a href=\"https:\/\/www.elnuevodia.com\/topicos\/departamento-de-salud\" target=\"_self\" rel title=\"https:\/\/www.elnuevodia.com\/topicos\/departamento-de-salud\">Departamento de Salud<\/a> vio la cancelaci\u00f3n de m\u00e1s de $45 millones y el <a href=\"https:\/\/www.elnuevodia.com\/topicos\/departamento-de-educacion\" target=\"_self\" rel title=\"https:\/\/www.elnuevodia.com\/topicos\/departamento-de-educacion\">Departamento de Educaci\u00f3n<\/a> trata de evitar la p\u00e9rdida de los fondos que no ha gastado por igual concepto. Para lidiar con la crisis sanitaria, la agencia recibi\u00f3 m\u00e1s de $5,000 millones.<\/p>\n<div>\n<p>De igual forma, el gobierno de Donald Trump inform\u00f3 <a href=\"https:\/\/www.elnuevodia.com\/corresponsalias\/washington-dc\/notas\/equipo-de-elon-musk-pone-en-la-mira-contratos-de-oficinas-federales-en-puerto-rico-que-alcanzan-los-458-millones\/\" target=\"_blank\" rel=\"noreferrer\" title=\"https:\/\/www.elnuevodia.com\/corresponsalias\/washington-dc\/notas\/equipo-de-elon-musk-pone-en-la-mira-contratos-de-oficinas-federales-en-puerto-rico-que-alcanzan-los-458-millones\/\">la potencial cancelaci\u00f3n de millones de d\u00f3lares en contratos de arrendamiento<\/a> en Puerto Rico donde ubican diversas agencias federales.<\/p>\n<\/div>\n<div>\n<p><b>1 \/ 10 | <\/b><span> \u00bfCu\u00e1les son las agencias que m\u00e1s dinero reciben del gobierno federal?. La Administraci\u00f3n de Seguros de Salud es la agencia del gobierno de Puerto Rico que m\u00e1s fondos federales recibe. De un total aproximado de $4,930 millones, el 81% son fondos federales, en su vasta mayor\u00eda utilizados para pagar el Plan Vital.<\/span><i> &#8211; Ram\u00f3n \u201cTonito\u201d Zayas<\/i><\/p>\n<\/div>\n<p>\u201c<b>Va a haber recortes, ya los ha habido. Va a haber efecto en el presupuesto y en la econom\u00eda.<\/b> La pregunta es si esos efectos van a ser tan fuertes para que realmente pongan en entredicho la estabilidad fiscal y el crecimiento de la econom\u00eda\u201d, subray\u00f3 Lara.<\/p>\n<p>Este mes, el Senado de Estados Unidos <a href=\"https:\/\/www.elnuevodia.com\/corresponsalias\/washington-dc\/notas\/senado-ratifica-resolucion-que-guiara-los-proximos-recortes-en-el-presupuesto-federal-y-alivios-tributarios\/\" target=\"_blank\" rel=\"noreferrer\" title=\"https:\/\/www.elnuevodia.com\/corresponsalias\/washington-dc\/notas\/senado-ratifica-resolucion-que-guiara-los-proximos-recortes-en-el-presupuesto-federal-y-alivios-tributarios\/\">aprob\u00f3 la resoluci\u00f3n<\/a> que propone unos $1.5 billones (trillions, en ingl\u00e9s) en recortes federales durante la pr\u00f3xima d\u00e9cada. La medida aguarda ahora el visto bueno del Congreso, lo que dar\u00eda paso al plan de austeridad que el presidente Trump ha puesto en marcha, a trav\u00e9s del Departamento de Eficiencia Gubernamental (DOGE, en ingl\u00e9s), y har\u00eda permanentes las rebajas tributarias aprobadas en el 2017.<\/p>\n<p><h4><b>La posici\u00f3n financiera de Puerto Rico<\/b><\/h4>\n<\/p>\n<p>Si se materializara un d\u00e9ficit presupuestario en Puerto Rico, este ser\u00eda el primero desde que en 2016, el expresidente estadounidense <a href=\"https:\/\/www.elnuevodia.com\/topicos\/barack-obama\" target=\"_self\" rel title=\"https:\/\/www.elnuevodia.com\/topicos\/barack-obama\">Barack Obama<\/a> aprob\u00f3 la Ley de Supervisi\u00f3n, Administraci\u00f3n, y Estabilidad Econ\u00f3mica de Puerto Rico (<a href=\"https:\/\/www.elnuevodia.com\/topicos\/ley-promesa\" target=\"_self\" rel title=\"https:\/\/www.elnuevodia.com\/topicos\/ley-promesa\">Ley Promesa<\/a>, en ingl\u00e9s) para habilitar un proceso de reestructuraci\u00f3n de la deuda p\u00fablica y otras obligaciones del gobierno puertorrique\u00f1o.<\/p>\n<p>Esto, partiendo de la premisa que desde la llegada de la JSF, el gobierno no ha excedido sus gastos en relaci\u00f3n a los ingresos recibidos.<\/p>\n<p>Los estados financieros auditados del gobierno de Puerto Rico demuestran que antes de la aprobaci\u00f3n de Promesa, por 16 a\u00f1os fiscales consecutivos (2000-2015), el gobierno oper\u00f3 cubriendo sus gastos con fondos no recurrentes y deuda. <\/p>\n<p>Aparte de que un d\u00e9ficit presupuestario implicar\u00eda que el gobierno no puede cumplir con sus gastos en un a\u00f1o determinado, tales desbalances pesan en la solvencia del estado. <\/p>\n<p>En el caso de Puerto Rico, con todo y la reestructuraci\u00f3n de parte de su deuda p\u00fablica, todav\u00eda hasta el a\u00f1o fiscal 2022, el gobierno no ten\u00eda suficientes recursos para cumplir con todas sus obligaciones, seg\u00fan los informes consolidados.<\/p>\n<div>\n<figure><picture><source media=\"(max-width: 375px)\" ><source media=\"(max-width: 767px)\" ><source media=\"(max-width: 1023px)\" ><source ><img src=\"https:\/\/www.elnuevodia.com\/resizer\/v2\/5FV5HFOGYVHWRJK2CNZ37N2MIE.JPG?auth=246f1458906057466822e11a933ab1f234b160c96c07caabf4dc17760ce8af2e&#038;quality=75&#038;width=829&#038;smart=true\" alt=\"De acuerdo con el ex senador y otrora secretario de Hacienda, Juan Zaragoza G\u00f3mez, Puerto Rico debe aprovechar la bonanza en los recaudos fiscales que experimenta para crear reservas que compensen impactos adversos al fisco, independientemente de que pueda haber recortes a nivel federal o no.\" loading=\"lazy\" fetchpriority=\"low\" decoding=\"async\"><\/picture><figcaption>De acuerdo con el ex senador y otrora secretario de Hacienda, Juan Zaragoza G\u00f3mez, Puerto Rico debe aprovechar la bonanza en los recaudos fiscales que experimenta para crear reservas que compensen impactos adversos al fisco, independientemente de que pueda haber recortes a nivel federal o no. (Ramon &#8220;Tonito&#8221; Zayas)<\/figcaption><\/figure>\n<\/div>\n<p><h4><b>Sin espacio para tomar prestado<\/b><\/h4>\n<\/p>\n<p><h4>El problema, apunt\u00f3 el tambi\u00e9n exsecretario de Hacienda, <a href=\"https:\/\/www.elnuevodia.com\/autor\/juan-zaragoza\/\" target=\"_blank\" rel=\"noreferrer\" title=\"https:\/\/www.elnuevodia.com\/autor\/juan-zaragoza\/\">Juan Zaragoza G\u00f3mez<\/a>, es que m\u00e1s all\u00e1 de los potenciales recortes a nivel federal, si por cualquier raz\u00f3n, el gobierno no genera ingresos suficientes para cubrir su operaci\u00f3n, estar\u00eda obligado a tomar otras medidas. <\/h4>\n<\/p>\n<p><b>\u201cAhora, no hay alternativa, no hay posibilidad de correr d\u00e9ficit. Antes se corr\u00eda el presupuesto con deuda, se emit\u00edan Trans (Bonos de Anticipaci\u00f3n al Recibo de Impuestos). Ahora, eso no est\u00e1 y no hay acceso al mercado\u201d, dijo Zaragoza<\/b>, haciendo referencia al hecho de que luego de la aprobaci\u00f3n del Plan de Ajuste (PDA) del gobierno central, por ley, Puerto Rico no puede tomar prestado para cubrir gastos operacionales.<\/p>\n<p>Para Daniel Santamar\u00eda Ots, economista y analista de Pol\u00edtica P\u00fablica de <a href=\"https:\/\/www.elnuevodia.com\/topicos\/espacios-abiertos\" target=\"_self\" rel title=\"https:\/\/www.elnuevodia.com\/topicos\/espacios-abiertos\">Espacios Abiertos <\/a>(EA), si los recortes se implementan y el gobierno no est\u00e1 preparado para absorberlos, pudiera adelantarse el escenario de d\u00e9ficit. <\/p>\n<p>\u201cSer\u00eda buen\u00edsimo entender para cu\u00e1ndo, la actual administraci\u00f3n de la (JSF) prev\u00e9 un d\u00e9ficit presupuestario en Puerto Rico y si se adelanta ante la ca\u00edda de fondos federales, cu\u00e1l ser\u00eda esa fecha\u201d, dijo Santamar\u00eda Ots.<\/p>\n<p>En los planes fiscales m\u00e1s recientes certificados por la JSF, se anticipaba que una vez se redujera en la econom\u00eda local, el impacto de los fondos federales para la reconstrucci\u00f3n, el gobierno de Puerto Rico corr\u00eda el riesgo de operar en n\u00fameros rojos temprano en la pr\u00f3xima d\u00e9cada. <\/p>\n<p>Negocios solicit\u00f3 entrevistarse con la JSF acerca de los retos que encarar\u00eda Puerto Rico de cara a un plan de austeridad federal, pero no fue posible.<\/p>\n<p>No obstante, antes de que Trump llegara a la Casa Blanca, en el a\u00f1o fiscal 2023, el director ejecutivo de la JSF, <a href=\"https:\/\/www.elnuevodia.com\/topicos\/robert-mujica\" target=\"_self\" rel title=\"https:\/\/www.elnuevodia.com\/topicos\/robert-mujica\">Robert F. Mujica<\/a>, advirti\u00f3 el riesgo de que el gobierno no pudiera mantener sus presupuestos balanceados a largo plazo.<\/p>\n<div>\n<p><b>Desde que la JSF tom\u00f3 el control de las finanzas p\u00fablicas de Puerto Rico en el 2016, <\/b><a href=\"https:\/\/www.elnuevodia.com\/negocios\/economia\/notas\/junta-de-supervision-fiscal-busca-delinear-un-plan-financiero-a-cinco-anos\/\" target=\"_blank\" rel=\"noreferrer\" title=\"https:\/\/www.elnuevodia.com\/negocios\/economia\/notas\/junta-de-supervision-fiscal-busca-delinear-un-plan-financiero-a-cinco-anos\/\"><b>el organismo identific\u00f3 como potencial riesgo, el uso de fondos federales no recurrentes para pagar gastos corrientes<\/b><\/a>, como aumentos salariales a la clase magisterial, por ejemplo.<\/p>\n<\/div>\n<p><h4>\u201cTiene que haber un di\u00e1logo sobre lo que ocurrir\u00e1 cuando desaparezca ese dinero\u201d, expres\u00f3 entonces el director de la JSF.<\/h4>\n<\/p>\n<p><h4><b>Radiograf\u00eda presupuestaria<\/b><\/h4>\n<\/p>\n<p>El pasado 5 de abril, <b>Mujica dijo a este diario que \u201cPuerto Rico <\/b><a href=\"https:\/\/www.elnuevodia.com\/corresponsalias\/washington-dc\/notas\/junta-fiscal-ante-cancelacion-de-fondos-federales-puerto-rico-no-tiene-la-capacidad-fiscal-para-reemplazarlos\/\" target=\"_blank\" rel=\"noreferrer\" title=\"https:\/\/www.elnuevodia.com\/corresponsalias\/washington-dc\/notas\/junta-fiscal-ante-cancelacion-de-fondos-federales-puerto-rico-no-tiene-la-capacidad-fiscal-para-reemplazarlos\/\"><b>no tiene la capacidad fiscal<\/b><\/a><b> para reemplazar\u201d potenciales recortes en fondos federales.<\/b><\/p>\n<p>\u201cCualquier efecto en fondos federales que se vaya a producir, va a hacer muy dif\u00edcil de absorber con el presupuesto del Fondo General\u201d, coincidi\u00f3 el economista de EA.<\/p>\n<p>En declaraciones escritas, <b>Mujica asegur\u00f3 que el organismo que dirige y la administraci\u00f3n de <\/b><a href=\"https:\/\/www.elnuevodia.com\/topicos\/jenniffer-gonzalez\" target=\"_self\" rel title=\"https:\/\/www.elnuevodia.com\/topicos\/jenniffer-gonzalez\"><b>Jenniffer Gonz\u00e1lez Col\u00f3n<\/b><\/a><b> analizan \u201cel impacto en Puerto Rico de los cambios en las pol\u00edticas y el financiamiento del gobierno federal\u201d.<\/b><\/p>\n<p>El economista Antonio Fern\u00f3s Sagebi\u00e9n sum\u00f3 al an\u00e1lisis los fondos federales otorgados a Puerto Rico para diferentes prop\u00f3sitos y que estar\u00edan pr\u00f3ximos a agotarse.<\/p>\n<p>\u201cHay que reexaminar cu\u00e1l es la fecha de caducidad de muchos de los programas que tienen dinero, porque si no se usan, hay que devolverlos y eso no tiene nada que ver con la pol\u00edtica nueva, es que venc\u00edan y no los usaron\u201d, dijo Fern\u00f3s Sagebi\u00e9n.<\/p>\n<p>Pero seg\u00fan Par\u00e9s Alicea y Zaragoza G\u00f3mez, urge hacer mucho m\u00e1s: desde un examen de conciencia colectivo acerca del gasto p\u00fablico hasta viabilizar planes de contingencia ante m\u00faltiples eventos que ejerzan presi\u00f3n al fisco.<\/p>\n<p><b>Hora de mirar el gasto p\u00fablico<\/b><\/p>\n<p>\u201cSigo viendo un movimiento de recaudos significativo\u201d, dijo Par\u00e9s Alicea, cuando Negocios pregunt\u00f3 acerca de las cifras r\u00e9cord que ha mostrado el fisco en los pasados a\u00f1os.<\/p>\n<p>Pero acto seguido, record\u00f3 que solo bajo su incumbencia, el gasto p\u00fablico con cargo al Fondo General casi se duplic\u00f3.<\/p>\n<p><b>\u201cMientras fui secretario, el gasto fue de $9,000 millones a cerca de $13,000 millones. En parte, fue porque se a\u00f1adi\u00f3 el servicio a la deuda y el pago de los pensionados, pero el resto, lo que dice es que tienes un gobierno insaciable y corresponde a los puertorrique\u00f1os crear conciencia para que, cuando se eval\u00fae la gesti\u00f3n de sus pol\u00edticos, se considere la utilizaci\u00f3n adecuada de los recursos\u201d, dijo Par\u00e9s Alicea.<\/b><\/p>\n<p>\u201cEl agravante es que el gasto va dirigido a mantener el status quo, en mantener la estructura del gobierno tal y como est\u00e1 y no en trasformarla. Se cubren los defectos del pasado, pero no para prepararnos para el futuro\u201d, agreg\u00f3 Par\u00e9s Alicea.<\/p>\n<p>A manera de ejemplo, el contador p\u00fablico autorizado indic\u00f3 que en el presupuesto con cargo al Fondo General, se han separado unos $240 millones, o apenas el 2%, para obras capitales, cuando la mejor pr\u00e1ctica es que entre el 5% y 8% del presupuesto se dedique a inversiones de largo plazo.<\/p>\n<div>\n<figure><picture><source media=\"(max-width: 375px)\" ><source media=\"(max-width: 767px)\" ><source media=\"(max-width: 1023px)\" ><source ><img src=\"https:\/\/www.elnuevodia.com\/resizer\/v2\/YH24CXT6GVFDXKB243U6WEIKNE.jpg?auth=6ae6c382ddb14a66fc6f5b52870deb0c1ea0b6db479d8ae276ea84d46dad2348&#038;quality=75&#038;width=829&#038;focal=794%2C27\" alt=\"Puerto Rico y su clase pol\u00edtica deben analizar detenidamente en qu\u00e9 se gasta el dinero de los contribuyentes, un ejercicio que requiri\u00f3 la Junta Fiscal y que se ha pospuesto por la bonanza que experimenta el fisco a causa de fondos federales, dijo el ex titular de Hacienda, Francisco Par\u00e9s Alicea.\" loading=\"lazy\" fetchpriority=\"low\" decoding=\"async\"><\/picture><figcaption>Puerto Rico y su clase pol\u00edtica deben analizar detenidamente en qu\u00e9 se gasta el dinero de los contribuyentes, un ejercicio que requiri\u00f3 la Junta Fiscal y que se ha pospuesto por la bonanza que experimenta el fisco a causa de fondos federales, dijo el ex titular de Hacienda, Francisco Par\u00e9s Alicea. (Juan Luis Mart\u00ednez P\u00e9rez)<\/figcaption><\/figure>\n<\/div>\n<p>\u201cLo que estamos viendo es que los impuestos que llegan al Fondo General no se est\u00e1n utilizando para tener un mejor gobierno. Punto\u201d, dijo Par\u00e9s Alicea.<\/p>\n<p><b>Par\u00e9s Alicea dijo que del lado los recaudos, el gobierno tom\u00f3 medidas para fortalecer su capacidad de allegar ingresos, aunque admiti\u00f3 que la bonanza que exhibe la caja del Departamento de Hacienda -con cerca de $10,000 millones- tambi\u00e9n es fruto del impacto de los fondos federales en la econom\u00eda local.<\/b><\/p>\n<p>Ahora, agreg\u00f3, ha llegado el momento de implementar las reformas estructurales que quedaron en segundo plano.<\/p>\n<p><h4><b>Un erario demasiado vulnerable<\/b><\/h4>\n<\/p>\n<p><h4>Zaragoza G\u00f3mez coincidi\u00f3 en la necesidad de analizar el gasto p\u00fablico.<\/h4>\n<\/p>\n<p>\u201cEl gobierno no ha sido un buen padre de familia\u201d, coment\u00f3 Zaragoza.<\/p>\n<p>Seg\u00fan Zaragoza G\u00f3mez, en cualquier hogar, sus integrantes saben que hay gastos que pueden reducirse. A manera de ejemplo, mencion\u00f3 la televisi\u00f3n por cable o los gastos asociados a la comunicaci\u00f3n celular, pero tambi\u00e9n es sabido que otras partidas, como la comida, \u201cno se tocan\u201d.<\/p>\n<p>En ese sentido, <b>Zaragoza sostuvo que el gobierno tiene poco espacio para hacer grandes cortes en el gasto p\u00fablico<\/b>, sobre todo, si ese curso de acci\u00f3n trastoca programas de asistencia social o servicios directos a la poblaci\u00f3n. <\/p>\n<p>Lo que se necesita, agreg\u00f3 Zaragoza, es tomar medidas para corregir lo que considera ha sido un error de gesti\u00f3n de a\u00f1os.<\/p>\n<p><b>\u201cCualquier operaci\u00f3n, toda operaci\u00f3n, un negocio, una organizaci\u00f3n sin fines de lucro que depende 50%, de manera recurrente, de fuentes ex\u00f3genas que no controla, es una operaci\u00f3n muy fr\u00e1gil, por definici\u00f3n\u201d dijo Zaragoza al se\u00f1alar que ese es el caso del gobierno puertorrique\u00f1o. <\/b><\/p>\n<p>\u201cPero decir que hay que reducir el gasto a la mitad, eso no es posible\u201d, prosigui\u00f3. <\/p>\n<p>Explic\u00f3 que, sin duda, <b>Puerto Rico debe hacer esfuerzos para acrecer su econom\u00eda, pero ello no permitir\u00e1 reemplazar, de golpe y porrazo, el peso de los fondos federales en la gesti\u00f3n p\u00fablica.<\/b><\/p>\n<p>De aqu\u00ed que, seg\u00fan Zaragoza G\u00f3mez, en lugar de desaprovechar los a\u00f1os de ingresos r\u00e9cord al fisco, Puerto Rico debe crear planes de contingencia, como separar una parte de los ingresos que el estado reciba por encima de lo proyectado, para crear reservas que se utilizar\u00e1n en diversos momentos como podr\u00eda ser una ronda de recortes federales, por ejemplo.<\/p>\n<p>Zaragoza record\u00f3 que mientras estuvo en el Senado, legisl\u00f3 junto al tambi\u00e9n exsenador William Villafa\u00f1e, fortalecer el Fondo de Emergencia.<\/p>\n<p><b>\u201cEsto no tiene que ver con que haya, o no haya recortes de Trump, es una medida que hay que tomar\u201d, subray\u00f3.<\/b><\/p>\n<p>Adem\u00e1s, Zaragoza, indic\u00f3 que conviene mirar aquellas partidas de gasto que podr\u00edan dejarse sin efecto \u201cen lo que pasa el temporal\u201d. <\/p>\n<p>\u201cEse es el an\u00e1lisis que hay que hacer, a\u00fan sin Trump\u201d, insisti\u00f3.<\/p>\n<div>\n<figure><picture><source media=\"(max-width: 375px)\" ><source media=\"(max-width: 767px)\" ><source media=\"(max-width: 1023px)\" ><source ><img src=\"https:\/\/www.elnuevodia.com\/resizer\/v2\/AMV6IWT3DJDQHOAWHMQ4F7GO7U.jpeg?auth=156c03d7d03e9f5c67dbe82d1a446626548685acf4c7001e6d1bbf38c3561bad&#038;quality=75&#038;width=829&#038;smart=true\" alt=\"El economista y analista de Pol\u00edtica P\u00fablica para Espacios Abiertos, Daniel Santamar\u00eda Ots, indic\u00f3 que la Junta Fiscal se ver\u00e1 obligada a revisar los planes fiscales certificados del gobierno para reflejar los recortes federales que se avecinan, si en efecto, el Congreso aprueba el plan para recortar al menos $1.5 billones en gastos federales.\" loading=\"lazy\" fetchpriority=\"low\" decoding=\"async\"><\/picture><figcaption>El economista y analista de Pol\u00edtica P\u00fablica para Espacios Abiertos, Daniel Santamar\u00eda Ots, indic\u00f3 que la Junta Fiscal se ver\u00e1 obligada a revisar los planes fiscales certificados del gobierno para reflejar los recortes federales que se avecinan, si en efecto, el Congreso aprueba el plan para recortar al menos $1.5 billones en gastos federales. (Suministrada)<\/figcaption><\/figure>\n<\/div>\n<p><h4><b>El futuro de la JSF<\/b><\/h4>\n<\/p>\n<p>Uno de los mandatos de la JSF bajo Promesa es crear el marco institucional necesario para que el gobierno puertorrique\u00f1o opere con presupuestos balanceados como preludio al regreso a los mercados de capital a tasas razonables. <\/p>\n<p>La encomienda es de tal envergadura que la JSF no podr\u00e1 concluir sus labores hasta que se comprueben cuatro a\u00f1os de gesti\u00f3n balanceada, es decir que los gastos no superen los ingresos, incluyendo en la ecuaci\u00f3n el pago de la deuda p\u00fablica y otras obligaciones como las pensiones. <\/p>\n<p><b>Aunque la JSF no lo ha admitido formalmente, a falta de estados financieros auditados que lo comprueben, Puerto Rico se habr\u00eda mantenido en presupuesto en los a\u00f1os fiscales 2023 y 2024. Ahora, si se reporta un desbalance presupuestario, la JSF prolongar\u00e1 su permanencia, explicaron los economistas.<\/b><\/p>\n<p>\u201cSi Puerto Rico volviera a pasar una situaci\u00f3n en la que no pueda mantener un presupuesto balanceado, habr\u00eda que volver a empezar (el conteo) para rebalancear el presupuesto\u201d, explic\u00f3 Lara.<\/p>\n<p>De acuerdo con el Plan Fiscal Certificado del a\u00f1o fiscal 2024, las obligaciones de deuda p\u00fablica luego de la reestructuraci\u00f3n financiera a trav\u00e9s del <a href=\"https:\/\/www.elnuevodia.com\/topicos\/titulo-iii\" target=\"_self\" rel title=\"https:\/\/www.elnuevodia.com\/topicos\/titulo-iii\">T\u00edtulo III<\/a> de Promesa han disminuido en un 57%, a aproximadamente $31,000 millones.<\/p>\n<p><b>Seg\u00fan Lara, en caso de que se produzcan recortes importantes en el presupuesto, la Asamblea Legislativa deber\u00e1 repensar y descartar aquellas medidas que impliquen p\u00e9rdidas en los recaudos, como ser\u00edan propuestas de \u00edndole contributivo, seg\u00fan Lara.<\/b><\/p>\n<p>Mientras, Santamar\u00eda Ots insisti\u00f3 en la necesidad de que la JSF contemple qu\u00e9 medidas se pueden realizar a nivel local de manera preventiva.<\/p>\n<p>\u201cEsos recortes (federales) que se esperan en la pr\u00f3xima d\u00e9cada tienen que estar reflejados en el pr\u00f3ximo plan fiscal. No podemos esperar a que venga el recorte para relajarlo, hay que decir: \u2018con tal probabilidad viene este recorte, vamos a prepararnos por si viene\u2019, porque sino, cuando venga va a ser demasiado tarde\u201d, reiter\u00f3 Santamar\u00eda Ots.<\/p>\n<\/div>\n\n    <div class=\"xs_social_share_widget xs_share_url after_content \t\tmain_content  wslu-style-1 wslu-share-box-shaped wslu-fill-colored wslu-none wslu-share-horizontal wslu-theme-font-no wslu-main_content\">\n\n\t\t\n        <ul>\n\t\t\t        <\/ul>\n    <\/div> \n","protected":false},"excerpt":{"rendered":"<p>Todo el terreno fiscal que Puerto Rico ha ganado desde que se declar\u00f3 en bancarrota hace casi una d\u00e9cada podr\u00eda desmoronarse si los recortes en fondos federales que se discuten en Washington se extienden al presupuesto del gobierno de la isla, advirtieron economistas y dos exsecretarios de Hacienda, consultados por Negocios. Aunque la administraci\u00f3n del<\/p>\n","protected":false},"author":2,"featured_media":15824,"comment_status":"open","ping_status":"open","sticky":false,"template":"","format":"standard","meta":{"om_disable_all_campaigns":false,"_monsterinsights_skip_tracking":false,"_monsterinsights_sitenote_active":false,"_monsterinsights_sitenote_note":"","_monsterinsights_sitenote_category":0,"footnotes":""},"categories":[5],"tags":[],"class_list":["post-15823","post","type-post","status-publish","format-standard","has-post-thumbnail","hentry","category-negocios"],"aioseo_notices":[],"_links":{"self":[{"href":"https:\/\/aleeknews.com\/4l33k5\/wp-json\/wp\/v2\/posts\/15823","targetHints":{"allow":["GET"]}}],"collection":[{"href":"https:\/\/aleeknews.com\/4l33k5\/wp-json\/wp\/v2\/posts"}],"about":[{"href":"https:\/\/aleeknews.com\/4l33k5\/wp-json\/wp\/v2\/types\/post"}],"author":[{"embeddable":true,"href":"https:\/\/aleeknews.com\/4l33k5\/wp-json\/wp\/v2\/users\/2"}],"replies":[{"embeddable":true,"href":"https:\/\/aleeknews.com\/4l33k5\/wp-json\/wp\/v2\/comments?post=15823"}],"version-history":[{"count":0,"href":"https:\/\/aleeknews.com\/4l33k5\/wp-json\/wp\/v2\/posts\/15823\/revisions"}],"wp:featuredmedia":[{"embeddable":true,"href":"https:\/\/aleeknews.com\/4l33k5\/wp-json\/wp\/v2\/media\/15824"}],"wp:attachment":[{"href":"https:\/\/aleeknews.com\/4l33k5\/wp-json\/wp\/v2\/media?parent=15823"}],"wp:term":[{"taxonomy":"category","embeddable":true,"href":"https:\/\/aleeknews.com\/4l33k5\/wp-json\/wp\/v2\/categories?post=15823"},{"taxonomy":"post_tag","embeddable":true,"href":"https:\/\/aleeknews.com\/4l33k5\/wp-json\/wp\/v2\/tags?post=15823"}],"curies":[{"name":"wp","href":"https:\/\/api.w.org\/{rel}","templated":true}]}}