{"id":15675,"date":"2025-11-21T14:44:20","date_gmt":"2025-11-21T13:44:20","guid":{"rendered":"https:\/\/aleeknews.com\/4l33k5\/2025\/11\/21\/las-12-favoritas-de-el-nuevo-dia-para-ganar-miss-universe-2025-2\/"},"modified":"2025-11-21T14:44:20","modified_gmt":"2025-11-21T13:44:20","slug":"las-12-favoritas-de-el-nuevo-dia-para-ganar-miss-universe-2025-2","status":"publish","type":"post","link":"https:\/\/aleeknews.com\/4l33k5\/2025\/11\/21\/las-12-favoritas-de-el-nuevo-dia-para-ganar-miss-universe-2025-2\/","title":{"rendered":"Las 12 favoritas de El Nuevo D\u00eda para ganar Miss Universe 2025"},"content":{"rendered":"<div>\n<p><b>1 \/ 35 | <\/b><span> Las 12 favoritas de El Nuevo D\u00eda para ganar Miss Universe 2025. Miss Costa de Marfil, Olivia Yacee; Miss Puerto Rico, Zashely Alicea y Miss Latina, Yamilez Hern\u00e1ndez.<\/span><i> &#8211; Suministrada<\/i><\/p>\n<\/div>\n<div>\n<p>Tras varias semanas de concentraci\u00f3n en <a href=\"https:\/\/www.elnuevodia.com\/topicos\/Tailandia\/\" target=\"_self\" rel title=\"https:\/\/www.elnuevodia.com\/topicos\/Tailandia\/\"><b>Bangkok, Tailandia<\/b>, <\/a>sede de la edici\u00f3n 74 de <a href=\"https:\/\/www.elnuevodia.com\/topicos\/miss-universe\/\" target=\"_self\" rel title=\"https:\/\/www.elnuevodia.com\/topicos\/miss-universe\/\"><b>Miss Universe<\/b>,<\/a> ocurri\u00f3 ayer uno de los momentos m\u00e1s importantes y esperados: la <b>competencia preliminar,<\/b> una noche que marca el rumbo de las candidatas que formar\u00e1n el anhelado <i><b>Top 30<\/b><\/i>, el cual ser\u00e1 anunciado en la <b>gala final<\/b> del j<b>ueves, 20 de noviembre<\/b>, a las <b>9:00 p.m.<\/b> (hora de Puerto Rico).<\/p>\n<div>\n<p>El selecto grupo continuar\u00e1 su camino rumbo a la corona universal y a convertirse en la sucesora de<b> <\/b><a href=\"https:\/\/www.elnuevodia.com\/topicos\/victoria-kjaer-theilvig\/\" target=\"_self\" rel title=\"https:\/\/www.elnuevodia.com\/topicos\/victoria-kjaer-theilvig\/\"><b>Victoria Kjaer Theilvig, de Dinamarca.<\/b><\/a><\/p>\n<\/div>\n<p>La proyecci\u00f3n de las <b>120 delegadas<\/b> fue puesta a prueba en el escenario del <b>Impact Arena, <\/b>en <b>Pak Kret<\/b>, donde muchas de ellas se destacaron en su ejecuci\u00f3n en la pasarela de traje de ba\u00f1o y deslumbraron con elegancia en el desfile de traje de gala, los momentos m\u00e1s esperados del certamen internacional.<\/p>\n<p><h4>A continuaci\u00f3n, las 12 favoritas de<b> El Nuevo D\u00eda,<\/b> basadas en su desempe\u00f1o en esta edici\u00f3n:<\/h4>\n<\/p>\n<p><b>Miss Argentina \u2013 Aldana Masset<\/b><\/p>\n<div>\n<figure><picture><source media=\"(max-width: 375px)\" ><source media=\"(max-width: 767px)\" ><source media=\"(max-width: 1023px)\" ><source ><img src=\"https:\/\/www.elnuevodia.com\/resizer\/v2\/FI3THSHCJJBBVPNT2IJOSMRZHM.JPG?auth=6af3c55544f08891e313457f0f0f0f53d53547c21b5cfe79fa6405ad7f609e4c&#038;quality=75&#038;width=829&#038;smart=true\" alt=\"Miss Argentina \u2013 Aldana Masset\" loading=\"lazy\" fetchpriority=\"low\" decoding=\"async\"><\/picture><figcaption>Miss Argentina \u2013 Aldana Masset (Suministrada)<\/figcaption><\/figure>\n<\/div>\n<p>Edad: 25 a\u00f1os<\/p>\n<p>Ocupaci\u00f3n: Modelo, maquillista profesional, asesora de imagen y estudiante de Derecho.<\/p>\n<p>Durante la preliminar, se destac\u00f3 por su seguridad en el escenario.<\/p>\n<p><b>Miss Chile \u2013 Mar\u00eda Ignacia Moll <\/b><\/p>\n<div>\n<figure><picture><source media=\"(max-width: 375px)\" ><source media=\"(max-width: 767px)\" ><source media=\"(max-width: 1023px)\" ><source ><img src=\"https:\/\/www.elnuevodia.com\/resizer\/v2\/J4MXERGKXBF3RJ63HL5VYGY32Q.jpg?auth=d42c0bc4f78126af38afbe9226609879012679fbf25032d39489356bea013896&#038;quality=75&#038;width=829&#038;smart=true\" alt=\"Miss Chile \u2013 Mar\u00eda Ignacia Moll\" loading=\"lazy\" fetchpriority=\"low\" decoding=\"async\"><\/picture><figcaption>Miss Chile \u2013 Mar\u00eda Ignacia Moll (Suministrada)<\/figcaption><\/figure>\n<\/div>\n<p>Edad: 28 a\u00f1os<\/p>\n<p>Ocupaci\u00f3n: Modelo y creadora de contenido.<\/p>\n<p>Conocida en redes sociales como Inna Moll, la chilena se ha mantenido en el grupo de favoritas desde el comienzo de la concentraci\u00f3n. En d\u00edas recientes estuvo en el ojo p\u00fablico tras unirse en TikTok a la tendencia de \u201cAddicted to you\u201d.<\/p>\n<p><b>Miss Colombia \u2013 Vanessa Pulgar\u00edn<\/b><\/p>\n<div>\n<figure><picture><source media=\"(max-width: 375px)\" ><source media=\"(max-width: 767px)\" ><source media=\"(max-width: 1023px)\" ><source ><img src=\"https:\/\/www.elnuevodia.com\/resizer\/v2\/5VAV7X2UQRA2DF5HWQFFHILWRA.jpg?auth=a8ea5557bb0c444759aa4e0bf45764a62ab7342be5d81181e01dcd59a3440972&#038;quality=75&#038;width=829&#038;smart=true\" alt=\"Miss Colombia \u2013 Vanessa Pulgar\u00edn\" loading=\"lazy\" fetchpriority=\"low\" decoding=\"async\"><\/picture><figcaption>Miss Colombia \u2013 Vanessa Pulgar\u00edn (Suministrada)<\/figcaption><\/figure>\n<\/div>\n<p>Edad: 34 a\u00f1os<\/p>\n<p>Ocupaci\u00f3n: Empresaria y fil\u00e1ntropa.<\/p>\n<p>La tambi\u00e9n modelo es una de las favoritas del grupo de latinas y fue elegida en el certamen \u201cMiss Universo 2025: El reality\u201d, del canal colombiano RCN.<\/p>\n<p><b>Miss Costa de Marfil \u2013 Olivia Yacee<\/b><\/p>\n<div>\n<figure><picture><source media=\"(max-width: 375px)\" ><source media=\"(max-width: 767px)\" ><source media=\"(max-width: 1023px)\" ><source ><img src=\"https:\/\/www.elnuevodia.com\/resizer\/v2\/5GVKBLTQ4NEVFPG3AQMFRZQJ2E.jpg?auth=3f74432306f267c7f0117ade5c8e52d332173b1e6663e5d9b3e10413d77782e9&#038;quality=75&#038;width=829&#038;smart=true\" alt=\"Miss Costa de Marfil \u2013 Olivia Yaceesu\" loading=\"lazy\" fetchpriority=\"low\" decoding=\"async\"><\/picture><figcaption>Miss Costa de Marfil \u2013 Olivia Yaceesu (Suministrada)<\/figcaption><\/figure>\n<\/div>\n<p>Edad: 28 a\u00f1os<\/p>\n<p>Ocupaci\u00f3n: Modelo, empresaria y fil\u00e1ntropa.<\/p>\n<p>Fue la primera candidata en partir a Tailandia y, desde el inicio de la concentraci\u00f3n, se ha destacado por su belleza, simpat\u00eda y conexi\u00f3n con el p\u00fablico. En la mayor\u00eda de los Top picks de missi\u00f3logos figura entre las primeras tres posiciones.<\/p>\n<p><b>Miss Filipinas \u2013 Ahtisa Manalo<\/b><\/p>\n<div>\n<figure><picture><source media=\"(max-width: 375px)\" ><source media=\"(max-width: 767px)\" ><source media=\"(max-width: 1023px)\" ><source ><img src=\"https:\/\/www.elnuevodia.com\/resizer\/v2\/Y57CQXFBCJHVLNGFZTYNCQV7LA.jpg?auth=502762dc386b55ee300dab31197051cd540af3c18bcdd94990df86ff94412d1f&#038;quality=75&#038;width=829&#038;smart=true\" alt=\"Miss Filipinas \u2013 Ahtisa Manalo\" loading=\"lazy\" fetchpriority=\"low\" decoding=\"async\"><\/picture><figcaption>Miss Filipinas \u2013 Ahtisa Manalo (Suministrada)<\/figcaption><\/figure>\n<\/div>\n<p>Edad: 28 a\u00f1os<\/p>\n<p>Ocupaci\u00f3n: Empresaria.<\/p>\n<p>La candidata filipina se ha destacado por su carisma y es una de las m\u00e1s apoyadas por el p\u00fablico en las redes sociales.<\/p>\n<p><b>Miss Guadalupe \u2013 Oph\u00e9ly M\u00e9zino<\/b><\/p>\n<div>\n<figure><picture><source media=\"(max-width: 375px)\" ><source media=\"(max-width: 767px)\" ><source media=\"(max-width: 1023px)\" ><source ><img src=\"https:\/\/www.elnuevodia.com\/resizer\/v2\/7CP7TNSGJNE7RDDUJR77Q5HF4A.jpg?auth=e70a6194f59082c6a46534677a7aa1972d137ed81c957d6b6f6c0e2446d2fdc9&#038;quality=75&#038;width=829&#038;smart=true\" alt=\"Miss Guadalupe \u2013 Oph\u00e9ly M\u00e9zino\" loading=\"lazy\" fetchpriority=\"low\" decoding=\"async\"><\/picture><figcaption>Miss Guadalupe \u2013 Oph\u00e9ly M\u00e9zino (Suministrada)<\/figcaption><\/figure>\n<\/div>\n<p>Edad: 26 a\u00f1os<\/p>\n<p>Ocupaci\u00f3n: Modelo y actriz.<\/p>\n<p>Su elegancia y porte en el escenario la han ubicado en muchos de los Top de fan\u00e1ticos de los cert\u00e1menes de belleza.<\/p>\n<p><b>Miss Hait\u00ed \u2013 Melissa Sapini<\/b><\/p>\n<div>\n<figure><picture><source media=\"(max-width: 375px)\" ><source media=\"(max-width: 767px)\" ><source media=\"(max-width: 1023px)\" ><source ><img src=\"https:\/\/www.elnuevodia.com\/resizer\/v2\/PGIBJTQQ3ZAGXFRDSUZNEWHN7E.jpg?auth=76e1b03603059e30421fb87c5f1b9b260b5bdd4572363005fe764a556e28c858&#038;quality=75&#038;width=829&#038;smart=true\" alt=\"Miss Hait\u00ed \u2013 Melissa Sapini\" loading=\"lazy\" fetchpriority=\"low\" decoding=\"async\"><\/picture><figcaption>Miss Hait\u00ed \u2013 Melissa Sapini (Suministrada)<\/figcaption><\/figure>\n<\/div>\n<p>Edad: 22 a\u00f1os<\/p>\n<p>Ocupaci\u00f3n: Periodista, presentadora de televisi\u00f3n y modelo.<\/p>\n<p>Ha sido una de las grandes sorpresas de la preliminar, donde demostr\u00f3 su potencial en pasarela.<\/p>\n<p><b>Miss Latina \u2013 Yamilex Hern\u00e1ndez<\/b><\/p>\n<div>\n<figure><picture><source media=\"(max-width: 375px)\" ><source media=\"(max-width: 767px)\" ><source media=\"(max-width: 1023px)\" ><source ><img src=\"https:\/\/www.elnuevodia.com\/resizer\/v2\/COFE3IV45BCSFAAP4HJFSZQCJA.jpg?auth=873c9c64b9532f22d6b19aab73724af8cb27e5d9ac1dd80dd17ae115014495e6&#038;quality=75&#038;width=829&#038;smart=true\" alt=\"Miss Latina \u2013 Yamilex Hern\u00e1ndez\" loading=\"lazy\" fetchpriority=\"low\" decoding=\"async\"><\/picture><figcaption>Miss Latina \u2013 Yamilex Hern\u00e1ndez (Suministrada)<\/figcaption><\/figure>\n<\/div>\n<p>Edad: 29 a\u00f1os<\/p>\n<p>Ocupaci\u00f3n: Modelo y comunicadora.<\/p>\n<p>Es la primera representante de la mujer latina radicada en Estados Unidos tras ganar la competencia <b>\u201cMiss Universe Latina: El reality\u201d,<\/b> de <b>Telemundo<\/b>. Nacida en Rep\u00fablica Dominicana, cuenta con experiencia en cert\u00e1menes de belleza, y su proyecci\u00f3n esc\u00e9nica la ubica entre las favoritas.<\/p>\n<p><b>Miss Portugal \u2013 Camila Vitorino<\/b><\/p>\n<div>\n<figure><picture><source media=\"(max-width: 375px)\" ><source media=\"(max-width: 767px)\" ><source media=\"(max-width: 1023px)\" ><source ><img src=\"https:\/\/www.elnuevodia.com\/resizer\/v2\/VYZI2TC4NBHRVIDG5KGBAD4DPA.JPEG?auth=64998669b8836f123164296bb3364bd3ce188544a4a5645ec112d7a05b9075e3&#038;quality=75&#038;width=829&#038;smart=true\" alt=\"Miss Portugal \u2013 Camila Vitorino\" loading=\"lazy\" fetchpriority=\"low\" decoding=\"async\"><\/picture><figcaption>Miss Portugal \u2013 Camila Vitorino (Suministrada)<\/figcaption><\/figure>\n<\/div>\n<p>Edad: 26 a\u00f1os<\/p>\n<p>Ocupaci\u00f3n: Estudiante de mercadeo.<\/p>\n<p>Est\u00e1 casada y es madre de un ni\u00f1o. Es considerada uno de los rostros m\u00e1s bellos de esta edici\u00f3n.<\/p>\n<div>\n<figure><picture><source media=\"(max-width: 375px)\" ><source media=\"(max-width: 767px)\" ><source media=\"(max-width: 1023px)\" ><source ><img src=\"https:\/\/www.elnuevodia.com\/resizer\/v2\/VUTE3STITBCLRDJLH5TVOI5IAQ.jpg?auth=651da2f427edb20278d80148288dfc0517106cdee13db7356e15e6f49d661e6f&#038;quality=75&#038;width=829&#038;smart=true\" alt=\"Miss Puerto Rico \u2013 Zashely Alicea\" loading=\"lazy\" fetchpriority=\"low\" decoding=\"async\"><\/picture><figcaption>Miss Puerto Rico \u2013 Zashely Alicea (Suministrada)<\/figcaption><\/figure>\n<\/div>\n<p>Edad: 26 a\u00f1os<\/p>\n<p>Ocupaci\u00f3n: Posee un bachillerato en psicolog\u00eda. Es modelo, bailarina y gimnasta.<\/p>\n<p>La representante boricua es otra de las latinas con grandes probabilidades de ganar la corona universal. Entre sus cualidades destacan la disciplina, elegancia y seguridad, adem\u00e1s de un carisma que le ha permitido conectar de manera aut\u00e9ntica con los fan\u00e1ticos desde su llegada a Tailandia.<\/p>\n<p>En la preliminar, sobresali\u00f3 como una de las mejores en pasarela de traje de ba\u00f1o y luci\u00f3 un espectacular vestido de gala llamado \u201cResplandor dorado\u201d.<\/p>\n<p><b>Miss Tailandia \u2013 Praveenar Singh<\/b><\/p>\n<div>\n<figure><picture><source media=\"(max-width: 375px)\" ><source media=\"(max-width: 767px)\" ><source media=\"(max-width: 1023px)\" ><source ><img src=\"https:\/\/www.elnuevodia.com\/resizer\/v2\/FYKTNERV4RGC3HCCCQHGWZGRIA.jpg?auth=6fda03af0990ecb06700f30d1b9b0413638021f3962f0d9987fbd8f8e9f4c595&#038;quality=75&#038;width=829&#038;smart=true\" alt=\"Miss Tailandia \u2013 Praveenar Singh\" loading=\"lazy\" fetchpriority=\"low\" decoding=\"async\"><\/picture><figcaption>Miss Tailandia \u2013 Praveenar Singh (Suministrada)<\/figcaption><\/figure>\n<\/div>\n<p>Edad: 29 a\u00f1os<\/p>\n<p>Ocupaci\u00f3n: Modelo y empresaria.<\/p>\n<p>La candidata anfitriona es una de las grandes favoritas para ganar la corona debido a su proyecci\u00f3n y sensualidad en el escenario. Durante la preliminar fue una de las m\u00e1s destacadas al presentar su traje de gala.<\/p>\n<p><b>Miss Venezuela \u2013 Stephany Abasali<\/b><\/p>\n<div>\n<figure><picture><source media=\"(max-width: 375px)\" ><source media=\"(max-width: 767px)\" ><source media=\"(max-width: 1023px)\" ><source ><img src=\"https:\/\/www.elnuevodia.com\/resizer\/v2\/3BFRPDJHWZF4FN3IXY7NYMNCXU.jpg?auth=691488786da768a63e1513d721d9ced71d068ddab0017786d0faeec8a3a19c56&#038;quality=75&#038;width=829&#038;smart=true\" alt=\"Miss Venezuela \u2013 Stephany Abasali\" loading=\"lazy\" fetchpriority=\"low\" decoding=\"async\"><\/picture><figcaption>Miss Venezuela \u2013 Stephany Abasali (Suministrada)<\/figcaption><\/figure>\n<\/div>\n<p>Edad: 25 a\u00f1os<\/p>\n<p>Ocupaci\u00f3n: Economista.<\/p>\n<p>La joven venezolana se ha destacado por su elegancia y oratoria durante las semanas de concentraci\u00f3n. Es otra de las candidatas latinas con altas probabilidades de ganar la corona.<\/p>\n<p>Ahora, el escenario queda listo para la gran final, que en Puerto Rico se podr\u00e1 sintonizar a trav\u00e9s de <b>Wapa Televisi\u00f3n. <\/b><\/p>\n<div>\n<p><b>1 \/ 35 | <\/b><span> 2025: Las 12 favoritas de El Nuevo D\u00eda para ganar la corona de Miss Universe . Miss Costa de Marfil, Olivia Yacee; Miss Puerto Rico, Zashely Alicea y Miss Latina, Yamilez Hern\u00e1ndez.<\/span><i> &#8211; Suministrada<\/i><\/p>\n<\/div>\n<\/div>\n\n    <div class=\"xs_social_share_widget xs_share_url after_content \t\tmain_content  wslu-style-1 wslu-share-box-shaped wslu-fill-colored wslu-none wslu-share-horizontal wslu-theme-font-no wslu-main_content\">\n\n\t\t\n        <ul>\n\t\t\t        <\/ul>\n    <\/div> \n","protected":false},"excerpt":{"rendered":"<p>1 \/ 35 | Las 12 favoritas de El Nuevo D\u00eda para ganar Miss Universe 2025. Miss Costa de Marfil, Olivia Yacee; Miss Puerto Rico, Zashely Alicea y Miss Latina, Yamilez Hern\u00e1ndez. &#8211; Suministrada Tras varias semanas de concentraci\u00f3n en Bangkok, Tailandia, sede de la edici\u00f3n 74 de Miss Universe, ocurri\u00f3 ayer uno de los<\/p>\n","protected":false},"author":2,"featured_media":15610,"comment_status":"open","ping_status":"open","sticky":false,"template":"","format":"standard","meta":{"om_disable_all_campaigns":false,"_monsterinsights_skip_tracking":false,"_monsterinsights_sitenote_active":false,"_monsterinsights_sitenote_note":"","_monsterinsights_sitenote_category":0,"footnotes":""},"categories":[47],"tags":[],"class_list":["post-15675","post","type-post","status-publish","format-standard","has-post-thumbnail","hentry","category-farandula"],"aioseo_notices":[],"_links":{"self":[{"href":"https:\/\/aleeknews.com\/4l33k5\/wp-json\/wp\/v2\/posts\/15675","targetHints":{"allow":["GET"]}}],"collection":[{"href":"https:\/\/aleeknews.com\/4l33k5\/wp-json\/wp\/v2\/posts"}],"about":[{"href":"https:\/\/aleeknews.com\/4l33k5\/wp-json\/wp\/v2\/types\/post"}],"author":[{"embeddable":true,"href":"https:\/\/aleeknews.com\/4l33k5\/wp-json\/wp\/v2\/users\/2"}],"replies":[{"embeddable":true,"href":"https:\/\/aleeknews.com\/4l33k5\/wp-json\/wp\/v2\/comments?post=15675"}],"version-history":[{"count":0,"href":"https:\/\/aleeknews.com\/4l33k5\/wp-json\/wp\/v2\/posts\/15675\/revisions"}],"wp:featuredmedia":[{"embeddable":true,"href":"https:\/\/aleeknews.com\/4l33k5\/wp-json\/wp\/v2\/media\/15610"}],"wp:attachment":[{"href":"https:\/\/aleeknews.com\/4l33k5\/wp-json\/wp\/v2\/media?parent=15675"}],"wp:term":[{"taxonomy":"category","embeddable":true,"href":"https:\/\/aleeknews.com\/4l33k5\/wp-json\/wp\/v2\/categories?post=15675"},{"taxonomy":"post_tag","embeddable":true,"href":"https:\/\/aleeknews.com\/4l33k5\/wp-json\/wp\/v2\/tags?post=15675"}],"curies":[{"name":"wp","href":"https:\/\/api.w.org\/{rel}","templated":true}]}}