{"id":15640,"date":"2025-11-21T14:43:25","date_gmt":"2025-11-21T13:43:25","guid":{"rendered":"https:\/\/aleeknews.com\/4l33k5\/2025\/11\/21\/fallece-peter-dolara-figura-clave-en-el-desarrollo-de-american-airlines-en-puerto-rico\/"},"modified":"2025-11-21T14:43:25","modified_gmt":"2025-11-21T13:43:25","slug":"fallece-peter-dolara-figura-clave-en-el-desarrollo-de-american-airlines-en-puerto-rico","status":"publish","type":"post","link":"https:\/\/aleeknews.com\/4l33k5\/2025\/11\/21\/fallece-peter-dolara-figura-clave-en-el-desarrollo-de-american-airlines-en-puerto-rico\/","title":{"rendered":"Fallece Peter Dolara, figura clave en el desarrollo de American Airlines en Puerto Rico"},"content":{"rendered":"<div>\n<p>Peter Dolara, exejecutivo de <a href=\"https:\/\/www.elnuevodia.com\/topicos\/american-airlines\/\" target=\"_blank\" rel=\"noreferrer\" title=\"https:\/\/www.elnuevodia.com\/topicos\/american-airlines\/\">American Airlines<\/a>, quien jug\u00f3 un papel clave en el crecimiento de la aerol\u00ednea estadounidense en Puerto Rico, falleci\u00f3 a los 87 a\u00f1os.<\/p>\n<p>Dolara, conocido por sus compa\u00f1eros de trabajo como \u201cEl jefe\u201d, se retir\u00f3 de American Airlines en 2012, luego de sobre 40 a\u00f1os de servicio. <\/p>\n<p>Dolara jug\u00f3 un papel clave en el desarrollo de American Airlines en Puerto Rico. Gracias a su visi\u00f3n, la isla se convirti\u00f3 en el eje de conexi\u00f3n del Caribe a trav\u00e9s de la desaparecida l\u00ednea a\u00e9rea American Eagle. Gracias a su liderato, talento puertorrique\u00f1o escal\u00f3 profesionalmente hasta ocupar puestos destacados en la gerencia corportaiva en la aerol\u00ednea.<\/p>\n<p>El ejecutivo se uni\u00f3 a la aerol\u00ednea en 1971. Al inicio de su carrera, ocup\u00f3 varios puestos en ventas para la Divisi\u00f3n del Este de la aerol\u00ednea, con sede en Nueva York. <\/p>\n<p>Posteriormente, en 1984, fue nombrado vicepresidente de Ventas del Atl\u00e1ntico, Caribe y Nueva York. En 1989, se convirti\u00f3 en vicepresidente s\u00e9nior.<\/p>\n<p><b>\u201cTodo el equipo de American Airlines lamenta el fallecimiento de Peter Dolara\u201d<\/b>, expres\u00f3 <b>Robert Isom<\/b>, principal oficial ejecutivo de American Airlines, en un comunicado de prensa.<\/p>\n<p><b>\u201cPeter fue una figura legendaria en American, en el sur de Florida y en toda Am\u00e9rica Latina. Fue fundamental para el crecimiento de nuestro centro de operaciones en Miami y de nuestra red en Am\u00e9rica Latina, y American no ser\u00eda lo que es hoy sin su visi\u00f3n y liderazgo. Nuestros pensamientos est\u00e1n con la familia, los amigos y los colegas de Peter durante este dif\u00edcil momento\u201d<\/b>, agreg\u00f3.<\/p>\n<p>Dolara se mud\u00f3 a Miami en 1992, lugar en el que lider\u00f3 el desarrollo de la presencia de American Airlines en la regi\u00f3n de M\u00e9xico, el Caribe y Am\u00e9rica Latina, incluyendo a Puerto Rico.<\/p>\n<p>Antes de mudarse a Miami, Dolara desempe\u00f1\u00f3 un papel fundamental en la adquisici\u00f3n de Eastern Airlines por parte de American en 1990 y en su red de rutas de Centro y Sudam\u00e9rica, record\u00f3 la aerol\u00ednea.<\/p>\n<p><b>\u201cHoy, American se enorgullece de ser la Aerol\u00ednea Local de Miami, ofreciendo una red l\u00edder en la industria hacia MCLA y empleando a la fuerza laboral privada m\u00e1s grande del condado de Miami-Dade \u201415,500 miembros del equipo que representan el esp\u00edritu vibrante de Miami y nuestra profunda conexi\u00f3n con la regi\u00f3n MCLA\u201d<\/b>, agreg\u00f3, por su parte, Juan Carlos Liscano, vicepresidente de Operaciones de American en el Aeropuerto Internacional de Miami (MIA).<\/p>\n<p>\u201cNada de esto habr\u00eda sido posible sin Peter, quien allan\u00f3 el camino para nuestro \u00e9xito en Miami. Hoy perdimos a un verdadero visionario, pero su influencia en nuestra aerol\u00ednea y en la comunidad de Miami perdurar\u00e1 por siempre. Aunque actualmente tengo el honor de liderar nuestro equipo y operaci\u00f3n en MIA, llevamos adelante el legado de Peter en todo lo que hacemos\u201d, agreg\u00f3 Liscano.<\/p>\n<\/div>\n\n    <div class=\"xs_social_share_widget xs_share_url after_content \t\tmain_content  wslu-style-1 wslu-share-box-shaped wslu-fill-colored wslu-none wslu-share-horizontal wslu-theme-font-no wslu-main_content\">\n\n\t\t\n        <ul>\n\t\t\t        <\/ul>\n    <\/div> \n","protected":false},"excerpt":{"rendered":"<p>Peter Dolara, exejecutivo de American Airlines, quien jug\u00f3 un papel clave en el crecimiento de la aerol\u00ednea estadounidense en Puerto Rico, falleci\u00f3 a los 87 a\u00f1os. Dolara, conocido por sus compa\u00f1eros de trabajo como \u201cEl jefe\u201d, se retir\u00f3 de American Airlines en 2012, luego de sobre 40 a\u00f1os de servicio. Dolara jug\u00f3 un papel clave<\/p>\n","protected":false},"author":2,"featured_media":15641,"comment_status":"open","ping_status":"open","sticky":false,"template":"","format":"standard","meta":{"om_disable_all_campaigns":false,"_monsterinsights_skip_tracking":false,"_monsterinsights_sitenote_active":false,"_monsterinsights_sitenote_note":"","_monsterinsights_sitenote_category":0,"footnotes":""},"categories":[5],"tags":[],"class_list":["post-15640","post","type-post","status-publish","format-standard","has-post-thumbnail","hentry","category-negocios"],"aioseo_notices":[],"_links":{"self":[{"href":"https:\/\/aleeknews.com\/4l33k5\/wp-json\/wp\/v2\/posts\/15640","targetHints":{"allow":["GET"]}}],"collection":[{"href":"https:\/\/aleeknews.com\/4l33k5\/wp-json\/wp\/v2\/posts"}],"about":[{"href":"https:\/\/aleeknews.com\/4l33k5\/wp-json\/wp\/v2\/types\/post"}],"author":[{"embeddable":true,"href":"https:\/\/aleeknews.com\/4l33k5\/wp-json\/wp\/v2\/users\/2"}],"replies":[{"embeddable":true,"href":"https:\/\/aleeknews.com\/4l33k5\/wp-json\/wp\/v2\/comments?post=15640"}],"version-history":[{"count":0,"href":"https:\/\/aleeknews.com\/4l33k5\/wp-json\/wp\/v2\/posts\/15640\/revisions"}],"wp:featuredmedia":[{"embeddable":true,"href":"https:\/\/aleeknews.com\/4l33k5\/wp-json\/wp\/v2\/media\/15641"}],"wp:attachment":[{"href":"https:\/\/aleeknews.com\/4l33k5\/wp-json\/wp\/v2\/media?parent=15640"}],"wp:term":[{"taxonomy":"category","embeddable":true,"href":"https:\/\/aleeknews.com\/4l33k5\/wp-json\/wp\/v2\/categories?post=15640"},{"taxonomy":"post_tag","embeddable":true,"href":"https:\/\/aleeknews.com\/4l33k5\/wp-json\/wp\/v2\/tags?post=15640"}],"curies":[{"name":"wp","href":"https:\/\/api.w.org\/{rel}","templated":true}]}}