{"id":15632,"date":"2025-11-21T14:42:26","date_gmt":"2025-11-21T13:42:26","guid":{"rendered":"https:\/\/aleeknews.com\/4l33k5\/2025\/11\/21\/el-feminicidio-de-una-adolescente-de-13-anos-causa-conmocion-en-bolivia\/"},"modified":"2025-11-21T14:42:26","modified_gmt":"2025-11-21T13:42:26","slug":"el-feminicidio-de-una-adolescente-de-13-anos-causa-conmocion-en-bolivia","status":"publish","type":"post","link":"https:\/\/aleeknews.com\/4l33k5\/2025\/11\/21\/el-feminicidio-de-una-adolescente-de-13-anos-causa-conmocion-en-bolivia\/","title":{"rendered":"El feminicidio de una adolescente de 13 a\u00f1os causa conmoci\u00f3n en Bolivia"},"content":{"rendered":"<div>\n<p><b>La Paz\u2014<\/b> <b>Una adolescente de 13 a\u00f1os fue v\u00edctima de feminicidio en <\/b><a href=\"https:\/\/www.elnuevodia.com\/topicos\/bolivia\/\" target=\"_blank\" rel=\"noreferrer\" title=\"https:\/\/www.elnuevodia.com\/topicos\/bolivia\/\"><b>Bolivia<\/b><\/a> en un caso que conmocion\u00f3 a la poblaci\u00f3n de Chulumani, donde el presunto autor, un hombre de 25 a\u00f1os, estuvo a punto de ser linchado por los vecinos que tambi\u00e9n incendiaron su veh\u00edculo, inform\u00f3 este mi\u00e9rcoles la Fiscal\u00eda boliviana. <\/p>\n<p>Las autoridades hallaron el cuerpo de la menor la v\u00edspera en un barranco descrito como de \u201cdif\u00edcil acceso\u201d, a unos 30 minutos de Chulumani, localidad ubicada a 115 kil\u00f3metros al noreste de La Paz, seg\u00fan el fiscal departamental, Luis Carlos Torrez, <b>la adolescente estaba envuelta en un saquillo o costal cuando fue encontrada por los equipos de b\u00fasqueda. <\/b><\/p>\n<p><b>La joven hab\u00eda sido declarada desaparecida desde el s\u00e1bado, mientras que la \u00faltima vez que se la vio con vida fue cuando una c\u00e1mara de seguridad registr\u00f3 que abord\u00f3 un veh\u00edculo durante la madrugada, presuntamente conducido por el agresor<\/b>, de acuerdo con medios locales, el hombre se present\u00f3 voluntariamente ante la Polic\u00eda en Chulumani y reconoci\u00f3 el crimen, indicando adem\u00e1s el lugar donde hab\u00eda dejado el cuerpo. <\/p>\n<p>Cuando el sospechoso regresaba a la comisar\u00eda, una turba lo esperaba en las afueras, los pobladores lo sacaron de la patrulla y lo golpearon, e incendiaron el veh\u00edculo en el que d\u00edas antes supuestamente habr\u00eda recogido a la adolescente. <\/p>\n<p>El fiscal Torrez se\u00f1al\u00f3 que el hombre confes\u00f3 que no conoc\u00eda previamente a la v\u00edctima y que antes de recogerla hab\u00eda estado consumiendo <a href=\"https:\/\/www.elnuevodia.com\/topicos\/bebidas-alcoholicas\/\" target=\"_blank\" rel=\"noreferrer\" title=\"https:\/\/www.elnuevodia.com\/topicos\/bebidas-alcoholicas\/\"><b>bebidas alcoh\u00f3licas<\/b><\/a>, tambi\u00e9n admiti\u00f3 haber abusado de la menor. <\/p>\n<p>La autopsia estableci\u00f3 que la causa de la muerte fue estrangulamiento, precis\u00f3 la autoridad. <\/p>\n<div>\n<p><b>1 \/ 14 | <\/b><span> Miles de mujeres salen a las calles en Am\u00e9rica Latina. Mujeres marchan contra la violencia de g\u00e9nero en el marco del D\u00eda Internacional de la Mujer Trabajadora en la Ciudad de M\u00e9xico, el s\u00e1bado 8 de marzo de 2025. <\/span><i> &#8211; Ginnette Riquelme<\/i><\/p>\n<\/div>\n<p>La Fiscal\u00eda inform\u00f3 que el caso se procesa como feminicidio \u201cen grado de vulnerabilidad\u201d debido a la corta edad de la v\u00edctima y adelant\u00f3 que solicitar\u00e1 la detenci\u00f3n preventiva del principal sospechoso en una c\u00e1rcel de m\u00e1xima seguridad. <\/p>\n<p><b>Seg\u00fan el \u00faltimo reporte del Ministerio P\u00fablico hasta octubre, Bolivia registr\u00f3 62 feminicidios este a\u00f1o, la mayor\u00eda en los departamentos de La Paz (24), Santa Cruz (15), Cochabamba (10) y Potos\u00ed (5). En ese mismo periodo, los infanticidios suman 27, principalmente en Cochabamba, La Paz y Potos\u00ed. <\/b><\/p>\n<p>Entre enero y octubre, las denuncias m\u00e1s frecuentes son por violencia familiar, con 28,840 casos, seguidas de violaci\u00f3n, con 2,539, y abuso sexual, con 2,760. Desde 2013, la Ley 348 sanciona el feminicidio con 30 a\u00f1os de prisi\u00f3n sin derecho a indulto, aunque organizaciones feministas denuncian que esta ley a\u00fan no se aplica plenamente por falta de presupuesto y personal especializado. <\/p>\n<\/div>\n\n    <div class=\"xs_social_share_widget xs_share_url after_content \t\tmain_content  wslu-style-1 wslu-share-box-shaped wslu-fill-colored wslu-none wslu-share-horizontal wslu-theme-font-no wslu-main_content\">\n\n\t\t\n        <ul>\n\t\t\t        <\/ul>\n    <\/div> \n","protected":false},"excerpt":{"rendered":"<p>La Paz\u2014 Una adolescente de 13 a\u00f1os fue v\u00edctima de feminicidio en Bolivia en un caso que conmocion\u00f3 a la poblaci\u00f3n de Chulumani, donde el presunto autor, un hombre de 25 a\u00f1os, estuvo a punto de ser linchado por los vecinos que tambi\u00e9n incendiaron su veh\u00edculo, inform\u00f3 este mi\u00e9rcoles la Fiscal\u00eda boliviana. Las autoridades hallaron<\/p>\n","protected":false},"author":2,"featured_media":15633,"comment_status":"open","ping_status":"open","sticky":false,"template":"","format":"standard","meta":{"om_disable_all_campaigns":false,"_monsterinsights_skip_tracking":false,"_monsterinsights_sitenote_active":false,"_monsterinsights_sitenote_note":"","_monsterinsights_sitenote_category":0,"footnotes":""},"categories":[10],"tags":[],"class_list":["post-15632","post","type-post","status-publish","format-standard","has-post-thumbnail","hentry","category-mundo"],"aioseo_notices":[],"_links":{"self":[{"href":"https:\/\/aleeknews.com\/4l33k5\/wp-json\/wp\/v2\/posts\/15632","targetHints":{"allow":["GET"]}}],"collection":[{"href":"https:\/\/aleeknews.com\/4l33k5\/wp-json\/wp\/v2\/posts"}],"about":[{"href":"https:\/\/aleeknews.com\/4l33k5\/wp-json\/wp\/v2\/types\/post"}],"author":[{"embeddable":true,"href":"https:\/\/aleeknews.com\/4l33k5\/wp-json\/wp\/v2\/users\/2"}],"replies":[{"embeddable":true,"href":"https:\/\/aleeknews.com\/4l33k5\/wp-json\/wp\/v2\/comments?post=15632"}],"version-history":[{"count":0,"href":"https:\/\/aleeknews.com\/4l33k5\/wp-json\/wp\/v2\/posts\/15632\/revisions"}],"wp:featuredmedia":[{"embeddable":true,"href":"https:\/\/aleeknews.com\/4l33k5\/wp-json\/wp\/v2\/media\/15633"}],"wp:attachment":[{"href":"https:\/\/aleeknews.com\/4l33k5\/wp-json\/wp\/v2\/media?parent=15632"}],"wp:term":[{"taxonomy":"category","embeddable":true,"href":"https:\/\/aleeknews.com\/4l33k5\/wp-json\/wp\/v2\/categories?post=15632"},{"taxonomy":"post_tag","embeddable":true,"href":"https:\/\/aleeknews.com\/4l33k5\/wp-json\/wp\/v2\/tags?post=15632"}],"curies":[{"name":"wp","href":"https:\/\/api.w.org\/{rel}","templated":true}]}}