{"id":15631,"date":"2025-11-21T14:42:27","date_gmt":"2025-11-21T13:42:27","guid":{"rendered":"https:\/\/aleeknews.com\/4l33k5\/2025\/11\/21\/recuerdan-al-dictador-francisco-franco-2\/"},"modified":"2025-11-21T14:42:27","modified_gmt":"2025-11-21T13:42:27","slug":"recuerdan-al-dictador-francisco-franco-2","status":"publish","type":"post","link":"https:\/\/aleeknews.com\/4l33k5\/2025\/11\/21\/recuerdan-al-dictador-francisco-franco-2\/","title":{"rendered":"Recuerdan al dictador Francisco Franco"},"content":{"rendered":"<div>\n<div data-fusion-lazy-id=\"f0fQYcNoHQKSGL\">\n<div class>\n<p><a href=\"https:\/\/thetrustproject.org\/\"><img decoding=\"async\" src=\"https:\/\/www.elnuevodia.com\/pf\/resources\/v2\/icons\/trust-icon.svg?d=217\"><\/a><\/p>\n<div>\n<p>Se adhiere a los criterios de The Trust Project<\/p>\n<\/div>\n<\/div>\n<div>\n<h2>En el 33 aniversario de la muerte del dictador, tambi\u00e9n honraron la memoria del dirigente falangista Jos\u00e9 Antonio Primo de Rivera.<\/h2>\n<div>\n<p>24 de noviembre de 2008 &#8211; 12:00 AM<\/p>\n<\/div>\n<div>\n<p><b>Archivo<\/b><\/p>\n<p>Esta historia fue publicada hace m\u00e1s de 17 a\u00f1os.<\/p>\n<\/div>\n<\/div>\n<\/div>\n<div data-fusion-lazy-id=\"f0fIYaQF9GLV14D\">\n<div><picture><source media=\"(max-width: 375px)\" ><source media=\"(max-width: 767px)\" ><source media=\"(max-width: 1023px)\" ><source ><img src=\"https:\/\/www.elnuevodia.com\/pf\/api\/v3\/content\/fetch\/image-resizer-v1?query=%7B%22website%22%3A%22el-nuevo-dia%22%2C%22imageUrl%22%3A%22https%3A%2F%2Fsandbox.elnuevodia.com%2Fresizer%2F2jKbdHLpEz1e6xcXJ_nKfq3QS2k%3D%2Farc-anglerfish-arc2-sandbox-sandbox-gfrmedia%2Fpublic%2F3U2W6UA6TFFTJF5GCFNFWLKNWA.png%22%2C%22width%22%3A829%2C%22redirect%22%3A%221%22%2C%22external%22%3A%221%22%7D\" alt loading=\"eager\" fetchpriority=\"high\" decoding=\"sync\"><\/picture><\/div>\n<div>\n<p>Madrid, Espa\u00f1a (AP) &#8211; Cientos de activistas de extrema derecha realizaron ayer una concentraci\u00f3n con motivo del 33 aniversario de la muerte del dictador Francisco Franco, recordando tambi\u00e9n al dirigente falangista Jos\u00e9 Antonio Primo de Rivera.<\/p>\n<\/div>\n<\/div>\n<section>\n<header><span>Popular en la Comunidad<\/span><\/header>\n<\/section>\n<\/div>\n\n    <div class=\"xs_social_share_widget xs_share_url after_content \t\tmain_content  wslu-style-1 wslu-share-box-shaped wslu-fill-colored wslu-none wslu-share-horizontal wslu-theme-font-no wslu-main_content\">\n\n\t\t\n        <ul>\n\t\t\t        <\/ul>\n    <\/div> \n","protected":false},"excerpt":{"rendered":"<p>Se adhiere a los criterios de The Trust Project En el 33 aniversario de la muerte del dictador, tambi\u00e9n honraron la memoria del dirigente falangista Jos\u00e9 Antonio Primo de Rivera. 24 de noviembre de 2008 &#8211; 12:00 AM Archivo Esta historia fue publicada hace m\u00e1s de 17 a\u00f1os. Madrid, Espa\u00f1a (AP) &#8211; Cientos de activistas<\/p>\n","protected":false},"author":2,"featured_media":0,"comment_status":"open","ping_status":"open","sticky":false,"template":"","format":"standard","meta":{"om_disable_all_campaigns":false,"_monsterinsights_skip_tracking":false,"_monsterinsights_sitenote_active":false,"_monsterinsights_sitenote_note":"","_monsterinsights_sitenote_category":0,"footnotes":""},"categories":[10],"tags":[],"class_list":["post-15631","post","type-post","status-publish","format-standard","hentry","category-mundo"],"aioseo_notices":[],"_links":{"self":[{"href":"https:\/\/aleeknews.com\/4l33k5\/wp-json\/wp\/v2\/posts\/15631","targetHints":{"allow":["GET"]}}],"collection":[{"href":"https:\/\/aleeknews.com\/4l33k5\/wp-json\/wp\/v2\/posts"}],"about":[{"href":"https:\/\/aleeknews.com\/4l33k5\/wp-json\/wp\/v2\/types\/post"}],"author":[{"embeddable":true,"href":"https:\/\/aleeknews.com\/4l33k5\/wp-json\/wp\/v2\/users\/2"}],"replies":[{"embeddable":true,"href":"https:\/\/aleeknews.com\/4l33k5\/wp-json\/wp\/v2\/comments?post=15631"}],"version-history":[{"count":0,"href":"https:\/\/aleeknews.com\/4l33k5\/wp-json\/wp\/v2\/posts\/15631\/revisions"}],"wp:attachment":[{"href":"https:\/\/aleeknews.com\/4l33k5\/wp-json\/wp\/v2\/media?parent=15631"}],"wp:term":[{"taxonomy":"category","embeddable":true,"href":"https:\/\/aleeknews.com\/4l33k5\/wp-json\/wp\/v2\/categories?post=15631"},{"taxonomy":"post_tag","embeddable":true,"href":"https:\/\/aleeknews.com\/4l33k5\/wp-json\/wp\/v2\/tags?post=15631"}],"curies":[{"name":"wp","href":"https:\/\/api.w.org\/{rel}","templated":true}]}}