{"id":15629,"date":"2025-11-21T14:42:29","date_gmt":"2025-11-21T13:42:29","guid":{"rendered":"https:\/\/aleeknews.com\/4l33k5\/2025\/11\/21\/piden-retirar-la-legion-de-honor-francesa-a-francisco-franco-50-anos-despues-de-su-muerte-2\/"},"modified":"2025-11-21T14:42:29","modified_gmt":"2025-11-21T13:42:29","slug":"piden-retirar-la-legion-de-honor-francesa-a-francisco-franco-50-anos-despues-de-su-muerte-2","status":"publish","type":"post","link":"https:\/\/aleeknews.com\/4l33k5\/2025\/11\/21\/piden-retirar-la-legion-de-honor-francesa-a-francisco-franco-50-anos-despues-de-su-muerte-2\/","title":{"rendered":"Piden retirar la Legi\u00f3n de Honor francesa a Francisco Franco, 50 a\u00f1os despu\u00e9s de su muerte"},"content":{"rendered":"<div>\n<p>Una senadora francesa present\u00f3 este jueves una propuesta de resoluci\u00f3n para reclamar al gobierno la retirada de la Legi\u00f3n de Honor que <a href=\"https:\/\/www.elnuevodia.com\/topicos\/francia\/\" target=\"_blank\" rel=\"noreferrer\" title=\"https:\/\/www.elnuevodia.com\/topicos\/francia\/\"><b>Francia<\/b><\/a> atribuy\u00f3 a <b>Francisco Franco<\/b>, cuando se cumplen 50 a\u00f1os de la muerte del dictador espa\u00f1ol.<\/p>\n<p>Francia concedi\u00f3 en 1928 esta distinci\u00f3n al entonces joven general de brigada y futuro dictador, a iniciativa del mariscal <b>Philippe P\u00e9tain<\/b>, entonces h\u00e9roe de guerra franc\u00e9s y futuro l\u00edder colaboracionista con la Alemania nazi.<\/p>\n<p><b>\u201cFrancisco Franco encarna la opresi\u00f3n, la represi\u00f3n y la violaci\u00f3n sistem\u00e1tica de los derechos humanos\u201d,<\/b> explic\u00f3 en un comunicado la senadora oficialista Nad\u00e8ge Havet, nieta de refugiados espa\u00f1oles.<\/p>\n<p><b>\u201cSu r\u00e9gimen caus\u00f3 la muerte de cientos de miles de personas, ejecuciones sumarias, desapariciones forzadas y el exilio de numerosos republicanos espa\u00f1oles, muchos de los cuales encontraron refugio en Francia\u201d<\/b>, agreg\u00f3.<\/p>\n<p>Vencedor de la sangrienta <a href=\"https:\/\/www.elnuevodia.com\/topicos\/guerra-civil\/\" target=\"_blank\" rel=\"noreferrer\" title=\"https:\/\/www.elnuevodia.com\/topicos\/guerra-civil\/\"><b>Guerra Civil<\/b><\/a> (1936-1939), Franco gobern\u00f3 de manera implacable durante 36 a\u00f1os hasta su muerte el 20 de noviembre de 1975, hace justo medio siglo.<\/p>\n<p>En 2016, Jean Oca\u00f1a, un franc\u00e9s hijo de un republicano espa\u00f1ol, ya pidi\u00f3 sin \u00e9xito la retirada de la condecoraci\u00f3n. Pero<b> \u201cno se puede retirar a un muerto\u201d<\/b>, explic\u00f3 entonces a AFP la Canciller\u00eda de la Legi\u00f3n de Honor.<\/p>\n<p>Pero \u201cmantener la Legi\u00f3n de Honor a Franco fomenta una confusi\u00f3n perjudicial entre el honor de Francia y la memoria de un r\u00e9gimen dictatorial\u201d, advierte Nad\u00e8ge Havet en su propuesta de resoluci\u00f3n transmitida a AFP.<\/p>\n<p>El texto invita al gobierno a \u201ctomar las medidas [reglamentarias] necesarias para despojar a Francisco Franco de la Legi\u00f3n de Honor\u201d, al tiempo que proclama que Franco \u201cno es digno\u201d de esta distinci\u00f3n.<\/p>\n<\/div>\n\n    <div class=\"xs_social_share_widget xs_share_url after_content \t\tmain_content  wslu-style-1 wslu-share-box-shaped wslu-fill-colored wslu-none wslu-share-horizontal wslu-theme-font-no wslu-main_content\">\n\n\t\t\n        <ul>\n\t\t\t        <\/ul>\n    <\/div> \n","protected":false},"excerpt":{"rendered":"<p>Una senadora francesa present\u00f3 este jueves una propuesta de resoluci\u00f3n para reclamar al gobierno la retirada de la Legi\u00f3n de Honor que Francia atribuy\u00f3 a Francisco Franco, cuando se cumplen 50 a\u00f1os de la muerte del dictador espa\u00f1ol. Francia concedi\u00f3 en 1928 esta distinci\u00f3n al entonces joven general de brigada y futuro dictador, a iniciativa<\/p>\n","protected":false},"author":2,"featured_media":15625,"comment_status":"open","ping_status":"open","sticky":false,"template":"","format":"standard","meta":{"om_disable_all_campaigns":false,"_monsterinsights_skip_tracking":false,"_monsterinsights_sitenote_active":false,"_monsterinsights_sitenote_note":"","_monsterinsights_sitenote_category":0,"footnotes":""},"categories":[10],"tags":[],"class_list":["post-15629","post","type-post","status-publish","format-standard","has-post-thumbnail","hentry","category-mundo"],"aioseo_notices":[],"_links":{"self":[{"href":"https:\/\/aleeknews.com\/4l33k5\/wp-json\/wp\/v2\/posts\/15629","targetHints":{"allow":["GET"]}}],"collection":[{"href":"https:\/\/aleeknews.com\/4l33k5\/wp-json\/wp\/v2\/posts"}],"about":[{"href":"https:\/\/aleeknews.com\/4l33k5\/wp-json\/wp\/v2\/types\/post"}],"author":[{"embeddable":true,"href":"https:\/\/aleeknews.com\/4l33k5\/wp-json\/wp\/v2\/users\/2"}],"replies":[{"embeddable":true,"href":"https:\/\/aleeknews.com\/4l33k5\/wp-json\/wp\/v2\/comments?post=15629"}],"version-history":[{"count":0,"href":"https:\/\/aleeknews.com\/4l33k5\/wp-json\/wp\/v2\/posts\/15629\/revisions"}],"wp:featuredmedia":[{"embeddable":true,"href":"https:\/\/aleeknews.com\/4l33k5\/wp-json\/wp\/v2\/media\/15625"}],"wp:attachment":[{"href":"https:\/\/aleeknews.com\/4l33k5\/wp-json\/wp\/v2\/media?parent=15629"}],"wp:term":[{"taxonomy":"category","embeddable":true,"href":"https:\/\/aleeknews.com\/4l33k5\/wp-json\/wp\/v2\/categories?post=15629"},{"taxonomy":"post_tag","embeddable":true,"href":"https:\/\/aleeknews.com\/4l33k5\/wp-json\/wp\/v2\/tags?post=15629"}],"curies":[{"name":"wp","href":"https:\/\/api.w.org\/{rel}","templated":true}]}}