{"id":15528,"date":"2025-11-19T13:42:24","date_gmt":"2025-11-19T12:42:24","guid":{"rendered":"https:\/\/aleeknews.com\/4l33k5\/2025\/11\/19\/presidente-de-ucrania-visita-el-cuadro-guernica-de-picasso-tras-establecer-un-paralelismo-con-los-bombardeos-de-ucrania\/"},"modified":"2025-11-19T13:42:24","modified_gmt":"2025-11-19T12:42:24","slug":"presidente-de-ucrania-visita-el-cuadro-guernica-de-picasso-tras-establecer-un-paralelismo-con-los-bombardeos-de-ucrania","status":"publish","type":"post","link":"https:\/\/aleeknews.com\/4l33k5\/2025\/11\/19\/presidente-de-ucrania-visita-el-cuadro-guernica-de-picasso-tras-establecer-un-paralelismo-con-los-bombardeos-de-ucrania\/","title":{"rendered":"Presidente de Ucrania visita el cuadro \u201cGuernica\u201d de Picasso tras establecer un paralelismo con los bombardeos de Ucrania"},"content":{"rendered":"<div>\n<div>\n<p>El Presidente de <a href=\"https:\/\/www.elnuevodia.com\/topicos\/ucrania\/\" target=\"_blank\" rel=\"noreferrer\" title=\"https:\/\/www.elnuevodia.com\/topicos\/ucrania\/\"><b>Ucrania<\/b><\/a>, <a href=\"https:\/\/www.elnuevodia.com\/topicos\/volodymyr-zelensky\/\" target=\"_blank\" rel=\"noreferrer\" title=\"https:\/\/www.elnuevodia.com\/topicos\/volodymyr-zelensky\/\"><b>Volodymyr Zelenskyy<\/b><\/a>, realiz\u00f3 el martes una visita de un d\u00eda a <a href=\"https:\/\/www.elnuevodia.com\/topicos\/espana\/\" target=\"_blank\" rel=\"noreferrer\" title=\"https:\/\/www.elnuevodia.com\/topicos\/espana\/\"><b>Espa\u00f1a<\/b><\/a> y aprovech\u00f3 la ocasi\u00f3n para contemplar el <b>\u201cGuernica\u201d<\/b> de <a href=\"https:\/\/www.elnuevodia.com\/topicos\/pablo-picasso\/\" target=\"_blank\" rel=\"noreferrer\" title=\"https:\/\/www.elnuevodia.com\/topicos\/pablo-picasso\/\"><b>Pablo Picasso<\/b><\/a>.<\/p>\n<\/div>\n<p>Fue un movimiento cargado de simbolismo.<\/p>\n<p><b>\u201cGuernica\u201d, uno de los cuadros m\u00e1s famosos del siglo pasado, representa los horrores de la guerra, en concreto el bombardeo de objetivos civiles.<\/b> El enorme cuadro en blanco y negro y gris muestra mujeres gritando, caballos agit\u00e1ndose y un toro corneado. Picasso los utiliz\u00f3 para representar el bombardeo de la ciudad de Guernica por aviones de guerra nazis y fascistas italianos en 1937, durante la Guerra Civil espa\u00f1ola.<\/p>\n<p>Las figuras cubistas y distorsionadas del cuadro se han convertido desde entonces en un s\u00edmbolo de sufrimiento, violencia y resistencia. En las Naciones Unidas cuelga un tapiz a la entrada de la sala del Consejo de Seguridad, donde Rusia es una de las cinco naciones con asiento permanente.<\/p>\n<p>Zelenskyy ya ha hecho referencia al cuadro en otras ocasiones. En abril de 2022, mientras se dirig\u00eda a distancia al parlamento espa\u00f1ol a pocos meses de la invasi\u00f3n a gran escala de Ucrania por parte de Rusia, dijo:<\/p>\n<p>\u201cImag\u00ednese que la gente ahora -en Europa- vive durante semanas en s\u00f3tanos para salvar vidas. De los bombardeos, de las bombas a\u00e9reas. Diariamente. Abril de 2022 &#8211; y la realidad en Ucrania es como si fuera abril de 1937. Cuando el mundo entero aprendi\u00f3 el nombre de una de sus ciudades &#8211; Guernica\u201d.<\/p>\n<p>El cuadro ha tenido otros visitantes famosos. El expresidente de Estados Unidos Barack Obama lo contempl\u00f3 en 2018 en una visita con el Rey Felipe VI de Espa\u00f1a. El novelista Salman Rushdie tambi\u00e9n vino a ver el \u201cGuernica\u201d, unos a\u00f1os despu\u00e9s de un ataque con arma blanca que le cost\u00f3 la visi\u00f3n de un ojo.<\/p>\n<p>\u201cEl Guernica es posiblemente el primer cuadro antibelicista del mundo\u201d, afirm\u00f3 Giles Tremlett, historiador que ha escrito mucho sobre la Espa\u00f1a del antiguo dictador, el general Francisco Franco. \u201cRepresenta algo que ha tenido continuidad desde entonces (&#8230;) y hoy es muy visible en Ucrania, por lo que parece muy acertado\u201d.<\/p>\n<p>La Guerra Civil espa\u00f1ola termin\u00f3 en 1939, tras lo cual Franco gobern\u00f3 como dictador hasta su muerte el 20 de noviembre de 1975, hace casi exactamente cincuenta a\u00f1os.<\/p>\n<p>Picasso hab\u00eda prohibido que el cuadro se expusiera en Espa\u00f1a mientras Franco permaneciera en el poder, por lo que fue prestado al Museo de Arte Moderno de Nueva York en 1939 y expuesto all\u00ed durante d\u00e9cadas.<\/p>\n<p>El cuadro regres\u00f3 a Espa\u00f1a en 1981, meses despu\u00e9s de que la joven democracia espa\u00f1ola sobreviviera a un intento de golpe militar que se consider\u00f3 el \u00faltimo intento serio de revertir su transici\u00f3n a la democracia.<\/p>\n<p>\u201cCuando el \u2018Guernica\u2019 lleg\u00f3 a Espa\u00f1a en 1981, para nosotros fue un s\u00edmbolo de esperanza de que no hab\u00eda forma de que Espa\u00f1a retrocediera\u201d, dijo Antonio Cazorla-S\u00e1nchez, profesor de Historia de Espa\u00f1a en la Universidad de Trent (Canad\u00e1).<\/p>\n<p>La gira de Zelenskyy por las capitales europeas, incluida Espa\u00f1a, subraya la urgente necesidad de Kiev de tranquilizar a sus aliados y seguir apuntalando el apoyo a Ucrania. El compromiso con sus socios a trav\u00e9s de discursos en los parlamentos y apariciones en los principales foros se ha convertido en una se\u00f1a de identidad de su liderazgo.<\/p>\n<p>Estos esfuerzos se producen en medio de crecientes presiones en el pa\u00eds y en el extranjero, ya que un esc\u00e1ndalo de corrupci\u00f3n y otras tensiones internas amenazan con desviar la atenci\u00f3n del esfuerzo de guerra.<\/p>\n<\/div>\n\n    <div class=\"xs_social_share_widget xs_share_url after_content \t\tmain_content  wslu-style-1 wslu-share-box-shaped wslu-fill-colored wslu-none wslu-share-horizontal wslu-theme-font-no wslu-main_content\">\n\n\t\t\n        <ul>\n\t\t\t        <\/ul>\n    <\/div> \n","protected":false},"excerpt":{"rendered":"<p>El Presidente de Ucrania , Volodymyr Zelenskyy , realiz\u00f3 el martes una visita de un d\u00eda a Espa\u00f1a y aprovech\u00f3 la ocasi\u00f3n para contemplar el \u201cGuernica\u201d de Pablo Picasso . Fue un movimiento cargado de simbolismo. \u201cGuernica\u201d, uno de los cuadros m\u00e1s famosos del siglo pasado, representa los horrores de la guerra, en concreto el<\/p>\n","protected":false},"author":2,"featured_media":15529,"comment_status":"open","ping_status":"open","sticky":false,"template":"","format":"standard","meta":{"om_disable_all_campaigns":false,"_monsterinsights_skip_tracking":false,"_monsterinsights_sitenote_active":false,"_monsterinsights_sitenote_note":"","_monsterinsights_sitenote_category":0,"footnotes":""},"categories":[10],"tags":[],"class_list":["post-15528","post","type-post","status-publish","format-standard","has-post-thumbnail","hentry","category-mundo"],"aioseo_notices":[],"_links":{"self":[{"href":"https:\/\/aleeknews.com\/4l33k5\/wp-json\/wp\/v2\/posts\/15528","targetHints":{"allow":["GET"]}}],"collection":[{"href":"https:\/\/aleeknews.com\/4l33k5\/wp-json\/wp\/v2\/posts"}],"about":[{"href":"https:\/\/aleeknews.com\/4l33k5\/wp-json\/wp\/v2\/types\/post"}],"author":[{"embeddable":true,"href":"https:\/\/aleeknews.com\/4l33k5\/wp-json\/wp\/v2\/users\/2"}],"replies":[{"embeddable":true,"href":"https:\/\/aleeknews.com\/4l33k5\/wp-json\/wp\/v2\/comments?post=15528"}],"version-history":[{"count":0,"href":"https:\/\/aleeknews.com\/4l33k5\/wp-json\/wp\/v2\/posts\/15528\/revisions"}],"wp:featuredmedia":[{"embeddable":true,"href":"https:\/\/aleeknews.com\/4l33k5\/wp-json\/wp\/v2\/media\/15529"}],"wp:attachment":[{"href":"https:\/\/aleeknews.com\/4l33k5\/wp-json\/wp\/v2\/media?parent=15528"}],"wp:term":[{"taxonomy":"category","embeddable":true,"href":"https:\/\/aleeknews.com\/4l33k5\/wp-json\/wp\/v2\/categories?post=15528"},{"taxonomy":"post_tag","embeddable":true,"href":"https:\/\/aleeknews.com\/4l33k5\/wp-json\/wp\/v2\/tags?post=15528"}],"curies":[{"name":"wp","href":"https:\/\/api.w.org\/{rel}","templated":true}]}}