{"id":15496,"date":"2025-11-18T12:46:35","date_gmt":"2025-11-18T11:46:35","guid":{"rendered":"https:\/\/aleeknews.com\/4l33k5\/2025\/11\/18\/acusan-a-phoenix-fund-de-supuesta-apropiacion-de-fondos-por-venta-de-creditos-contributivos\/"},"modified":"2025-11-18T12:46:35","modified_gmt":"2025-11-18T11:46:35","slug":"acusan-a-phoenix-fund-de-supuesta-apropiacion-de-fondos-por-venta-de-creditos-contributivos","status":"publish","type":"post","link":"https:\/\/aleeknews.com\/4l33k5\/2025\/11\/18\/acusan-a-phoenix-fund-de-supuesta-apropiacion-de-fondos-por-venta-de-creditos-contributivos\/","title":{"rendered":"Acusan a Phoenix Fund de supuesta apropiaci\u00f3n de fondos por venta de cr\u00e9ditos contributivos"},"content":{"rendered":"<div>\n<div data-testid=\"global-header-test\" data-fusion-lazy-id=\"f0f5G41E11Y61Ck\">\n<hr>\n<p><span>Bolsa de valores <b>11:46 AM<\/b><\/span><\/p>\n<\/div>\n<div>\n<div data-fusion-lazy-id=\"f0f9tfiOw0362nv\">\n<div class>\n<p><a href=\"https:\/\/thetrustproject.org\/\"><img decoding=\"async\" src=\"https:\/\/www.elnuevodia.com\/pf\/resources\/v2\/icons\/trust-icon.svg?d=217\"><\/a><\/p>\n<div>\n<p>Noticia<\/p>\n<div>\n<p>Basado en hechos que el periodista haya observado y verificado de primera mano, o en informaci\u00f3n verificada que proviene de fuentes bien informadas.<\/p>\n<\/div>\n<\/div>\n<\/div>\n<div>\n<h2>Una demanda incoada por el abogado Tom\u00e1s Edgardo Col\u00f3n Mill\u00e1n alega que el fondo de inversi\u00f3n retuvo indebidamente unos $15 millones relacionados con un proyecto de turismo m\u00e9dico en Dorado<\/h2>\n<div>\n<p>19 de junio de 2025 &#8211; 1:00 PM<\/p>\n<\/div>\n<div>\n<p><b>Archivo<\/b><\/p>\n<p>Esta historia fue publicada hace m\u00e1s de 4 meses.<\/p>\n<\/div>\n<\/div>\n<\/div>\n<div data-fusion-lazy-id=\"f0f8wxHIPTYNet\">\n<div><picture><source media=\"(max-width: 375px)\" ><source media=\"(max-width: 767px)\" ><source media=\"(max-width: 1023px)\" ><source ><\/picture><figcaption>Del total adeudado a Tom\u00e1s Col\u00f3n Mill\u00e1n, alegadamente Dorado Health Group le pag\u00f3 unos $2.7 millones, restando casi $4.5 millones reclamados. <\/figcaption><\/div>\n<div>\n<p><img decoding=\"async\" alt=\"Efra\u00edn Montalb\u00e1n R\u00edos\" src=\"https:\/\/www.elnuevodia.com\/resizer\/v2\/https%3A%2F%2Fauthor-service-images-prod-us-east-1.publishing.aws.arc.pub%2Fgfrmedia%2Fb846106f-313f-4fa3-8690-8169fec53277.png?auth=b672eb01840f63d170a79ae205ccc29a2f694f1bb849b72693c84ad2cc16b7a1&#038;quality=75&#038;smart=true&#038;width=170&#038;height=147\"><\/p>\n<\/div>\n<div>\n<p>The Phoenix Fund, el fondo de inversi\u00f3n intervenido por la <a href=\"https:\/\/www.elnuevodia.com\/topicos\/oficina-del-comisionado-de-instituciones-financieras\/\" target=\"_blank\" rel=\"noreferrer\" title=\"https:\/\/www.elnuevodia.com\/topicos\/oficina-del-comisionado-de-instituciones-financieras\/\">Oficina del Comisionado de Instituciones Financieras<\/a> (OCIF) esta semana, se habr\u00eda apropiado de millones de d\u00f3lares provenientes de la venta de ciertos cr\u00e9ditos contributivos de Dorado Health Group, de acuerdo con una demanda en el Tribunal de Primera Instancia.<\/p>\n<\/div>\n<div>\n<p><a href=\"https:\/\/www.elnuevodia.com\/correcciones\/\"><b>Correcciones y Aclaraciones<\/b><\/a><\/p>\n<p>20 de junio de 2025; 12:00 p.m. Esta nota fue actualizada para corregir y aclarar que no existe relaci\u00f3n alguna entre la empresa Dorado Health Group y la empresa Dorado Health Inc. Por error involuntario, se inform\u00f3, que la empresa se\u00f1alada en el caso es operadora de Manat\u00ed Medical Center, lo que no es correcto. Manat\u00ed Medical Center es propiedad y operada por Dorado Health Inc. <\/p>\n<\/div>\n<\/div>\n<section>\n<header><span>Popular en la Comunidad<\/span><\/header>\n<\/section>\n<\/div>\n<\/div>\n\n    <div class=\"xs_social_share_widget xs_share_url after_content \t\tmain_content  wslu-style-1 wslu-share-box-shaped wslu-fill-colored wslu-none wslu-share-horizontal wslu-theme-font-no wslu-main_content\">\n\n\t\t\n        <ul>\n\t\t\t        <\/ul>\n    <\/div> \n","protected":false},"excerpt":{"rendered":"<p>Bolsa de valores 11:46 AM Noticia Basado en hechos que el periodista haya observado y verificado de primera mano, o en informaci\u00f3n verificada que proviene de fuentes bien informadas. Una demanda incoada por el abogado Tom\u00e1s Edgardo Col\u00f3n Mill\u00e1n alega que el fondo de inversi\u00f3n retuvo indebidamente unos $15 millones relacionados con un proyecto de<\/p>\n","protected":false},"author":2,"featured_media":15497,"comment_status":"open","ping_status":"open","sticky":false,"template":"","format":"standard","meta":{"om_disable_all_campaigns":false,"_monsterinsights_skip_tracking":false,"_monsterinsights_sitenote_active":false,"_monsterinsights_sitenote_note":"","_monsterinsights_sitenote_category":0,"footnotes":""},"categories":[5],"tags":[],"class_list":["post-15496","post","type-post","status-publish","format-standard","has-post-thumbnail","hentry","category-negocios"],"aioseo_notices":[],"_links":{"self":[{"href":"https:\/\/aleeknews.com\/4l33k5\/wp-json\/wp\/v2\/posts\/15496","targetHints":{"allow":["GET"]}}],"collection":[{"href":"https:\/\/aleeknews.com\/4l33k5\/wp-json\/wp\/v2\/posts"}],"about":[{"href":"https:\/\/aleeknews.com\/4l33k5\/wp-json\/wp\/v2\/types\/post"}],"author":[{"embeddable":true,"href":"https:\/\/aleeknews.com\/4l33k5\/wp-json\/wp\/v2\/users\/2"}],"replies":[{"embeddable":true,"href":"https:\/\/aleeknews.com\/4l33k5\/wp-json\/wp\/v2\/comments?post=15496"}],"version-history":[{"count":0,"href":"https:\/\/aleeknews.com\/4l33k5\/wp-json\/wp\/v2\/posts\/15496\/revisions"}],"wp:featuredmedia":[{"embeddable":true,"href":"https:\/\/aleeknews.com\/4l33k5\/wp-json\/wp\/v2\/media\/15497"}],"wp:attachment":[{"href":"https:\/\/aleeknews.com\/4l33k5\/wp-json\/wp\/v2\/media?parent=15496"}],"wp:term":[{"taxonomy":"category","embeddable":true,"href":"https:\/\/aleeknews.com\/4l33k5\/wp-json\/wp\/v2\/categories?post=15496"},{"taxonomy":"post_tag","embeddable":true,"href":"https:\/\/aleeknews.com\/4l33k5\/wp-json\/wp\/v2\/tags?post=15496"}],"curies":[{"name":"wp","href":"https:\/\/api.w.org\/{rel}","templated":true}]}}