{"id":15494,"date":"2025-11-18T12:46:37","date_gmt":"2025-11-18T11:46:37","guid":{"rendered":"https:\/\/aleeknews.com\/4l33k5\/2025\/11\/18\/fondo-del-seguro-del-estado-invirtio-decenas-de-millones-en-phoenix-fund\/"},"modified":"2025-11-18T12:46:37","modified_gmt":"2025-11-18T11:46:37","slug":"fondo-del-seguro-del-estado-invirtio-decenas-de-millones-en-phoenix-fund","status":"publish","type":"post","link":"https:\/\/aleeknews.com\/4l33k5\/2025\/11\/18\/fondo-del-seguro-del-estado-invirtio-decenas-de-millones-en-phoenix-fund\/","title":{"rendered":"Fondo del Seguro del Estado invirti\u00f3 decenas de millones en Phoenix Fund"},"content":{"rendered":"<div>\n<div data-testid=\"global-header-test\" data-fusion-lazy-id=\"f0f5G41E11Y61Ck\">\n<hr>\n<p><span>Bolsa de valores <b>11:46 AM<\/b><\/span><\/p>\n<\/div>\n<div>\n<div data-fusion-lazy-id=\"f0f9tfiOw0362nv\">\n<div class>\n<p><a href=\"https:\/\/thetrustproject.org\/\"><img decoding=\"async\" src=\"https:\/\/www.elnuevodia.com\/pf\/resources\/v2\/icons\/trust-icon.svg?d=217\"><\/a><\/p>\n<div>\n<p>Noticia<\/p>\n<div>\n<p>Basado en hechos que el periodista haya observado y verificado de primera mano, o en informaci\u00f3n verificada que proviene de fuentes bien informadas.<\/p>\n<\/div>\n<\/div>\n<\/div>\n<div>\n<h2>La corporaci\u00f3n p\u00fablica que se nutre de las primas que pagan los patronos puso el 4.7% de su cartera en manos del fondo de capital privado intervenido por la OCIF<\/h2>\n<div>\n<p>8 de julio de 2025 &#8211; 11:10 PM<\/p>\n<\/div>\n<div>\n<p><b>Archivo<\/b><\/p>\n<p>Esta historia fue publicada hace m\u00e1s de 4 meses.<\/p>\n<\/div>\n<\/div>\n<\/div>\n<div data-fusion-lazy-id=\"f0f8wxHIPTYNet\">\n<div><picture><source media=\"(max-width: 375px)\" ><source media=\"(max-width: 767px)\" ><source media=\"(max-width: 1023px)\" ><source ><\/picture><figcaption>Se desconoce si el Fondo del Seguro del Estado invirti\u00f3 m\u00e1s dinero en Phoenix Fund durante el cuatrienio pasado, dado que entre los documentos de transici\u00f3n disponibles al p\u00fablico, la corporaci\u00f3n p\u00fablica no radic\u00f3 el informe de su cartera de inversiones.  <span>(Ramon &#8220;Tonito&#8221; Zayas)<\/span><\/figcaption><\/div>\n<div>\n<p><img decoding=\"async\" alt=\"Efra\u00edn Montalb\u00e1n R\u00edos\" src=\"https:\/\/www.elnuevodia.com\/resizer\/v2\/https%3A%2F%2Fauthor-service-images-prod-us-east-1.publishing.aws.arc.pub%2Fgfrmedia%2Fb846106f-313f-4fa3-8690-8169fec53277.png?auth=b672eb01840f63d170a79ae205ccc29a2f694f1bb849b72693c84ad2cc16b7a1&#038;quality=75&#038;smart=true&#038;width=170&#038;height=147\"><\/p>\n<\/div>\n<div>\n<p>La <a href=\"https:\/\/www.elnuevodia.com\/topicos\/fondo-del-seguro-del-estado\/\" target=\"_blank\" rel=\"noreferrer\" title=\"https:\/\/www.elnuevodia.com\/topicos\/fondo-del-seguro-del-estado\/\"><b>Corporaci\u00f3n del Fondo del Seguro del Estado (CFSE)<\/b><\/a> invirti\u00f3 decenas de millones de d\u00f3lares en The Phoenix Fund, un fondo de capital que fue intervenido recientemente por la Oficina del Comisionado de Instituciones Financieras (<a href=\"https:\/\/www.elnuevodia.com\/topicos\/oficina-del-comisionado-de-instituciones-financieras\/\" target=\"_blank\" rel=\"noreferrer\" title=\"https:\/\/www.elnuevodia.com\/topicos\/oficina-del-comisionado-de-instituciones-financieras\/\"><b>OCIF<\/b><\/a>) por aparente incumplimiento con las leyes que rigen esos instrumentos de inversi\u00f3n en la isla.<\/p>\n<\/div>\n<\/div>\n<section>\n<header><span>Popular en la Comunidad<\/span><\/header>\n<\/section>\n<\/div>\n<\/div>\n\n    <div class=\"xs_social_share_widget xs_share_url after_content \t\tmain_content  wslu-style-1 wslu-share-box-shaped wslu-fill-colored wslu-none wslu-share-horizontal wslu-theme-font-no wslu-main_content\">\n\n\t\t\n        <ul>\n\t\t\t        <\/ul>\n    <\/div> \n","protected":false},"excerpt":{"rendered":"<p>Bolsa de valores 11:46 AM Noticia Basado en hechos que el periodista haya observado y verificado de primera mano, o en informaci\u00f3n verificada que proviene de fuentes bien informadas. La corporaci\u00f3n p\u00fablica que se nutre de las primas que pagan los patronos puso el 4.7% de su cartera en manos del fondo de capital privado<\/p>\n","protected":false},"author":2,"featured_media":0,"comment_status":"open","ping_status":"open","sticky":false,"template":"","format":"standard","meta":{"om_disable_all_campaigns":false,"_monsterinsights_skip_tracking":false,"_monsterinsights_sitenote_active":false,"_monsterinsights_sitenote_note":"","_monsterinsights_sitenote_category":0,"footnotes":""},"categories":[5],"tags":[],"class_list":["post-15494","post","type-post","status-publish","format-standard","hentry","category-negocios"],"aioseo_notices":[],"_links":{"self":[{"href":"https:\/\/aleeknews.com\/4l33k5\/wp-json\/wp\/v2\/posts\/15494","targetHints":{"allow":["GET"]}}],"collection":[{"href":"https:\/\/aleeknews.com\/4l33k5\/wp-json\/wp\/v2\/posts"}],"about":[{"href":"https:\/\/aleeknews.com\/4l33k5\/wp-json\/wp\/v2\/types\/post"}],"author":[{"embeddable":true,"href":"https:\/\/aleeknews.com\/4l33k5\/wp-json\/wp\/v2\/users\/2"}],"replies":[{"embeddable":true,"href":"https:\/\/aleeknews.com\/4l33k5\/wp-json\/wp\/v2\/comments?post=15494"}],"version-history":[{"count":0,"href":"https:\/\/aleeknews.com\/4l33k5\/wp-json\/wp\/v2\/posts\/15494\/revisions"}],"wp:attachment":[{"href":"https:\/\/aleeknews.com\/4l33k5\/wp-json\/wp\/v2\/media?parent=15494"}],"wp:term":[{"taxonomy":"category","embeddable":true,"href":"https:\/\/aleeknews.com\/4l33k5\/wp-json\/wp\/v2\/categories?post=15494"},{"taxonomy":"post_tag","embeddable":true,"href":"https:\/\/aleeknews.com\/4l33k5\/wp-json\/wp\/v2\/tags?post=15494"}],"curies":[{"name":"wp","href":"https:\/\/api.w.org\/{rel}","templated":true}]}}