{"id":15478,"date":"2025-11-18T12:46:10","date_gmt":"2025-11-18T11:46:10","guid":{"rendered":"https:\/\/aleeknews.com\/4l33k5\/2025\/11\/18\/acusan-formalmente-de-conducta-sexual-inapropiada-a-exministro-brasileno-de-derechos-humanos\/"},"modified":"2025-11-18T12:46:10","modified_gmt":"2025-11-18T11:46:10","slug":"acusan-formalmente-de-conducta-sexual-inapropiada-a-exministro-brasileno-de-derechos-humanos","status":"publish","type":"post","link":"https:\/\/aleeknews.com\/4l33k5\/2025\/11\/18\/acusan-formalmente-de-conducta-sexual-inapropiada-a-exministro-brasileno-de-derechos-humanos\/","title":{"rendered":"Acusan formalmente de conducta sexual inapropiada a exministro brasile\u00f1o de derechos humanos"},"content":{"rendered":"<div>\n<p>La polic\u00eda federal de <a href=\"https:\/\/www.elnuevodia.com\/topicos\/brasil\/\" target=\"_blank\" rel=\"noreferrer\" title=\"https:\/\/www.elnuevodia.com\/topicos\/brasil\/\"><b>Brasil<\/b><\/a> acus\u00f3 formalmente a <b>Silvio Almeida<\/b>, exministro de derechos humanos del presidente <a href=\"https:\/\/www.elnuevodia.com\/topicos\/luiz-inacio-lula-da-silva\/\" target=\"_blank\" rel=\"noreferrer\" title=\"https:\/\/www.elnuevodia.com\/topicos\/luiz-inacio-lula-da-silva\/\"><b>Luiz In\u00e1cio Lula da Silva<\/b><\/a>, de conducta sexual inapropiada luego que fuera despedido por las acusaciones el a\u00f1o pasado, inform\u00f3 un funcionario policial.<\/p>\n<p>El funcionario habl\u00f3 el s\u00e1bado bajo condici\u00f3n de anonimato porque no estaba autorizado para revelar p\u00fablicamente informaci\u00f3n sobre el caso.<\/p>\n<p>Los fiscales ahora decidir\u00e1n si presentan cargos. Si lo hacen, la Corte Suprema los desestimar\u00e1 o los aceptar\u00e1, en cuyo caso Almeida enfrentar\u00e1 un juicio.<\/p>\n<p>Medios brasile\u00f1os reportaron que la polic\u00eda hab\u00eda acusado formalmente a Almeida el viernes. El exministro no ha comentado desde entonces, pero anteriormente ha negado las acusaciones.<\/p>\n<p>Lula despidi\u00f3 a Almeida en septiembre pasado despu\u00e9s que MeToo Brasil, una organizaci\u00f3n que defiende a las mujeres v\u00edctimas de violencia sexual, indic\u00f3 que hab\u00eda recibido denuncias de conducta sexual inapropiada por parte del exministro.<\/p>\n<p>Los medios publicaron que la ministra de Igualdad Racial, Anielle Franco, fue una de las presuntas v\u00edctimas, y posteriormente ella celebr\u00f3 la decisi\u00f3n de Lula.<\/p>\n<p>Franco entr\u00f3 en la pol\u00edtica tras el asesinato de su hermana Marielle Franco, una concejala en R\u00edo de Janeiro, cuya muerte en 2018 reson\u00f3 en todo el mundo.<\/p>\n<p>Las acusaciones fueron un golpe para el gobierno de Lula. Almeida, un profesor de Derecho para Poblaci\u00f3n Negra, era uno de los funcionarios del gobierno de izquierda de Lula que m\u00e1s cr\u00edticas lanzaba contra el racismo, junto con Franco.<\/p>\n<p>Isabel Rodrigues, profesora en el estado de Sao Paulo, dijo el a\u00f1o pasado que Almeida la agredi\u00f3 sexualmente.<\/p>\n<p>\u201cTodav\u00eda hay un largo camino por recorrer antes que se haga justicia efectiva en este caso\u201d, destac\u00f3 el s\u00e1bado en Instagram.<\/p>\n<p>\u201cComo v\u00edctima, tengo algo que decir: no suelten las manos de las mujeres\u201d, agreg\u00f3.<\/p>\n<p>La violencia contra las mujeres es abundante en Brasil. M\u00e1s de una de cada tres mujeres fue v\u00edctima de violencia sexual o de g\u00e9nero a lo largo de un a\u00f1o, seg\u00fan un informe de 2025 del centro de estudios Foro Brasile\u00f1o de Seguridad P\u00fablica, el n\u00famero m\u00e1s alto desde que comenzaron los registros en 2017. Todas las formas de violencia contra las mujeres han aumentado desde entonces.<\/p>\n<\/div>\n\n    <div class=\"xs_social_share_widget xs_share_url after_content \t\tmain_content  wslu-style-1 wslu-share-box-shaped wslu-fill-colored wslu-none wslu-share-horizontal wslu-theme-font-no wslu-main_content\">\n\n\t\t\n        <ul>\n\t\t\t        <\/ul>\n    <\/div> \n","protected":false},"excerpt":{"rendered":"<p>La polic\u00eda federal de Brasil acus\u00f3 formalmente a Silvio Almeida, exministro de derechos humanos del presidente Luiz In\u00e1cio Lula da Silva , de conducta sexual inapropiada luego que fuera despedido por las acusaciones el a\u00f1o pasado, inform\u00f3 un funcionario policial. El funcionario habl\u00f3 el s\u00e1bado bajo condici\u00f3n de anonimato porque no estaba autorizado para revelar<\/p>\n","protected":false},"author":2,"featured_media":15479,"comment_status":"open","ping_status":"open","sticky":false,"template":"","format":"standard","meta":{"om_disable_all_campaigns":false,"_monsterinsights_skip_tracking":false,"_monsterinsights_sitenote_active":false,"_monsterinsights_sitenote_note":"","_monsterinsights_sitenote_category":0,"footnotes":""},"categories":[10],"tags":[],"class_list":["post-15478","post","type-post","status-publish","format-standard","has-post-thumbnail","hentry","category-mundo"],"aioseo_notices":[],"_links":{"self":[{"href":"https:\/\/aleeknews.com\/4l33k5\/wp-json\/wp\/v2\/posts\/15478","targetHints":{"allow":["GET"]}}],"collection":[{"href":"https:\/\/aleeknews.com\/4l33k5\/wp-json\/wp\/v2\/posts"}],"about":[{"href":"https:\/\/aleeknews.com\/4l33k5\/wp-json\/wp\/v2\/types\/post"}],"author":[{"embeddable":true,"href":"https:\/\/aleeknews.com\/4l33k5\/wp-json\/wp\/v2\/users\/2"}],"replies":[{"embeddable":true,"href":"https:\/\/aleeknews.com\/4l33k5\/wp-json\/wp\/v2\/comments?post=15478"}],"version-history":[{"count":0,"href":"https:\/\/aleeknews.com\/4l33k5\/wp-json\/wp\/v2\/posts\/15478\/revisions"}],"wp:featuredmedia":[{"embeddable":true,"href":"https:\/\/aleeknews.com\/4l33k5\/wp-json\/wp\/v2\/media\/15479"}],"wp:attachment":[{"href":"https:\/\/aleeknews.com\/4l33k5\/wp-json\/wp\/v2\/media?parent=15478"}],"wp:term":[{"taxonomy":"category","embeddable":true,"href":"https:\/\/aleeknews.com\/4l33k5\/wp-json\/wp\/v2\/categories?post=15478"},{"taxonomy":"post_tag","embeddable":true,"href":"https:\/\/aleeknews.com\/4l33k5\/wp-json\/wp\/v2\/tags?post=15478"}],"curies":[{"name":"wp","href":"https:\/\/api.w.org\/{rel}","templated":true}]}}