{"id":15470,"date":"2025-11-18T12:46:15","date_gmt":"2025-11-18T11:46:15","guid":{"rendered":"https:\/\/aleeknews.com\/4l33k5\/2025\/11\/18\/maduro-a-trump-el-que-quiera-hablar-con-venezuela-se-hablara-face-to-face\/"},"modified":"2025-11-18T12:46:15","modified_gmt":"2025-11-18T11:46:15","slug":"maduro-a-trump-el-que-quiera-hablar-con-venezuela-se-hablara-face-to-face","status":"publish","type":"post","link":"https:\/\/aleeknews.com\/4l33k5\/2025\/11\/18\/maduro-a-trump-el-que-quiera-hablar-con-venezuela-se-hablara-face-to-face\/","title":{"rendered":"Maduro a Trump: El que quiera hablar con Venezuela, se hablar\u00e1 \u2018face to face\u2019"},"content":{"rendered":"<div>\n<p>El presidente de <a href=\"https:\/\/www.elnuevodia.com\/topicos\/venezuela\/\" target=\"_blank\" rel=\"noreferrer\" title=\"https:\/\/www.elnuevodia.com\/topicos\/venezuela\/\"><b>Venezuela<\/b><\/a>, <a href=\"https:\/\/www.elnuevodia.com\/topicos\/nicolas-maduro\/\" target=\"_blank\" rel=\"noreferrer\" title=\"https:\/\/www.elnuevodia.com\/topicos\/nicolas-maduro\/\"><b>Nicol\u00e1s Maduro<\/b><\/a>, se mostr\u00f3 este lunes dispuesto a hablar \u201cface to face (cara a cara)\u201d con su hom\u00f3logo de Estados Unidos, <a href=\"https:\/\/www.elnuevodia.com\/topicos\/donald-trump\/\" target=\"_blank\" rel=\"noreferrer\" title=\"https:\/\/www.elnuevodia.com\/topicos\/donald-trump\/\"><b>Donald Trump<\/b><\/a>, quien abri\u00f3 la puerta a un dialogo con el l\u00edder chavista. <\/p>\n<p>Maduro, tras ser consultado acerca de las declaraciones de Trump sobre la posibilidad de establecer \u201cdiscusiones\u201d entre ambos pa\u00edses, asegur\u00f3 que <b>\u201cel que quiera hablar con Venezuela, se hablar\u00e1 face to face, cara a cara, sin ning\u00fan problema\u201d, en momentos en los que Washington mantiene un despliegue militar en el mar Caribe visto por Caracas como una \u201camenaza\u201d. <\/b><\/p>\n<p><b>\u201cEl que quiera dialogar, encontrar\u00e1 siempre en nosotros gente de palabra, gente decente y gente con experiencia para dirigir a Venezuela\u201d<\/b>, expres\u00f3 en su programa semanal \u2018Con Maduro+\u2019, transmitido por el canal estatal Venezolana de Televisi\u00f3n (VTV). <\/p>\n<p><b>No obstante, aclar\u00f3 que lo que \u201cno se puede permitir\u201d es que \u201cse bombardee y masacre\u201d al pueblo venezolano. <\/b><\/p>\n<p>Para el jefe de Estado, \u201csolo a trav\u00e9s de la diplomacia se deben entender los pa\u00edses libres y los Gobiernos, y solo a trav\u00e9s del di\u00e1logo se deben buscar puntos comunes en temas de inter\u00e9s mutuo\u201d, lo que, asegur\u00f3, ha sido la \u201cposici\u00f3n invariable\u201d de su Administraci\u00f3n. <\/p>\n<div>\n<p><b>1 \/ 12 | <\/b><span> FOTOS: El portaaviones m\u00e1s grande del mundo visto de cerca. El portaaviones estadounidense USS Gerald R. Ford es el portaaviones m\u00e1s grande del mundo.<\/span><i> &#8211; Lise Aserud<\/i><\/p>\n<\/div>\n<p>\u201cEl di\u00e1logo es el camino para buscar la verdad y la paz\u201d, sostuvo Maduro, quien cuestion\u00f3 \u201cfirmemente la amenaza del uso de la fuerza o el uso de la fuerza para imponer reglas en las relaciones entre los pa\u00edses\u201d. <\/p>\n<p>Este lunes, el presidente de Estados Unidos insisti\u00f3 en que no descarta ninguna opci\u00f3n con respecto a una posible intervenci\u00f3n militar en territorio venezolano y dijo que est\u00e1 abierto a hablar con su par suramericano. <\/p>\n<p>\u201cNo descarto nada, simplemente tenemos que encargarnos de Venezuela\u201d, afirm\u00f3 Trump en un evento celebrado en el Despacho Oval de la Casa Blanca. <\/p>\n<p>El republicano se\u00f1al\u00f3 que Maduro \u201cno ha sido bueno con Estados Unidos\u201d y acus\u00f3 de nuevo a su Gobierno de enviar a miembros de la banda Tren de Aragua a su pa\u00eds. <\/p>\n<p>Trump declar\u00f3 el domingo que \u201cpodr\u00eda haber discusiones\u201d con Maduro, \u201cporque Venezuela quiere hablar\u201d, mientras que el viernes indic\u00f3 haber tomado ya una determinaci\u00f3n sobre qu\u00e9 medidas implementar con respecto al pa\u00eds caribe\u00f1o, sin dar m\u00e1s detalles. <\/p>\n<p>Este domingo, el <a href=\"https:\/\/www.elnuevodia.com\/topicos\/Departamento-de-Estado-de-Estados-Unidos\" target=\"_blank\" rel=\"noreferrer\" title=\"https:\/\/www.elnuevodia.com\/topicos\/Departamento-de-Estado-de-Estados-Unidos\"><b>Departamento de Estado de Estados Unidos<\/b><\/a> anunci\u00f3 que designar\u00e1, a partir del 24 de noviembre, como organizaci\u00f3n terrorista extranjera (FTO, en ingl\u00e9s) al Cartel de los Soles, un grupo al que Washington vincula con Maduro, cuyo Gobierno considera esa afirmaci\u00f3n como \u201cun invento\u201d. <\/p>\n<\/div>\n\n    <div class=\"xs_social_share_widget xs_share_url after_content \t\tmain_content  wslu-style-1 wslu-share-box-shaped wslu-fill-colored wslu-none wslu-share-horizontal wslu-theme-font-no wslu-main_content\">\n\n\t\t\n        <ul>\n\t\t\t        <\/ul>\n    <\/div> \n","protected":false},"excerpt":{"rendered":"<p>El presidente de Venezuela , Nicol\u00e1s Maduro , se mostr\u00f3 este lunes dispuesto a hablar \u201cface to face (cara a cara)\u201d con su hom\u00f3logo de Estados Unidos, Donald Trump , quien abri\u00f3 la puerta a un dialogo con el l\u00edder chavista. Maduro, tras ser consultado acerca de las declaraciones de Trump sobre la posibilidad de<\/p>\n","protected":false},"author":2,"featured_media":15471,"comment_status":"open","ping_status":"open","sticky":false,"template":"","format":"standard","meta":{"om_disable_all_campaigns":false,"_monsterinsights_skip_tracking":false,"_monsterinsights_sitenote_active":false,"_monsterinsights_sitenote_note":"","_monsterinsights_sitenote_category":0,"footnotes":""},"categories":[10],"tags":[],"class_list":["post-15470","post","type-post","status-publish","format-standard","has-post-thumbnail","hentry","category-mundo"],"aioseo_notices":[],"_links":{"self":[{"href":"https:\/\/aleeknews.com\/4l33k5\/wp-json\/wp\/v2\/posts\/15470","targetHints":{"allow":["GET"]}}],"collection":[{"href":"https:\/\/aleeknews.com\/4l33k5\/wp-json\/wp\/v2\/posts"}],"about":[{"href":"https:\/\/aleeknews.com\/4l33k5\/wp-json\/wp\/v2\/types\/post"}],"author":[{"embeddable":true,"href":"https:\/\/aleeknews.com\/4l33k5\/wp-json\/wp\/v2\/users\/2"}],"replies":[{"embeddable":true,"href":"https:\/\/aleeknews.com\/4l33k5\/wp-json\/wp\/v2\/comments?post=15470"}],"version-history":[{"count":0,"href":"https:\/\/aleeknews.com\/4l33k5\/wp-json\/wp\/v2\/posts\/15470\/revisions"}],"wp:featuredmedia":[{"embeddable":true,"href":"https:\/\/aleeknews.com\/4l33k5\/wp-json\/wp\/v2\/media\/15471"}],"wp:attachment":[{"href":"https:\/\/aleeknews.com\/4l33k5\/wp-json\/wp\/v2\/media?parent=15470"}],"wp:term":[{"taxonomy":"category","embeddable":true,"href":"https:\/\/aleeknews.com\/4l33k5\/wp-json\/wp\/v2\/categories?post=15470"},{"taxonomy":"post_tag","embeddable":true,"href":"https:\/\/aleeknews.com\/4l33k5\/wp-json\/wp\/v2\/tags?post=15470"}],"curies":[{"name":"wp","href":"https:\/\/api.w.org\/{rel}","templated":true}]}}