{"id":15458,"date":"2025-11-17T11:44:52","date_gmt":"2025-11-17T10:44:52","guid":{"rendered":"https:\/\/aleeknews.com\/4l33k5\/2025\/11\/17\/de-rio-piedras-a-el-escambron-el-espacio-que-zashely-alicea-necesitaba-visitar-antes-de-ir-al-universo\/"},"modified":"2025-11-17T11:44:52","modified_gmt":"2025-11-17T10:44:52","slug":"de-rio-piedras-a-el-escambron-el-espacio-que-zashely-alicea-necesitaba-visitar-antes-de-ir-al-universo","status":"publish","type":"post","link":"https:\/\/aleeknews.com\/4l33k5\/2025\/11\/17\/de-rio-piedras-a-el-escambron-el-espacio-que-zashely-alicea-necesitaba-visitar-antes-de-ir-al-universo\/","title":{"rendered":"De R\u00edo Piedras a El Escambr\u00f3n: el espacio que Zashely Alicea \u201cnecesitaba visitar antes de ir al universo\u201d"},"content":{"rendered":"<div>\n<div data-fusion-lazy-id=\"f0fQYcNoHQKSGL\">\n<div class>\n<p><a href=\"https:\/\/thetrustproject.org\/\"><img decoding=\"async\" src=\"https:\/\/www.elnuevodia.com\/pf\/resources\/v2\/icons\/trust-icon.svg?d=217\"><\/a><\/p>\n<div>\n<p>Entrevista<\/p>\n<div>\n<p>Intercambio para ofrecer una perspectiva relevante, que ha sido revisada para mayor claridad, pero no del todo verificada.<\/p>\n<\/div>\n<\/div>\n<\/div>\n<div>\n<h2>En la nueva temporada de la serie \u201cDe aqu\u00ed vengo yo\u201d, Miss Universe Puerto Rico 2025, regresa a los lugares que la formaron y la definen <\/h2>\n<div>\n<p>17 de noviembre de 2025 &#8211; 11:10 PM<\/p>\n<\/div>\n<\/div>\n<\/div>\n<div data-fusion-lazy-id=\"f0fIYaQF9GLV14D\">\n<div>\n<p><img decoding=\"async\" alt=\"Jomar Jos\u00e9 Rivera Cede\u00f1o\" src=\"https:\/\/www.elnuevodia.com\/resizer\/v2\/https%3A%2F%2Fs3.amazonaws.com%2Farc-authors%2Fgfrmedia%2F8cbc33b9-9384-40e7-a8e4-0bc70d0a305d.png?auth=1b67ec9c3f51e67c2a8d3d1499fdabee627c4a6c8989386e69db95adcfbe615a&#038;quality=75&#038;smart=true&#038;width=170&#038;height=147\"><\/p>\n<\/div>\n<div>\n<p><b>Nota del editor<\/b><\/p>\n<p>Esta entrega forma parte de una serie de reportajes especiales dedicados a resaltar las historias de artistas puertorrique\u00f1os, desde los lugares que moldearon sus vidas y carreras. La primera entrega de esta temporada est\u00e1 dedicada a Zashely Alicea y la pr\u00f3xima parte publicar\u00e1 el lunes ,1 de diciembre. <\/p>\n<\/div>\n<div>\n<p>Toda gran historia comienza con un sue\u00f1o, y el de<a href=\"https:\/\/www.elnuevodia.com\/topicos\/zashely-alicea-rivera\/\" target=\"_self\" rel title=\"https:\/\/www.elnuevodia.com\/topicos\/zashely-alicea-rivera\/\"><b> Zashely Nicole Alicea Rivera<\/b><\/a>, <a href=\"https:\/\/www.elnuevodia.com\/topicos\/miss-universe-puerto-rico\/\" target=\"_self\" rel title=\"https:\/\/www.elnuevodia.com\/topicos\/miss-universe-puerto-rico\/\"><b>Miss Universe Puerto Rico 2025<\/b><\/a>, se gest\u00f3 en su natal <a href=\"https:\/\/www.elnuevodia.com\/topicos\/san-juan\/\" target=\"_self\" rel title=\"https:\/\/www.elnuevodia.com\/topicos\/san-juan\/\"><b>San Juan<\/b><\/a>, frente al televisor, mientras observaba a las <a href=\"https:\/\/www.elnuevodia.com\/topicos\/concurso-de-belleza\/\" target=\"_self\" rel title=\"https:\/\/www.elnuevodia.com\/topicos\/concurso-de-belleza\/\"><b>reinas de belleza <\/b><\/a>inspirar al mundo. <b>El camino hacia la corona, sin embargo, fue pavimentado con a\u00f1os de dedicaci\u00f3n como atleta de alto rendimiento y bailarina profesional, un compromiso inquebrantable con su gente y el poder del <\/b><a href=\"https:\/\/www.elnuevodia.com\/topicos\/arte\/\" target=\"_self\" rel title=\"https:\/\/www.elnuevodia.com\/topicos\/arte\/\"><b>arte<\/b><\/a><b>.<\/b><\/p>\n<\/div>\n<\/div>\n<section>\n<header><span>Popular en la Comunidad<\/span><\/header>\n<\/section>\n<\/div>\n\n    <div class=\"xs_social_share_widget xs_share_url after_content \t\tmain_content  wslu-style-1 wslu-share-box-shaped wslu-fill-colored wslu-none wslu-share-horizontal wslu-theme-font-no wslu-main_content\">\n\n\t\t\n        <ul>\n\t\t\t        <\/ul>\n    <\/div> \n","protected":false},"excerpt":{"rendered":"<p>Entrevista Intercambio para ofrecer una perspectiva relevante, que ha sido revisada para mayor claridad, pero no del todo verificada. En la nueva temporada de la serie \u201cDe aqu\u00ed vengo yo\u201d, Miss Universe Puerto Rico 2025, regresa a los lugares que la formaron y la definen 17 de noviembre de 2025 &#8211; 11:10 PM Nota del<\/p>\n","protected":false},"author":2,"featured_media":15459,"comment_status":"open","ping_status":"open","sticky":false,"template":"","format":"standard","meta":{"om_disable_all_campaigns":false,"_monsterinsights_skip_tracking":false,"_monsterinsights_sitenote_active":false,"_monsterinsights_sitenote_note":"","_monsterinsights_sitenote_category":0,"footnotes":""},"categories":[47],"tags":[],"class_list":["post-15458","post","type-post","status-publish","format-standard","has-post-thumbnail","hentry","category-farandula"],"aioseo_notices":[],"_links":{"self":[{"href":"https:\/\/aleeknews.com\/4l33k5\/wp-json\/wp\/v2\/posts\/15458","targetHints":{"allow":["GET"]}}],"collection":[{"href":"https:\/\/aleeknews.com\/4l33k5\/wp-json\/wp\/v2\/posts"}],"about":[{"href":"https:\/\/aleeknews.com\/4l33k5\/wp-json\/wp\/v2\/types\/post"}],"author":[{"embeddable":true,"href":"https:\/\/aleeknews.com\/4l33k5\/wp-json\/wp\/v2\/users\/2"}],"replies":[{"embeddable":true,"href":"https:\/\/aleeknews.com\/4l33k5\/wp-json\/wp\/v2\/comments?post=15458"}],"version-history":[{"count":0,"href":"https:\/\/aleeknews.com\/4l33k5\/wp-json\/wp\/v2\/posts\/15458\/revisions"}],"wp:featuredmedia":[{"embeddable":true,"href":"https:\/\/aleeknews.com\/4l33k5\/wp-json\/wp\/v2\/media\/15459"}],"wp:attachment":[{"href":"https:\/\/aleeknews.com\/4l33k5\/wp-json\/wp\/v2\/media?parent=15458"}],"wp:term":[{"taxonomy":"category","embeddable":true,"href":"https:\/\/aleeknews.com\/4l33k5\/wp-json\/wp\/v2\/categories?post=15458"},{"taxonomy":"post_tag","embeddable":true,"href":"https:\/\/aleeknews.com\/4l33k5\/wp-json\/wp\/v2\/tags?post=15458"}],"curies":[{"name":"wp","href":"https:\/\/api.w.org\/{rel}","templated":true}]}}