{"id":15374,"date":"2025-11-16T11:43:22","date_gmt":"2025-11-16T10:43:22","guid":{"rendered":"https:\/\/aleeknews.com\/4l33k5\/2025\/11\/16\/andres-manuel-lopez-obrador-reaperece-en-publico-tras-superar-el-covid-19\/"},"modified":"2025-11-16T11:43:22","modified_gmt":"2025-11-16T10:43:22","slug":"andres-manuel-lopez-obrador-reaperece-en-publico-tras-superar-el-covid-19","status":"publish","type":"post","link":"https:\/\/aleeknews.com\/4l33k5\/2025\/11\/16\/andres-manuel-lopez-obrador-reaperece-en-publico-tras-superar-el-covid-19\/","title":{"rendered":"Andr\u00e9s Manuel L\u00f3pez Obrador reaperece en p\u00fablico tras superar el COVID-19"},"content":{"rendered":"<div>\n<div data-fusion-lazy-id=\"f0fQYcNoHQKSGL\">\n<div class>\n<p><a href=\"https:\/\/thetrustproject.org\/\"><img decoding=\"async\" src=\"https:\/\/www.elnuevodia.com\/pf\/resources\/v2\/icons\/trust-icon.svg?d=217\"><\/a><\/p>\n<div>\n<p>Se adhiere a los criterios de The Trust Project<\/p>\n<\/div>\n<\/div>\n<div>\n<h2>Su ausencia caus\u00f3 preocupaci\u00f3n por su salud y cuestionamientos por la opacidad del gobierno<\/h2>\n<div>\n<p>8 de febrero de 2021 &#8211; 11:04 AM<\/p>\n<\/div>\n<div>\n<p><b>Archivo<\/b><\/p>\n<p>Esta historia fue publicada hace m\u00e1s de 4 a\u00f1os.<\/p>\n<\/div>\n<\/div>\n<\/div>\n<div data-fusion-lazy-id=\"f0fIYaQF9GLV14D\">\n<div><picture><source media=\"(max-width: 375px)\" ><source media=\"(max-width: 767px)\" ><source media=\"(max-width: 1023px)\" ><source ><\/picture><figcaption>El presidente de M\u00e9xico Andr\u00e9s Manuel L\u00f3pez Obrador. <span>(The Associated Press)<\/span><\/figcaption><\/div>\n<div>\n<p><span>Por <b><\/b><b>Agencia EFE<\/b><\/span><\/p>\n<p><span>Agencia de Noticias<\/span><\/p>\n<\/div>\n<div>\n<p>El presidente mexicano, <a href=\"https:\/\/www.elnuevodia.com\/topicos\/andres-manuel-lopez-obrador\/\" target=\"_blank\"><b>Andr\u00e9s Manuel L\u00f3pez Obrador<\/b><\/a>, reapareci\u00f3 este lunes en su rueda de prensa matutina tras dos semanas de aislamiento debido a su contagio del <a href=\"https:\/\/www.elnuevodia.com\/topicos\/coronavirus\/\" target=\"_blank\"><b>coronavirus<\/b><\/a> SARS-CoV-2.<\/p>\n<\/div>\n<\/div>\n<section>\n<header><span>Popular en la Comunidad<\/span><\/header>\n<\/section>\n<\/div>\n\n    <div class=\"xs_social_share_widget xs_share_url after_content \t\tmain_content  wslu-style-1 wslu-share-box-shaped wslu-fill-colored wslu-none wslu-share-horizontal wslu-theme-font-no wslu-main_content\">\n\n\t\t\n        <ul>\n\t\t\t        <\/ul>\n    <\/div> \n","protected":false},"excerpt":{"rendered":"<p>Se adhiere a los criterios de The Trust Project Su ausencia caus\u00f3 preocupaci\u00f3n por su salud y cuestionamientos por la opacidad del gobierno 8 de febrero de 2021 &#8211; 11:04 AM Archivo Esta historia fue publicada hace m\u00e1s de 4 a\u00f1os. El presidente de M\u00e9xico Andr\u00e9s Manuel L\u00f3pez Obrador. (The Associated Press) Por Agencia EFE<\/p>\n","protected":false},"author":2,"featured_media":15375,"comment_status":"open","ping_status":"open","sticky":false,"template":"","format":"standard","meta":{"om_disable_all_campaigns":false,"_monsterinsights_skip_tracking":false,"_monsterinsights_sitenote_active":false,"_monsterinsights_sitenote_note":"","_monsterinsights_sitenote_category":0,"footnotes":""},"categories":[10],"tags":[],"class_list":["post-15374","post","type-post","status-publish","format-standard","has-post-thumbnail","hentry","category-mundo"],"aioseo_notices":[],"_links":{"self":[{"href":"https:\/\/aleeknews.com\/4l33k5\/wp-json\/wp\/v2\/posts\/15374","targetHints":{"allow":["GET"]}}],"collection":[{"href":"https:\/\/aleeknews.com\/4l33k5\/wp-json\/wp\/v2\/posts"}],"about":[{"href":"https:\/\/aleeknews.com\/4l33k5\/wp-json\/wp\/v2\/types\/post"}],"author":[{"embeddable":true,"href":"https:\/\/aleeknews.com\/4l33k5\/wp-json\/wp\/v2\/users\/2"}],"replies":[{"embeddable":true,"href":"https:\/\/aleeknews.com\/4l33k5\/wp-json\/wp\/v2\/comments?post=15374"}],"version-history":[{"count":0,"href":"https:\/\/aleeknews.com\/4l33k5\/wp-json\/wp\/v2\/posts\/15374\/revisions"}],"wp:featuredmedia":[{"embeddable":true,"href":"https:\/\/aleeknews.com\/4l33k5\/wp-json\/wp\/v2\/media\/15375"}],"wp:attachment":[{"href":"https:\/\/aleeknews.com\/4l33k5\/wp-json\/wp\/v2\/media?parent=15374"}],"wp:term":[{"taxonomy":"category","embeddable":true,"href":"https:\/\/aleeknews.com\/4l33k5\/wp-json\/wp\/v2\/categories?post=15374"},{"taxonomy":"post_tag","embeddable":true,"href":"https:\/\/aleeknews.com\/4l33k5\/wp-json\/wp\/v2\/tags?post=15374"}],"curies":[{"name":"wp","href":"https:\/\/api.w.org\/{rel}","templated":true}]}}