{"id":15371,"date":"2025-11-16T11:43:24","date_gmt":"2025-11-16T10:43:24","guid":{"rendered":"https:\/\/aleeknews.com\/4l33k5\/2025\/11\/16\/marcha-de-la-generacion-z-se-alza-contra-claudia-sheinbaum-y-la-violencia-en-mexico\/"},"modified":"2025-11-16T11:43:24","modified_gmt":"2025-11-16T10:43:24","slug":"marcha-de-la-generacion-z-se-alza-contra-claudia-sheinbaum-y-la-violencia-en-mexico","status":"publish","type":"post","link":"https:\/\/aleeknews.com\/4l33k5\/2025\/11\/16\/marcha-de-la-generacion-z-se-alza-contra-claudia-sheinbaum-y-la-violencia-en-mexico\/","title":{"rendered":"Marcha de la \u201cgeneraci\u00f3n Z\u201d se alza contra Claudia Sheinbaum y la violencia en M\u00e9xico"},"content":{"rendered":"<div>\n<p><b>Ciudad de M\u00e9xico\u2014 <\/b>Entre banderas de \u201cOne Piece\u201d y la consigna \u201c\u00a1Fuera Claudia (Sheinbaum)!\u201d, miles de mexicanos de todas las edades, pertenecientes a la llamada \u201c<a href=\"https:\/\/www.elnuevodia.com\/topicos\/generacion-z\/\" target=\"_blank\" rel=\"noreferrer\" title=\"https:\/\/www.elnuevodia.com\/topicos\/generacion-z\/\"><b>generaci\u00f3n Z<\/b><\/a>\u201d, protestaron este s\u00e1bado en la <a href=\"https:\/\/www.elnuevodia.com\/topicos\/mexico\/\" target=\"_blank\" rel=\"noreferrer\" title=\"https:\/\/www.elnuevodia.com\/topicos\/mexico\/\"><b>Ciudad de M\u00e9xico<\/b><\/a> para expresar su \u201chartazgo pol\u00edtico\u201d hacia el Gobierno encabezado por la presidenta mexicana y denunciar la \u201cimpunidad\u201d frente a la violencia que azota al pa\u00eds. <\/p>\n<p>El recorrido inici\u00f3 en el \u00c1ngel de la Independencia y termin\u00f3 en el Z\u00f3calo capitalino a las puertas de Palacio Nacional, sede del Poder Ejecutivo, rodeado de vallas colocadas por el Gobierno local que fueron golpeadas, escaladas y derribadas con martillos por personas encapuchadas identificadas como el \u201cbloque negro\u201d. <\/p>\n<p><b>La protesta sirvi\u00f3 como catalizador a estudiantes, campesinos, miembros de partidos pol\u00edticos de la oposici\u00f3n y ciudadanos<\/b> nacidos en el estado Michoac\u00e1n como Christian, quien afirm\u00f3 a EFE que la violencia en su regi\u00f3n est\u00e1 rebasada y que el <a href=\"https:\/\/www.elnuevodia.com\/noticias\/mundo\/notas\/asesinan-a-balazos-a-un-alcalde-en-medio-de-festejos-del-dia-de-muertos-en-el-occidente-de-mexico\/\" target=\"_blank\" rel=\"noreferrer\" title=\"https:\/\/www.elnuevodia.com\/noticias\/mundo\/notas\/asesinan-a-balazos-a-un-alcalde-en-medio-de-festejos-del-dia-de-muertos-en-el-occidente-de-mexico\/\"><b>asesinato del alcalde de Uruapan, Carlos Manzo<\/b><\/a> (1985-2025), el pasado 1 de noviembre, es evidencia de ello. <\/p>\n<p>\u201cEs el cinismo por parte de los pol\u00edticos, si realmente hubiera una aceptaci\u00f3n por parte de ellos de que hay un problema de violencia creo que esto ser\u00eda m\u00e1s f\u00e1cil de tratar\u201d, declar\u00f3 tras definirse como \u201capartidista\u201d y afirmar que \u201cnadie le dio ni un peso\u201d por asistir a la marcha. <\/p>\n<p>Esta aclaraci\u00f3n surge luego de que Sheinbaum vinculara al autodenominado grupo \u201c<b>Generaci\u00f3n Z M\u00e9xico<\/b>\u201d como parte de la oposici\u00f3n al <b>Movimiento Regeneraci\u00f3n Nacional<\/b> (Morena), el partido gobernante del que emergi\u00f3 la mandataria mexicana. <\/p>\n<p>A la marcha asistieron figuras de la oposici\u00f3n pol\u00edtica mexicana, como miembros del partido <b>Movimiento Ciudadano<\/b>, pero Christian defendi\u00f3 que el <b>\u201chartazgo pol\u00edtico\u201d es un fen\u00f3meno nacional motivado por la violencia, los m\u00e1s de 133,000 desaparecidos y los casi 60 asesinatos diarios en el pa\u00eds. <\/b><\/p>\n<div>\n<p><b>1 \/ 18 | <\/b><span> Violencia en el Z\u00f3calo: as\u00ed se manifestaron durante protesta masiva frente al Palacio Nacional de M\u00e9xico . Cientos de manifestantes se enfrentaron con integrantes de la polic\u00eda en una protesta este s\u00e1bado, en las inmediaciones del Palacio Nacional en Ciudad de M\u00e9xico, en descontento hacia el gobierno de la presidenta Claudia Sheinbaum.<br \/>\n<\/span><i> &#8211; Jos\u00e9 M\u00e9ndez<\/i><\/p>\n<\/div>\n<p>\u201cHay intereses (pol\u00edticos) por parte de la oposici\u00f3n en la marcha, pero es tan grande que qui\u00e9n no va a estar aqu\u00ed metido\u201d, subray\u00f3. <\/p>\n<p>En ese sentido, Sara, una joven manifestante, confes\u00f3 a EFE que para ella el detonante ocurri\u00f3 el 8 de marzo, cuando el colectivo de Guerreros Buscadores de Jalisco denunci\u00f3 un supuesto \u201ccampo de exterminio\u201d del narcotr\u00e1fico tras hallar 400 pares de zapatos en rancho Izaguirre, ubicado en el municipio de Teuchitl\u00e1n. <\/p>\n<p>\u201cPor todos los desaparecidos que est\u00e1 olvidando el gobierno, no son uno, no son dos, son m\u00e1s de 400 desaparecidos que estuvieron en el rancho Izaguirre y que a todos se nos olvid\u00f3 eso\u201d, zanj\u00f3. <\/p>\n<p><h4><b>Desilusi\u00f3n ante el cambio <\/b> <\/h4>\n<\/p>\n<p>Otra inconformidad expresada por la juventud fue el incremento a los impuestos a las bebidas azucaradas y a los videojuegos, pero sobre todo el aumento de los precios en productos b\u00e1sicos como la comida. <\/p>\n<p>\u201cVas al supermercado y no te alcanza para nada (&#8230;) Somos j\u00f3venes y lo que estamos buscando es un mejor M\u00e9xico, buenos trabajos, seguros, derechos de los trabajadores, seguridad desde que llegas a tu casa y al trabajo\u201d, resalta Sara. <\/p>\n<p>Sobre ello, Esteban, otro de los j\u00f3venes asistentes mencion\u00f3 que desde 2018, a\u00f1o en el que <a href=\"https:\/\/www.elnuevodia.com\/noticias\/mundo\/notas\/andres-manuel-lopez-obrador-reaperece-en-publico-tras-superar-el-covid-19\/\" target=\"_blank\" rel=\"noreferrer\" title=\"https:\/\/www.elnuevodia.com\/noticias\/mundo\/notas\/andres-manuel-lopez-obrador-reaperece-en-publico-tras-superar-el-covid-19\/\"><b>Andr\u00e9s Manuel L\u00f3pez Obrador<\/b><\/a> asumi\u00f3 la presidencia de M\u00e9xico, \u201cel plan estaba claro\u201d y que \u201cnunca tuvo la intenci\u00f3n de mejorar el pa\u00eds\u201d, un problema que tambi\u00e9n observa con la actual mandataria. <\/p>\n<p>\u201cL\u00f3pez Obrador nunca tuvo la intenci\u00f3n de mejorar el pa\u00eds, quer\u00eda el poder costara lo que costara\u201d, apunt\u00f3. <\/p>\n<p>Tras la llegada de los manifestantes al Z\u00f3calo, la plaza m\u00e1s grande del pa\u00eds, la marcha que inici\u00f3 como pac\u00edfica se torn\u00f3 violenta luego de que el \u201cbloque negro\u201d golpeara con martillos y piedras las vallas que resguardaban el Palacio Nacional, las cuales fueron derribadas. <\/p>\n<p>La protesta nacional de la \u201cgeneraci\u00f3n Z\u201d en M\u00e9xico no estuvo marcada por la edad, como ha ocurrido en otras partes del mundo, sino por el llamado a \u201cno olvidar\u201d a las v\u00edctimas de la violencia, un problema que persiste a pesar del cambio de gobierno que vivi\u00f3 M\u00e9xico en 2018 con la llegada al poder del expresidente L\u00f3pez Obrador, a quien sucede <a href=\"https:\/\/www.elnuevodia.com\/topicos\/claudia-sheinbaum\/\" target=\"_blank\" rel=\"noreferrer\" title=\"https:\/\/www.elnuevodia.com\/topicos\/claudia-sheinbaum\/\"><b>Claudia Sheinbaum<\/b><\/a>. <\/p>\n<\/div>\n\n    <div class=\"xs_social_share_widget xs_share_url after_content \t\tmain_content  wslu-style-1 wslu-share-box-shaped wslu-fill-colored wslu-none wslu-share-horizontal wslu-theme-font-no wslu-main_content\">\n\n\t\t\n        <ul>\n\t\t\t        <\/ul>\n    <\/div> \n","protected":false},"excerpt":{"rendered":"<p>Ciudad de M\u00e9xico\u2014 Entre banderas de \u201cOne Piece\u201d y la consigna \u201c\u00a1Fuera Claudia (Sheinbaum)!\u201d, miles de mexicanos de todas las edades, pertenecientes a la llamada \u201c generaci\u00f3n Z \u201d, protestaron este s\u00e1bado en la Ciudad de M\u00e9xico para expresar su \u201chartazgo pol\u00edtico\u201d hacia el Gobierno encabezado por la presidenta mexicana y denunciar la \u201cimpunidad\u201d frente<\/p>\n","protected":false},"author":2,"featured_media":15372,"comment_status":"open","ping_status":"open","sticky":false,"template":"","format":"standard","meta":{"om_disable_all_campaigns":false,"_monsterinsights_skip_tracking":false,"_monsterinsights_sitenote_active":false,"_monsterinsights_sitenote_note":"","_monsterinsights_sitenote_category":0,"footnotes":""},"categories":[10],"tags":[],"class_list":["post-15371","post","type-post","status-publish","format-standard","has-post-thumbnail","hentry","category-mundo"],"aioseo_notices":[],"_links":{"self":[{"href":"https:\/\/aleeknews.com\/4l33k5\/wp-json\/wp\/v2\/posts\/15371","targetHints":{"allow":["GET"]}}],"collection":[{"href":"https:\/\/aleeknews.com\/4l33k5\/wp-json\/wp\/v2\/posts"}],"about":[{"href":"https:\/\/aleeknews.com\/4l33k5\/wp-json\/wp\/v2\/types\/post"}],"author":[{"embeddable":true,"href":"https:\/\/aleeknews.com\/4l33k5\/wp-json\/wp\/v2\/users\/2"}],"replies":[{"embeddable":true,"href":"https:\/\/aleeknews.com\/4l33k5\/wp-json\/wp\/v2\/comments?post=15371"}],"version-history":[{"count":0,"href":"https:\/\/aleeknews.com\/4l33k5\/wp-json\/wp\/v2\/posts\/15371\/revisions"}],"wp:featuredmedia":[{"embeddable":true,"href":"https:\/\/aleeknews.com\/4l33k5\/wp-json\/wp\/v2\/media\/15372"}],"wp:attachment":[{"href":"https:\/\/aleeknews.com\/4l33k5\/wp-json\/wp\/v2\/media?parent=15371"}],"wp:term":[{"taxonomy":"category","embeddable":true,"href":"https:\/\/aleeknews.com\/4l33k5\/wp-json\/wp\/v2\/categories?post=15371"},{"taxonomy":"post_tag","embeddable":true,"href":"https:\/\/aleeknews.com\/4l33k5\/wp-json\/wp\/v2\/tags?post=15371"}],"curies":[{"name":"wp","href":"https:\/\/api.w.org\/{rel}","templated":true}]}}