{"id":15367,"date":"2025-11-16T11:43:26","date_gmt":"2025-11-16T10:43:26","guid":{"rendered":"https:\/\/aleeknews.com\/4l33k5\/2025\/11\/16\/brasil-aranceles-de-estados-unidos-sobre-el-cafe-las-frutas-y-la-carne-siguen-vigentes\/"},"modified":"2025-11-16T11:43:26","modified_gmt":"2025-11-16T10:43:26","slug":"brasil-aranceles-de-estados-unidos-sobre-el-cafe-las-frutas-y-la-carne-siguen-vigentes","status":"publish","type":"post","link":"https:\/\/aleeknews.com\/4l33k5\/2025\/11\/16\/brasil-aranceles-de-estados-unidos-sobre-el-cafe-las-frutas-y-la-carne-siguen-vigentes\/","title":{"rendered":"Brasil: aranceles de Estados Unidos sobre el caf\u00e9, las frutas y la carne siguen vigentes"},"content":{"rendered":"<div>\n<p>El vicepresidente de Brasil, Geraldo Alckmin, dijo el s\u00e1bado que los productos brasile\u00f1os exportados a <a href=\"https:\/\/www.elnuevodia.com\/noticias\/estados-unidos\/\" target=\"_blank\" rel=\"noreferrer\" title=\"https:\/\/www.elnuevodia.com\/noticias\/estados-unidos\/\"><b>Estados Unidos<\/b><\/a>, entre ellos, el caf\u00e9, la carne de res y las frutas tropicales, mantendr\u00e1n un arancel del 40%, a pesar de la decisi\u00f3n del presidente <a href=\"https:\/\/www.elnuevodia.com\/topicos\/donald-trump\/\" target=\"_blank\" rel=\"noreferrer\" title=\"https:\/\/www.elnuevodia.com\/topicos\/donald-trump\/\"><b>Donald Trump<\/b><\/a> de eliminar algunos impuestos a la importaci\u00f3n. <\/p>\n<p>El viernes, en un dr\u00e1stico movimiento, Trump elimin\u00f3 los grav\u00e1menes anunciados en abril en lo que llam\u00f3 el <b>\u201cD\u00eda de la Liberaci\u00f3n\u201d<\/b>, con la esperanza de fomentar la producci\u00f3n nacional y levantar la econom\u00eda de Estados Unidos. En ese momento, Brasil fue afectado con un arancel del 10%. <\/p>\n<p>Sin embargo, en julio, Trump impuso un arancel adicional del 40%, mencionando, entre otras razones, el juicio a su aliado, el expresidente Jair Bolsonaro, al que calific\u00f3 de \u201ccacer\u00eda de brujas\u201d. El proceso continu\u00f3 y en septiembre, Bolsonaro fue condenado a 27 a\u00f1os y tres meses de prisi\u00f3n por intento de golpe de Estado. <\/p>\n<p>Alckmin dijo que algunos productos, como el jugo de naranja, ahora tendr\u00edan un arancel cero, ya que no fueron objeto del gravamen adicional del 40%. Pero ese impuesto extra sigue vigente para productos como el caf\u00e9, la carne de res y las frutas tropicales, como los mangos y las pi\u00f1as. <\/p>\n<p>Aunque el vicepresidente de Brasil acogi\u00f3 con satisfacci\u00f3n la reciente decisi\u00f3n de Trump, a la que calific\u00f3 de \u201cpositiva\u201d y un \u201cpaso en la direcci\u00f3n correcta\u201d, se\u00f1al\u00f3 que a\u00fan queda una \u201cdistorsi\u00f3n que necesita ser corregida\u201d. <\/p>\n<p>\u201cTodos obtuvieron un 10% menos, pero en el caso de Brasil, que ten\u00eda un 50%, terminamos con un 40%, lo cual es muy alto\u201d, expres\u00f3 Alckmin a los periodistas en Brasilia, la capital brasile\u00f1a. <\/p>\n<p>Alckmin se\u00f1al\u00f3 que la decisi\u00f3n del viernes significa que el 26% de los productos brasile\u00f1os ahora ingresan a Estados Unidos sin aranceles adicionales. Eso es un aumento con respecto al 23%. <\/p>\n<p>La decisi\u00f3n que Trump tom\u00f3 en julio, que fue abiertamente pol\u00edtica ya que <a href=\"https:\/\/www.elnuevodia.com\/topicos\/brasil\/\" target=\"_blank\" rel=\"noreferrer\" title=\"https:\/\/www.elnuevodia.com\/topicos\/brasil\/\"><b>Brasil<\/b><\/a> tiene un d\u00e9ficit comercial con Estados Unidos, llev\u00f3 a las peores relaciones en la historia de ambos pa\u00edses. <\/p>\n<div>\n<p>Tales relaciones han mejorado desde entonces, y en octubre el <a href=\"https:\/\/www.elnuevodia.com\/topicos\/luiz-inacio-lula-da-silva\/\" target=\"_blank\" rel=\"noreferrer\" title=\"https:\/\/www.elnuevodia.com\/topicos\/luiz-inacio-lula-da-silva\/\"><b>presidente brasile\u00f1o Luiz In\u00e1cio Lula da Silva<\/b><\/a> y Trump se reunieron en Malasia. <\/p>\n<\/div>\n<p>\u201cLa conversaci\u00f3n del presidente Lula con el presidente Donald Trump fue importante en t\u00e9rminos de di\u00e1logo y negociaci\u00f3n\u201d, manifest\u00f3 Alckmin el s\u00e1bado. <\/p>\n<p>Despu\u00e9s de ese encuentro, Lula dijo que confiaba en que los dos pa\u00edses pronto alcanzar\u00edan un acuerdo comercial. <\/p>\n<p>El secretario de Estado de Estados Unidos, <a href=\"https:\/\/www.elnuevodia.com\/topicos\/marco-rubio\/\" target=\"_blank\" rel=\"noreferrer\" title=\"https:\/\/www.elnuevodia.com\/topicos\/marco-rubio\/\"><b>Marco Rubio<\/b><\/a>, y el ministro de Relaciones Exteriores de Brasil, Mauro Vieira, se reunieron durante 50 minutos esta semana para avanzar en la conversaci\u00f3n. <\/p>\n<p>El gobierno de Trump ha insistido en que sus aranceles ayudaron a llenar las arcas del gobierno y no fueron un factor importante en el aumento de precios en las tiendas de comestibles de todo el pa\u00eds. Pero los dem\u00f3cratas presentaron de inmediato el movimiento del viernes como un reconocimiento de que las pol\u00edticas de Trump perjudican los bolsillos de los estadounidenses. <\/p>\n<p>Los precios r\u00e9cord de la carne de res han sido una preocupaci\u00f3n particular, y el mandatario hab\u00eda dicho que ten\u00eda la intenci\u00f3n de tomar medidas para intentar reducirlos. Los aranceles de Trump sobre Brasil, un importante exportador de carne de res, hab\u00edan sido un factor. <\/p>\n<p>De vuelta en Brasil, la Asociaci\u00f3n Brasile\u00f1a de la Industria del Caf\u00e9 dijo que seguir\u00eda vigilando la situaci\u00f3n. <\/p>\n<p>\u201cSeguiremos trabajando para garantizar la seguridad jur\u00eddica, la competitividad y la previsibilidad para la industria del caf\u00e9 brasile\u00f1a\u201d, dijo en un comunicado Pavel Cardoso, presidente del grupo. <\/p>\n<\/div>\n\n    <div class=\"xs_social_share_widget xs_share_url after_content \t\tmain_content  wslu-style-1 wslu-share-box-shaped wslu-fill-colored wslu-none wslu-share-horizontal wslu-theme-font-no wslu-main_content\">\n\n\t\t\n        <ul>\n\t\t\t        <\/ul>\n    <\/div> \n","protected":false},"excerpt":{"rendered":"<p>El vicepresidente de Brasil, Geraldo Alckmin, dijo el s\u00e1bado que los productos brasile\u00f1os exportados a Estados Unidos , entre ellos, el caf\u00e9, la carne de res y las frutas tropicales, mantendr\u00e1n un arancel del 40%, a pesar de la decisi\u00f3n del presidente Donald Trump de eliminar algunos impuestos a la importaci\u00f3n. El viernes, en un<\/p>\n","protected":false},"author":2,"featured_media":15368,"comment_status":"open","ping_status":"open","sticky":false,"template":"","format":"standard","meta":{"om_disable_all_campaigns":false,"_monsterinsights_skip_tracking":false,"_monsterinsights_sitenote_active":false,"_monsterinsights_sitenote_note":"","_monsterinsights_sitenote_category":0,"footnotes":""},"categories":[10],"tags":[],"class_list":["post-15367","post","type-post","status-publish","format-standard","has-post-thumbnail","hentry","category-mundo"],"aioseo_notices":[],"_links":{"self":[{"href":"https:\/\/aleeknews.com\/4l33k5\/wp-json\/wp\/v2\/posts\/15367","targetHints":{"allow":["GET"]}}],"collection":[{"href":"https:\/\/aleeknews.com\/4l33k5\/wp-json\/wp\/v2\/posts"}],"about":[{"href":"https:\/\/aleeknews.com\/4l33k5\/wp-json\/wp\/v2\/types\/post"}],"author":[{"embeddable":true,"href":"https:\/\/aleeknews.com\/4l33k5\/wp-json\/wp\/v2\/users\/2"}],"replies":[{"embeddable":true,"href":"https:\/\/aleeknews.com\/4l33k5\/wp-json\/wp\/v2\/comments?post=15367"}],"version-history":[{"count":0,"href":"https:\/\/aleeknews.com\/4l33k5\/wp-json\/wp\/v2\/posts\/15367\/revisions"}],"wp:featuredmedia":[{"embeddable":true,"href":"https:\/\/aleeknews.com\/4l33k5\/wp-json\/wp\/v2\/media\/15368"}],"wp:attachment":[{"href":"https:\/\/aleeknews.com\/4l33k5\/wp-json\/wp\/v2\/media?parent=15367"}],"wp:term":[{"taxonomy":"category","embeddable":true,"href":"https:\/\/aleeknews.com\/4l33k5\/wp-json\/wp\/v2\/categories?post=15367"},{"taxonomy":"post_tag","embeddable":true,"href":"https:\/\/aleeknews.com\/4l33k5\/wp-json\/wp\/v2\/tags?post=15367"}],"curies":[{"name":"wp","href":"https:\/\/api.w.org\/{rel}","templated":true}]}}