{"id":15279,"date":"2025-11-14T11:43:48","date_gmt":"2025-11-14T10:43:48","guid":{"rendered":"https:\/\/aleeknews.com\/4l33k5\/2025\/11\/14\/con-fecha-la-remodelacion-del-aeropuerto-mercedita-de-ponce-2\/"},"modified":"2025-11-14T11:43:48","modified_gmt":"2025-11-14T10:43:48","slug":"con-fecha-la-remodelacion-del-aeropuerto-mercedita-de-ponce-2","status":"publish","type":"post","link":"https:\/\/aleeknews.com\/4l33k5\/2025\/11\/14\/con-fecha-la-remodelacion-del-aeropuerto-mercedita-de-ponce-2\/","title":{"rendered":"Con fecha la remodelaci\u00f3n del Aeropuerto Mercedita de Ponce"},"content":{"rendered":"<div>\n<div data-testid=\"global-header-test\" data-fusion-lazy-id=\"f0f5G41E11Y61Ck\">\n<hr>\n<p><span>Bolsa de valores <b>10:31 AM<\/b><\/span><\/p>\n<\/div>\n<div>\n<div data-fusion-lazy-id=\"f0f9tfiOw0362nv\">\n<div class>\n<p><a href=\"https:\/\/thetrustproject.org\/\"><img decoding=\"async\" src=\"https:\/\/www.elnuevodia.com\/pf\/resources\/v2\/icons\/trust-icon.svg?d=217\"><\/a><\/p>\n<div>\n<p>Noticia<\/p>\n<div>\n<p>Basado en hechos que el periodista haya observado y verificado de primera mano, o en informaci\u00f3n verificada que proviene de fuentes bien informadas.<\/p>\n<\/div>\n<\/div>\n<\/div>\n<div>\n<h2>La Autoridad de los Puertos asegura que las obras dejar\u00e1n las filas exteriores en el pasado y facilitar\u00e1n la inspecci\u00f3n de equipaje<\/h2>\n<div>\n<p>14 de noviembre de 2025 &#8211; 11:10 PM<\/p>\n<\/div>\n<\/div>\n<\/div>\n<div data-fusion-lazy-id=\"f0f8wxHIPTYNet\">\n<div><picture><source media=\"(max-width: 375px)\" ><source media=\"(max-width: 767px)\" ><source media=\"(max-width: 1023px)\" ><source ><\/picture><figcaption>Imagen digital del nuevo dise\u00f1o de la terminal del aeropuerto Mercedita en Ponce. <span>(Suministrada)<\/span><\/figcaption><\/div>\n<div>\n<p><img decoding=\"async\" alt=\"Jos\u00e9 Orlando Delgado Rivera\" src=\"https:\/\/www.elnuevodia.com\/resizer\/v2\/https%3A%2F%2Fauthor-service-images-prod-us-east-1.publishing.aws.arc.pub%2Fgfrmedia%2F2b8b5e66-e7c1-4688-835e-191edae0ddfc.png?auth=5b4a7e8f482dddd87f58128de8eceac558550d1b57d5661fab3e195e38c75053&#038;quality=75&#038;smart=true&#038;width=170&#038;height=147\"><\/p>\n<\/div>\n<div>\n<p>Cuando la <a href=\"https:\/\/www.elnuevodia.com\/topicos\/autoridad-puertos\/\" target=\"_blank\" rel=\"noreferrer\" title=\"https:\/\/www.elnuevodia.com\/topicos\/autoridad-puertos\/\">Autoridad de los Puertos de Puerto Rico<\/a> (APPR) complete el proyecto de expansi\u00f3n de la terminal del <a href=\"https:\/\/www.elnuevodia.com\/topicos\/aeropuerto-mercedita-en-ponce\/\" target=\"_blank\" rel=\"noreferrer\" title=\"https:\/\/www.elnuevodia.com\/topicos\/aeropuerto-mercedita-en-ponce\/\">aeropuerto Mercedita<\/a> (PSE), en Ponce, a un costo de $3.6 millones, la fila de pasajeros al aire libre para acceder a la instalaci\u00f3n quedar\u00e1 en el pasado.<\/p>\n<\/div>\n<\/div>\n<section>\n<header><span>Popular en la Comunidad<\/span><\/header>\n<\/section>\n<\/div>\n<\/div>\n\n    <div class=\"xs_social_share_widget xs_share_url after_content \t\tmain_content  wslu-style-1 wslu-share-box-shaped wslu-fill-colored wslu-none wslu-share-horizontal wslu-theme-font-no wslu-main_content\">\n\n\t\t\n        <ul>\n\t\t\t        <\/ul>\n    <\/div> \n","protected":false},"excerpt":{"rendered":"<p>Bolsa de valores 10:31 AM Noticia Basado en hechos que el periodista haya observado y verificado de primera mano, o en informaci\u00f3n verificada que proviene de fuentes bien informadas. La Autoridad de los Puertos asegura que las obras dejar\u00e1n las filas exteriores en el pasado y facilitar\u00e1n la inspecci\u00f3n de equipaje 14 de noviembre de<\/p>\n","protected":false},"author":2,"featured_media":15276,"comment_status":"open","ping_status":"open","sticky":false,"template":"","format":"standard","meta":{"om_disable_all_campaigns":false,"_monsterinsights_skip_tracking":false,"_monsterinsights_sitenote_active":false,"_monsterinsights_sitenote_note":"","_monsterinsights_sitenote_category":0,"footnotes":""},"categories":[5],"tags":[],"class_list":["post-15279","post","type-post","status-publish","format-standard","has-post-thumbnail","hentry","category-negocios"],"aioseo_notices":[],"_links":{"self":[{"href":"https:\/\/aleeknews.com\/4l33k5\/wp-json\/wp\/v2\/posts\/15279","targetHints":{"allow":["GET"]}}],"collection":[{"href":"https:\/\/aleeknews.com\/4l33k5\/wp-json\/wp\/v2\/posts"}],"about":[{"href":"https:\/\/aleeknews.com\/4l33k5\/wp-json\/wp\/v2\/types\/post"}],"author":[{"embeddable":true,"href":"https:\/\/aleeknews.com\/4l33k5\/wp-json\/wp\/v2\/users\/2"}],"replies":[{"embeddable":true,"href":"https:\/\/aleeknews.com\/4l33k5\/wp-json\/wp\/v2\/comments?post=15279"}],"version-history":[{"count":0,"href":"https:\/\/aleeknews.com\/4l33k5\/wp-json\/wp\/v2\/posts\/15279\/revisions"}],"wp:featuredmedia":[{"embeddable":true,"href":"https:\/\/aleeknews.com\/4l33k5\/wp-json\/wp\/v2\/media\/15276"}],"wp:attachment":[{"href":"https:\/\/aleeknews.com\/4l33k5\/wp-json\/wp\/v2\/media?parent=15279"}],"wp:term":[{"taxonomy":"category","embeddable":true,"href":"https:\/\/aleeknews.com\/4l33k5\/wp-json\/wp\/v2\/categories?post=15279"},{"taxonomy":"post_tag","embeddable":true,"href":"https:\/\/aleeknews.com\/4l33k5\/wp-json\/wp\/v2\/tags?post=15279"}],"curies":[{"name":"wp","href":"https:\/\/api.w.org\/{rel}","templated":true}]}}