{"id":15201,"date":"2025-11-13T10:44:50","date_gmt":"2025-11-13T09:44:50","guid":{"rendered":"https:\/\/aleeknews.com\/4l33k5\/2025\/11\/13\/diagnosticos-de-tuberculosis-alcanzan-record-mundial\/"},"modified":"2025-11-13T10:44:50","modified_gmt":"2025-11-13T09:44:50","slug":"diagnosticos-de-tuberculosis-alcanzan-record-mundial","status":"publish","type":"post","link":"https:\/\/aleeknews.com\/4l33k5\/2025\/11\/13\/diagnosticos-de-tuberculosis-alcanzan-record-mundial\/","title":{"rendered":"Diagn\u00f3sticos de tuberculosis alcanzan r\u00e9cord mundial"},"content":{"rendered":"<div>\n<p><b>Nueva York-<\/b> El n\u00famero de personas diagnosticadas de <a href=\"https:\/\/www.elnuevodia.com\/topicos\/tuberculosis\/\" target=\"_blank\" rel=\"noreferrer\" title=\"https:\/\/www.elnuevodia.com\/topicos\/tuberculosis\/\"><b>tuberculosis<\/b><\/a> en todo el mundo volvi\u00f3 a aumentar el a\u00f1o pasado, eclipsando el total r\u00e9cord de 2023, seg\u00fan informaron el mi\u00e9rcoles responsables de la <a href=\"https:\/\/www.elnuevodia.com\/topicos\/organizacion-mundial-de-la-salud\/\" target=\"_blank\" rel=\"noreferrer\" title=\"https:\/\/www.elnuevodia.com\/topicos\/organizacion-mundial-de-la-salud\/\"><b>Organizaci\u00f3n Mundial de la Salud<\/b><\/a><b> (OMS)<\/b>.<\/p>\n<p>En 2024 se diagnostic\u00f3 tuberculosis a unos 8.3 millones de personas en todo el mundo. No todas las infecciones se diagnostican y las nuevas cifras representan el 78% del n\u00famero estimado de personas que realmente enfermaron el a\u00f1o pasado, se\u00f1al\u00f3 la OMS.<\/p>\n<p>Los funcionarios de la OMS consideran que el aumento es un indicio de que el cribado y el tratamiento est\u00e1n mejorando tras las interrupciones de la atenci\u00f3n sanitaria durante la pandemia de <a href=\"https:\/\/www.elnuevodia.com\/topicos\/covid-19\/\" target=\"_blank\" rel=\"noreferrer\" title=\"https:\/\/www.elnuevodia.com\/topicos\/covid-19\/\"><b>COVID-19<\/b><\/a>. A escala mundial, el n\u00famero de muertes causadas por la tuberculosis descendi\u00f3 en 2024 a 1.23 millones, frente a los 1.25 millones del a\u00f1o anterior.<\/p>\n<div>\n<figure><picture><source media=\"(max-width: 375px)\" ><source media=\"(max-width: 767px)\" ><source media=\"(max-width: 1023px)\" ><source ><img src=\"https:\/\/www.elnuevodia.com\/resizer\/v2\/JLAGGDUYHVC6FFY4DUVAAG2OEA.jpg?auth=2096753a7c0d4aba2ad344e367050dc948a7550e80a41b9530593327ff64179c&#038;quality=75&#038;width=829&#038;smart=true\" alt=\"ARCHIVO - Esta fotograf\u00eda de microscopio de 1966, proporcionada por los Centros para el Control y la Prevenci\u00f3n de Enfermedades de EE. UU., muestra bacilos de Mycobacterium tuberculosis, el organismo responsable de causar la tuberculosis. \" loading=\"lazy\" fetchpriority=\"low\" decoding=\"async\"><\/picture><figcaption>ARCHIVO &#8211; Esta fotograf\u00eda de microscopio de 1966, proporcionada por los Centros para el Control y la Prevenci\u00f3n de Enfermedades de EE. UU., muestra bacilos de Mycobacterium tuberculosis, el organismo responsable de causar la tuberculosis.  (Elizabeth S. Mingioli)<\/figcaption><\/figure>\n<\/div>\n<p><b>Los casos de tuberculosis en Estados Unidos siguieron aumentando el a\u00f1o pasado, alcanzando el nivel m\u00e1s alto en m\u00e1s de una docena de a\u00f1os, seg\u00fan datos preliminares publicados a principios de este a\u00f1o.<\/b> La gran mayor\u00eda de los casos de tuberculosis se diagnostican en personas nacidas en otros pa\u00edses.<\/p>\n<p>La tuberculosis est\u00e1 causada por una bacteria que ataca los pulmones y se propaga por el aire cuando una persona infectada tose o estornuda. Se calcula que aproximadamente una cuarta parte de la poblaci\u00f3n mundial tiene tuberculosis, pero s\u00f3lo una peque\u00f1a parte desarrolla s\u00edntomas. Puede ser mortal si no se trata, y es una de las principales causas de muerte en todo el mundo.<\/p>\n<p>La OMS publica cada a\u00f1o un informe sobre la tuberculosis. El \u00faltimo se basa en datos de 184 pa\u00edses. La financiaci\u00f3n de la lucha contra la enfermedad ya estaba estancada, y a los expertos les preocupa un posible retroceso en la batalla tras los recientes recortes de gastos del gobierno estadounidense y otros financiadores.<\/p>\n<\/div>\n\n    <div class=\"xs_social_share_widget xs_share_url after_content \t\tmain_content  wslu-style-1 wslu-share-box-shaped wslu-fill-colored wslu-none wslu-share-horizontal wslu-theme-font-no wslu-main_content\">\n\n\t\t\n        <ul>\n\t\t\t        <\/ul>\n    <\/div> \n","protected":false},"excerpt":{"rendered":"<p>Nueva York- El n\u00famero de personas diagnosticadas de tuberculosis en todo el mundo volvi\u00f3 a aumentar el a\u00f1o pasado, eclipsando el total r\u00e9cord de 2023, seg\u00fan informaron el mi\u00e9rcoles responsables de la Organizaci\u00f3n Mundial de la Salud (OMS). En 2024 se diagnostic\u00f3 tuberculosis a unos 8.3 millones de personas en todo el mundo. No todas<\/p>\n","protected":false},"author":2,"featured_media":15202,"comment_status":"open","ping_status":"open","sticky":false,"template":"","format":"standard","meta":{"om_disable_all_campaigns":false,"_monsterinsights_skip_tracking":false,"_monsterinsights_sitenote_active":false,"_monsterinsights_sitenote_note":"","_monsterinsights_sitenote_category":0,"footnotes":""},"categories":[10],"tags":[],"class_list":["post-15201","post","type-post","status-publish","format-standard","has-post-thumbnail","hentry","category-mundo"],"aioseo_notices":[],"_links":{"self":[{"href":"https:\/\/aleeknews.com\/4l33k5\/wp-json\/wp\/v2\/posts\/15201","targetHints":{"allow":["GET"]}}],"collection":[{"href":"https:\/\/aleeknews.com\/4l33k5\/wp-json\/wp\/v2\/posts"}],"about":[{"href":"https:\/\/aleeknews.com\/4l33k5\/wp-json\/wp\/v2\/types\/post"}],"author":[{"embeddable":true,"href":"https:\/\/aleeknews.com\/4l33k5\/wp-json\/wp\/v2\/users\/2"}],"replies":[{"embeddable":true,"href":"https:\/\/aleeknews.com\/4l33k5\/wp-json\/wp\/v2\/comments?post=15201"}],"version-history":[{"count":0,"href":"https:\/\/aleeknews.com\/4l33k5\/wp-json\/wp\/v2\/posts\/15201\/revisions"}],"wp:featuredmedia":[{"embeddable":true,"href":"https:\/\/aleeknews.com\/4l33k5\/wp-json\/wp\/v2\/media\/15202"}],"wp:attachment":[{"href":"https:\/\/aleeknews.com\/4l33k5\/wp-json\/wp\/v2\/media?parent=15201"}],"wp:term":[{"taxonomy":"category","embeddable":true,"href":"https:\/\/aleeknews.com\/4l33k5\/wp-json\/wp\/v2\/categories?post=15201"},{"taxonomy":"post_tag","embeddable":true,"href":"https:\/\/aleeknews.com\/4l33k5\/wp-json\/wp\/v2\/tags?post=15201"}],"curies":[{"name":"wp","href":"https:\/\/api.w.org\/{rel}","templated":true}]}}