{"id":15154,"date":"2025-11-12T10:42:46","date_gmt":"2025-11-12T09:42:46","guid":{"rendered":"https:\/\/aleeknews.com\/4l33k5\/2025\/11\/12\/al-menos-12-muertos-y-27-heridos-en-un-ataque-suicida-ante-una-corte-en-la-capital-de-pakistan\/"},"modified":"2025-11-12T10:42:46","modified_gmt":"2025-11-12T09:42:46","slug":"al-menos-12-muertos-y-27-heridos-en-un-ataque-suicida-ante-una-corte-en-la-capital-de-pakistan","status":"publish","type":"post","link":"https:\/\/aleeknews.com\/4l33k5\/2025\/11\/12\/al-menos-12-muertos-y-27-heridos-en-un-ataque-suicida-ante-una-corte-en-la-capital-de-pakistan\/","title":{"rendered":"Al menos 12 muertos y 27 heridos en un ataque suicida ante una corte en la capital de Pakist\u00e1n"},"content":{"rendered":"<div>\n<p>Un atacante suicida se inmol\u00f3 el martes ante las puertas de un tribunal de distrito en <b>Islamabad<\/b>, detonando sus explosivos junto a un veh\u00edculo policial y matando a 12 personas, dijo el ministro del Interior de <a href=\"https:\/\/www.elnuevodia.com\/topicos\/pakistan\/\" target=\"_blank\" rel=\"noreferrer\" title=\"https:\/\/www.elnuevodia.com\/topicos\/pakistan\/\"><b>Pakist\u00e1n<\/b><\/a>, como parte de un incremento de la violencia en todo el pa\u00eds.<\/p>\n<p>Los testigos describieron escenas de caos. <b>La explosi\u00f3n, que tambi\u00e9n hiri\u00f3 a 27 personas, se oy\u00f3 a kil\u00f3metros de distancia y ocurri\u00f3 en un momento del d\u00eda en que el \u00e1rea fuera del tribunal suele estar abarrotada de cientos de visitantes.<\/b><\/p>\n<p>Un grupo escindido del Talib\u00e1n paquistan\u00ed, el grupo Jamaat-ul-Ahrar, se atribuy\u00f3 la responsabilidad del atentado en mensajes que el l\u00edder del grupo, Omar Mukkaram Khurasani, envi\u00f3 a periodistas. Sin embargo, un comandante influyente dentro del grupo, Sarbakaf Mohmand, tambi\u00e9n envi\u00f3 mensajes negando cualquier v\u00ednculo con el ataque.<\/p>\n<p>El grupo abandon\u00f3 el Talib\u00e1n paquistan\u00ed, o TTP, despu\u00e9s de que el l\u00edder de <b>Jamaat-ul-Ahrar<\/b> fuera asesinado en una explosi\u00f3n en <a href=\"https:\/\/www.elnuevodia.com\/topicos\/afganistan\/\" target=\"_blank\" rel=\"noreferrer\" title=\"https:\/\/www.elnuevodia.com\/topicos\/afganistan\/\"><b>Afganist\u00e1n<\/b><\/a> en 2022. Aunque algunos miembros se reincorporaron recientemente al TTP, otros mantienen su distancia, se\u00f1al de que existen diferencias continuas entre los insurgentes.<\/p>\n<p>El TTP es un grupo separado pero aliado de los <a href=\"https:\/\/www.elnuevodia.com\/topicos\/taliban\/\" target=\"_blank\" rel=\"noreferrer\" title=\"https:\/\/www.elnuevodia.com\/topicos\/taliban\/\"><b>talibanes<\/b><\/a> de Afganist\u00e1n.<\/p>\n<p>El grupo ha llevado a cabo ofensivas menores en los \u00faltimos a\u00f1os, pero su capacidad para atacar la capital paquistan\u00ed probablemente agravar\u00e1 a\u00fan m\u00e1s las luchas del gobierno del pa\u00eds mientras enfrenta un resurgente Talib\u00e1n paquistan\u00ed, tensiones fronterizas y un fr\u00e1gil alto el fuego con el vecino Afganist\u00e1n.<\/p>\n<p>El atacante intent\u00f3 \u201centrar en el recinto del tribunal, pero, al no lograrlo, apunt\u00f3 a un veh\u00edculo policial\u201d, dijo a los periodistas el ministro del Interior, Mohsin Naqvi. Informes anteriores de los medios estatales paquistan\u00edes y dos funcionarios de seguridad dijeron que una bomba en un auto hab\u00eda causado la explosi\u00f3n.<\/p>\n<p>Sin presentar pruebas, Naqvi aleg\u00f3 que el ataque fue \u201cllevado a cabo por elementos respaldados por India y aliados talibanes afganos\u201d vinculados al Talib\u00e1n paquistan\u00ed. Aun as\u00ed, dijo que las autoridades \u201cinvestigan todos los aspectos\u201d de la explosi\u00f3n.<\/p>\n<p>En Nueva Delhi, Randhir Jaswal, el portavoz del Ministerio de Asuntos Exteriores, rechaz\u00f3 la acusaci\u00f3n paquistan\u00ed calific\u00e1ndola de infundada. \u201cLa comunidad internacional est\u00e1 bien consciente de la realidad y no se dejar\u00e1 enga\u00f1ar por las desesperadas maniobras de distracci\u00f3n de Pakist\u00e1n\u201d, dijo en un comunicado.<\/p>\n<p>El ataque provoc\u00f3 una condena generalizada, incluso de Estados Unidos, China, Arabia Saudita, Qatar, Turqu\u00eda y las Naciones Unidas. El secretario general de la ONU, Antonio Guterres, pidi\u00f3 una investigaci\u00f3n completa y reiter\u00f3 que \u201ctodos los perpetradores del terrorismo deben rendir cuentas\u201d, dijo el portavoz adjunto de la ONU, Farhan Haq.<\/p>\n<p><h4><b>Fuera del tribunal<\/b><\/h4>\n<\/p>\n<p>La polic\u00eda acordon\u00f3 r\u00e1pidamente el \u00e1rea alrededor del tribunal mientras una nube de humo se elevaba al cielo tras la explosi\u00f3n. Las v\u00edctimas eran en su mayor\u00eda transe\u00fantes o personas que hab\u00edan llegado para audiencias en el tribunal, seg\u00fan la polic\u00eda de Islamabad.<\/p>\n<p>M\u00e1s de una docena de personas gravemente heridas gritaban pidiendo ayuda mientras las ambulancias se apresuraban al lugar. \u201cLa gente comenz\u00f3 a correr en todas direcciones\u201d, coment\u00f3 Mohammad Afzal, quien estaba en el tribunal cuando oy\u00f3 la explosi\u00f3n.<\/p>\n<p>Naqvi dijo que el descubrimiento cercano de una cabeza cercenada, que la polic\u00eda dijo pertenec\u00eda al agresor, confirm\u00f3 que la explosi\u00f3n fue un ataque suicida. El atacante tambi\u00e9n fue visto m\u00e1s tarde en im\u00e1genes de circuito cerrado del lugar, dijo. Se\u00f1al\u00f3 que el atacante no fue incluido en el conteo de 12 muertos.<\/p>\n<p><h4><b>Ataque nocturno en un colegio administrado por el Ej\u00e9rcito<\/b><\/h4>\n<\/p>\n<p>Mientras tanto, las fuerzas de seguridad paquistan\u00edes dijeron haber frustrado un intento de milicianos de tomar como rehenes a cadetes en un colegio administrado por el Ej\u00e9rcito durante la noche, cuando un atacante suicida con coche bomba y otros cinco agresores atacaron la instalaci\u00f3n en una provincia del noroeste.<\/p>\n<p>Las autoridades culparon al TTP. \u00c9ste neg\u00f3 su participaci\u00f3n en el ataque del lunes, y el martes, su portavoz Mohammad Khurasani tambi\u00e9n neg\u00f3 su participaci\u00f3n en el ataque de ese d\u00eda.<\/p>\n<p>El ataque comenz\u00f3 cuando un agresor intent\u00f3 asaltar el colegio de cadetes en Wana, una ciudad en la provincia de Khyber Pakhtunkhwa cerca de la frontera afgana. El \u00e1rea hab\u00eda servido hasta hace pocos a\u00f1os como base para los talibanes paquistan\u00edes, Al Qaeda y otros milicianos extranjeros.<\/p>\n<p>Seg\u00fan Alamgir Mahsud, el jefe de polic\u00eda local, dos de los milicianos fueron abatidos r\u00e1pidamente por las tropas mientras que otros tres lograron entrar en el complejo antes de ser acorralados en un bloque administrativo. Dijo que la operaci\u00f3n de limpieza a\u00fan estaba en marcha el martes, unas 20 horas despu\u00e9s del ataque.<\/p>\n<p>El bloque administrativo est\u00e1 alejado del edificio que alberga a cientos de alumnos y miembros del personal, quienes fueron r\u00e1pidamente evacuados a lugares m\u00e1s seguros por comandos paquistan\u00edes.<\/p>\n<p>No hubo informes inmediatos de que alguien de los estudiantes o el personal resultara herido. El Ej\u00e9rcito no ha proporcionado ninguna informaci\u00f3n sobre bajas militares.<\/p>\n<p><h4><b>El primer ministro promete rendici\u00f3n de cuentas<\/b><\/h4>\n<\/p>\n<p>El primer ministro paquistan\u00ed, Shehbaz Sharif, critic\u00f3 ambos ataques y pidi\u00f3 una investigaci\u00f3n completa, seg\u00fan un comunicado emitido en Islamabad.<\/p>\n<p>Dijo que los responsables deben ser llevados ante la justicia r\u00e1pidamente.<\/p>\n<p>\u201cGarantizaremos que los perpetradores sean aprehendidos y que rindan cuentas\u201d, dijo.<\/p>\n<p>Sharif describi\u00f3 los ataques a civiles desarmados como \u201creprochables\u201d y agreg\u00f3: \u201cNo permitiremos que la sangre de inocentes paquistan\u00edes se derrame en vano\u201d.<\/p>\n<p>El ministro de Defensa de Pakist\u00e1n, Khawaja Mohammad Asif, dijo en X que el pa\u00eds est\u00e1 en estado de guerra y culp\u00f3 al gobierno talib\u00e1n en Afganist\u00e1n, al que Islamabad acusa de albergar al TTP.<\/p>\n<p>Afganist\u00e1n \u201cpuede actuar para detener el terrorismo en Pakist\u00e1n, pero llevar esta guerra a Islamabad es un mensaje de Kabul\u201d, dijo Asif y advirti\u00f3 que Pakist\u00e1n \u201ctiene la fuerza para responder plenamente\u201d.<\/p>\n<p>Pakist\u00e1n ha prohibido al TTP, tambi\u00e9n conocido como Tehrik-e-Taliban Pakist\u00e1n, y Estados Unidos y las Naciones Unidas han designado al grupo como una organizaci\u00f3n terrorista. La toma de poder de los talibanes afganos en Kabul en 2021 envalenton\u00f3 al TTP, y se cree que muchos de sus l\u00edderes y combatientes se han refugiado en Afganist\u00e1n. Kabul niega que est\u00e9 protegiendo al TTP.<\/p>\n<p>Pakist\u00e1n ha registrado un aumento en los ataques milicianos en los \u00faltimos a\u00f1os. El asalto m\u00e1s mort\u00edfero a una escuela ocurri\u00f3 en 2014 cuando una facci\u00f3n escindida del TTP mat\u00f3 a 154 personas, en su mayor\u00eda ni\u00f1os, en una escuela administrada por el Ej\u00e9rcito en Peshawar. El Ej\u00e9rcito afirm\u00f3 que los atacantes de Wana quer\u00edan repetir lo sucedido durante el ataque de 2014 en Peshawar.<\/p>\n<p><h4><b>Se estancan las conversaciones de paz entre Afganist\u00e1n y Pakist\u00e1n<\/b><\/h4>\n<\/p>\n<p>Las tensiones entre Pakist\u00e1n y Afganist\u00e1n han aumentado en los \u00faltimos meses. Kabul culp\u00f3 a Islamabad por los ataques con drones ocurridos el 9 de octubre, en los que murieron varias personas en la capital afgana y prometi\u00f3 represalias. Los enfrentamientos transfronterizos resultantes mataron a docenas de soldados, civiles y milicianos antes de que Qatar mediara un alto el fuego el 19 de octubre, que sigue vigente.<\/p>\n<p>Desde entonces se han llevado a cabo dos rondas de conversaciones de paz en Estambul \u2014la m\u00e1s reciente, el jueves\u2014 pero terminaron sin acuerdo despu\u00e9s de que Kabul se neg\u00f3 a proporcionar una garant\u00eda por escrito de que el TTP y otros grupos armados no usar\u00edan el territorio afgano contra Pakist\u00e1n.<\/p>\n<p>Un breve alto el fuego anterior entre Pakist\u00e1n y el TTP, mediado por Kabul en 2022, fracas\u00f3 m\u00e1s tarde despu\u00e9s de que el grupo acusara a Islamabad de violarlo.<\/p>\n<\/div>\n\n    <div class=\"xs_social_share_widget xs_share_url after_content \t\tmain_content  wslu-style-1 wslu-share-box-shaped wslu-fill-colored wslu-none wslu-share-horizontal wslu-theme-font-no wslu-main_content\">\n\n\t\t\n        <ul>\n\t\t\t        <\/ul>\n    <\/div> \n","protected":false},"excerpt":{"rendered":"<p>Un atacante suicida se inmol\u00f3 el martes ante las puertas de un tribunal de distrito en Islamabad, detonando sus explosivos junto a un veh\u00edculo policial y matando a 12 personas, dijo el ministro del Interior de Pakist\u00e1n , como parte de un incremento de la violencia en todo el pa\u00eds. Los testigos describieron escenas de<\/p>\n","protected":false},"author":2,"featured_media":15155,"comment_status":"open","ping_status":"open","sticky":false,"template":"","format":"standard","meta":{"om_disable_all_campaigns":false,"_monsterinsights_skip_tracking":false,"_monsterinsights_sitenote_active":false,"_monsterinsights_sitenote_note":"","_monsterinsights_sitenote_category":0,"footnotes":""},"categories":[10],"tags":[],"class_list":["post-15154","post","type-post","status-publish","format-standard","has-post-thumbnail","hentry","category-mundo"],"aioseo_notices":[],"_links":{"self":[{"href":"https:\/\/aleeknews.com\/4l33k5\/wp-json\/wp\/v2\/posts\/15154","targetHints":{"allow":["GET"]}}],"collection":[{"href":"https:\/\/aleeknews.com\/4l33k5\/wp-json\/wp\/v2\/posts"}],"about":[{"href":"https:\/\/aleeknews.com\/4l33k5\/wp-json\/wp\/v2\/types\/post"}],"author":[{"embeddable":true,"href":"https:\/\/aleeknews.com\/4l33k5\/wp-json\/wp\/v2\/users\/2"}],"replies":[{"embeddable":true,"href":"https:\/\/aleeknews.com\/4l33k5\/wp-json\/wp\/v2\/comments?post=15154"}],"version-history":[{"count":0,"href":"https:\/\/aleeknews.com\/4l33k5\/wp-json\/wp\/v2\/posts\/15154\/revisions"}],"wp:featuredmedia":[{"embeddable":true,"href":"https:\/\/aleeknews.com\/4l33k5\/wp-json\/wp\/v2\/media\/15155"}],"wp:attachment":[{"href":"https:\/\/aleeknews.com\/4l33k5\/wp-json\/wp\/v2\/media?parent=15154"}],"wp:term":[{"taxonomy":"category","embeddable":true,"href":"https:\/\/aleeknews.com\/4l33k5\/wp-json\/wp\/v2\/categories?post=15154"},{"taxonomy":"post_tag","embeddable":true,"href":"https:\/\/aleeknews.com\/4l33k5\/wp-json\/wp\/v2\/tags?post=15154"}],"curies":[{"name":"wp","href":"https:\/\/api.w.org\/{rel}","templated":true}]}}