{"id":15106,"date":"2025-11-11T09:44:42","date_gmt":"2025-11-11T08:44:42","guid":{"rendered":"https:\/\/aleeknews.com\/4l33k5\/2025\/11\/11\/nicolas-sarkozy-saldra-de-la-carcel-en-libertad-condicional-tras-pasar-20-dias-en-prision\/"},"modified":"2025-11-11T09:44:42","modified_gmt":"2025-11-11T08:44:42","slug":"nicolas-sarkozy-saldra-de-la-carcel-en-libertad-condicional-tras-pasar-20-dias-en-prision","status":"publish","type":"post","link":"https:\/\/aleeknews.com\/4l33k5\/2025\/11\/11\/nicolas-sarkozy-saldra-de-la-carcel-en-libertad-condicional-tras-pasar-20-dias-en-prision\/","title":{"rendered":"Nicolas Sarkozy saldr\u00e1 de la c\u00e1rcel en libertad condicional tras pasar 20 d\u00edas en prisi\u00f3n"},"content":{"rendered":"<div>\n<p><b>Par\u00eds<\/b> &#8211; <b>Par\u00eds<\/b> &#8211; El expresidente franc\u00e9s Nicolas Sarkozy, condenado a 5 a\u00f1os de prisi\u00f3n por corrupci\u00f3n, saldr\u00e1 de la c\u00e1rcel parisina de La Sant\u00e9 tras 20 d\u00edas gracias a la decisi\u00f3n pronunciada este lunes por el Tribunal de Apelaci\u00f3n de Par\u00eds, que decret\u00f3 un control judicial que incluye la prohibici\u00f3n de salir de Francia y contactar con el ministro de Justicia, G\u00e9rard Darmanin.<\/p>\n<p>El presidente del Tribunal ley\u00f3 la decisi\u00f3n mientras Sarkozy la acompa\u00f1aba por videoconferencia desde la c\u00e1rcel de la que previsiblemente saldr\u00e1 hoy mismo. Visiblemente nervioso y algo emocionado tras conocer el anuncio, el expresidente no quiso hacer ning\u00fan comentario despu\u00e9s de que el juez le diese la palabra.<\/p>\n<p>El que fuera jefe de Estado de Francia entre 2007 y 2012 hab\u00eda sido condenado el pasado septiembre a 5 a\u00f1os de c\u00e1rcel por haber dejado que sus principales colaboradores negociaran con responsables del r\u00e9gimen de Muamar Gadafi para obtener dinero para la campa\u00f1a de las elecciones presidenciales de 2007, que gan\u00f3.<\/p>\n<p>La \u201clibertad bajo control judicial\u201d a la que se someter\u00e1 Sarkozy (70 a\u00f1os) incluye, adem\u00e1s de la prohibici\u00f3n de salir de Francia y de entrar en contacto con los otros condenados en el caso, \u201cla prohibici\u00f3n de contactar\u201d con el actual ministro de Justicia, G\u00e9rald Darmanin, quien le visit\u00f3 en la c\u00e1rcel y del que es adem\u00e1s un allegado tras haber compartido partido pol\u00edtico la d\u00e9cada pasada.<\/p>\n<p>Los abogados del antiguo dirigente hab\u00edan presentado la solicitud de puesta en libertad al poco de su entrada en la c\u00e1rcel argumentando, entre otros puntos, que su cliente no representaba un peligro a la hora de destruir posibles pruebas, que no iba a dejar el pa\u00eds porque toda su familia reside all\u00ed y que la prisi\u00f3n supon\u00eda un real peligro para la integridad de Sarkozy.<\/p>\n<p>Unas tres horas antes, en la vista de la ma\u00f1ana, el l\u00edder conservador hab\u00eda tenido la ocasi\u00f3n de hacer un alegato que buscaba persuadir el Tribunal. En \u00e9l, Sarkozy tild\u00f3 su vida entre rejas como \u201calgo muy duro y agotador\u201d.<\/p>\n<p>\u201cQuiero agradecer la humanidad excepcional del personal penitenciario porque ellos han convertido esta pesadilla de la c\u00e1rcel en algo soportable\u201d, expuso.<\/p>\n<p>Esta declaraci\u00f3n a distancia la escucharon a trav\u00e9s de una pantalla y desde el Tribunal de Apelaci\u00f3n de Par\u00eds varios de sus allegados que estaban sentados en la sala.<\/p>\n<p>Su esposa Carla Bruni, dos de sus cuatro hijos (Jean y Pierre) y su hermano Fran\u00e7ois estuvieron presentes en una audiencia con una enorme expectaci\u00f3n medi\u00e1tica y en la que los m\u00f3viles fueron confiscados por las autoridades para evitar captaci\u00f3n de imagen o de sonido durante la vista.<\/p>\n<\/div>\n\n    <div class=\"xs_social_share_widget xs_share_url after_content \t\tmain_content  wslu-style-1 wslu-share-box-shaped wslu-fill-colored wslu-none wslu-share-horizontal wslu-theme-font-no wslu-main_content\">\n\n\t\t\n        <ul>\n\t\t\t        <\/ul>\n    <\/div> \n","protected":false},"excerpt":{"rendered":"<p>Par\u00eds &#8211; Par\u00eds &#8211; El expresidente franc\u00e9s Nicolas Sarkozy, condenado a 5 a\u00f1os de prisi\u00f3n por corrupci\u00f3n, saldr\u00e1 de la c\u00e1rcel parisina de La Sant\u00e9 tras 20 d\u00edas gracias a la decisi\u00f3n pronunciada este lunes por el Tribunal de Apelaci\u00f3n de Par\u00eds, que decret\u00f3 un control judicial que incluye la prohibici\u00f3n de salir de Francia<\/p>\n","protected":false},"author":2,"featured_media":15107,"comment_status":"open","ping_status":"open","sticky":false,"template":"","format":"standard","meta":{"om_disable_all_campaigns":false,"_monsterinsights_skip_tracking":false,"_monsterinsights_sitenote_active":false,"_monsterinsights_sitenote_note":"","_monsterinsights_sitenote_category":0,"footnotes":""},"categories":[10],"tags":[],"class_list":["post-15106","post","type-post","status-publish","format-standard","has-post-thumbnail","hentry","category-mundo"],"aioseo_notices":[],"_links":{"self":[{"href":"https:\/\/aleeknews.com\/4l33k5\/wp-json\/wp\/v2\/posts\/15106","targetHints":{"allow":["GET"]}}],"collection":[{"href":"https:\/\/aleeknews.com\/4l33k5\/wp-json\/wp\/v2\/posts"}],"about":[{"href":"https:\/\/aleeknews.com\/4l33k5\/wp-json\/wp\/v2\/types\/post"}],"author":[{"embeddable":true,"href":"https:\/\/aleeknews.com\/4l33k5\/wp-json\/wp\/v2\/users\/2"}],"replies":[{"embeddable":true,"href":"https:\/\/aleeknews.com\/4l33k5\/wp-json\/wp\/v2\/comments?post=15106"}],"version-history":[{"count":0,"href":"https:\/\/aleeknews.com\/4l33k5\/wp-json\/wp\/v2\/posts\/15106\/revisions"}],"wp:featuredmedia":[{"embeddable":true,"href":"https:\/\/aleeknews.com\/4l33k5\/wp-json\/wp\/v2\/media\/15107"}],"wp:attachment":[{"href":"https:\/\/aleeknews.com\/4l33k5\/wp-json\/wp\/v2\/media?parent=15106"}],"wp:term":[{"taxonomy":"category","embeddable":true,"href":"https:\/\/aleeknews.com\/4l33k5\/wp-json\/wp\/v2\/categories?post=15106"},{"taxonomy":"post_tag","embeddable":true,"href":"https:\/\/aleeknews.com\/4l33k5\/wp-json\/wp\/v2\/tags?post=15106"}],"curies":[{"name":"wp","href":"https:\/\/api.w.org\/{rel}","templated":true}]}}