{"id":14933,"date":"2025-11-07T08:45:16","date_gmt":"2025-11-07T07:45:16","guid":{"rendered":"https:\/\/aleeknews.com\/4l33k5\/2025\/11\/07\/que-viene-ahora-para-los-finalistas-de-objetivo-fama-2025\/"},"modified":"2025-11-07T08:45:16","modified_gmt":"2025-11-07T07:45:16","slug":"que-viene-ahora-para-los-finalistas-de-objetivo-fama-2025","status":"publish","type":"post","link":"https:\/\/aleeknews.com\/4l33k5\/2025\/11\/07\/que-viene-ahora-para-los-finalistas-de-objetivo-fama-2025\/","title":{"rendered":"\u00bfQu\u00e9 viene ahora para los finalistas de \u201cObjetivo Fama 2025\u201d?"},"content":{"rendered":"<div>\n<p>La gran final de<b> <\/b><a href=\"https:\/\/www.elnuevodia.com\/topicos\/objetivo-fama\/\" target=\"_self\" rel title=\"https:\/\/www.elnuevodia.com\/topicos\/objetivo-fama\/\"><b>\u201cObjetivo Fama 2025\u2033<\/b><\/a> el pasado domingo se destac\u00f3 por ser un verdadero derroche de talentos multicultural. Aunque, finalmente, el<b> <\/b><a href=\"https:\/\/www.elnuevodia.com\/entretenimiento\/musica\/notas\/quien-es-dionicio-matos-el-venezolano-que-conquisto-objetivo-fama\/\" target=\"_self\" rel title=\"https:\/\/www.elnuevodia.com\/entretenimiento\/musica\/notas\/quien-es-dionicio-matos-el-venezolano-que-conquisto-objetivo-fama\/\"><b>venezolano Dionicio Matos<\/b><\/a><b> <\/b>se<b> <\/b><a href=\"https:\/\/www.elnuevodia.com\/entretenimiento\/television\/notas\/eres-tu-dionicio-escogen-al-ganador-absoluto-de-objetivo-fama-2025\/\" target=\"_self\" rel title=\"https:\/\/www.elnuevodia.com\/entretenimiento\/television\/notas\/eres-tu-dionicio-escogen-al-ganador-absoluto-de-objetivo-fama-2025\/\"><b>alz\u00f3 con la victoria<\/b><\/a>, lo cierto es que los finalistas cumpl\u00edan con las cualidades para convertirse en la nueva estrella de la<a href=\"https:\/\/www.elnuevodia.com\/entretenimiento\/musica\/\" target=\"_self\" rel title=\"https:\/\/www.elnuevodia.com\/entretenimiento\/musica\/\"> <b>m\u00fasica latina<\/b><\/a>. <\/p>\n<div>\n<p><a href=\"https:\/\/www.elnuevodia.com\/\" target=\"_self\" rel title=\"https:\/\/www.elnuevodia.com\/\"><b>El Nuevo D\u00eda<\/b><\/a> convers\u00f3 con <a href=\"https:\/\/www.instagram.com\/cristiandiana_25\/\" target=\"_self\" rel title=\"https:\/\/www.instagram.com\/cristiandiana_25\/\"><b>Cristian Diana<\/b><\/a>, de Puerto Rico y segundo finalista; <a href=\"https:\/\/www.instagram.com\/iamyancyabril\/\" target=\"_self\" rel title=\"https:\/\/www.instagram.com\/iamyancyabril\/\"><b>Yancy Abr\u00edl<\/b><\/a>, de <a href=\"https:\/\/www.elnuevodia.com\/topicos\/republica-dominicana\/\" target=\"_self\" rel title=\"https:\/\/www.elnuevodia.com\/topicos\/republica-dominicana\/\"><b>Rep\u00fablica Dominicana<\/b><\/a>, y tercera finalista, y <a href=\"https:\/\/www.instagram.com\/sheilamiranda_22\/\" target=\"_self\" rel title=\"https:\/\/www.instagram.com\/sheilamiranda_22\/\"><b>Sheila Miranda<\/b><\/a>, de <a href=\"https:\/\/www.elnuevodia.com\/topicos\/mexico\/\" target=\"_self\" rel title=\"https:\/\/www.elnuevodia.com\/topicos\/mexico\/\"><b>M\u00e9xico<\/b><\/a> y cuarta finalista. Minutos despu\u00e9s de que se apagaran las luces del <a href=\"https:\/\/www.elnuevodia.com\/topicos\/centro-de-bellas-artes-de-caguas\/\" target=\"_self\" rel title=\"https:\/\/www.elnuevodia.com\/topicos\/centro-de-bellas-artes-de-caguas\/\"><b>Centro de Bellas Artes de Caguas<\/b><\/a>, los j\u00f3venes ten\u00edan muy claro los pr\u00f3ximos pasos que les gustar\u00eda dar en la industria del entretenimiento. <\/p>\n<\/div>\n<p>Mientras recib\u00edan el abrazo y las felicitaciones de amigos, familiares y excompa\u00f1eros de los 3 integrantes del \u201cTop 4\u2033 solo expresaban palabras de gratitud. <b>Tambi\u00e9n manifestaron su alegr\u00eda por la victoria de Matos, de 30 a\u00f1os. <\/b><\/p>\n<div>\n<p><b>1 \/ 23 | <\/b><span> Talento, intensidad y emoci\u00f3n: lo que ocurri\u00f3 en la gran final de Objetivo Fama. La gran final de la s\u00e9ptima edici\u00f3n de Objetivo Fama comenz\u00f3 con todos los finalistas cantando juntos por \u00faltima vez en el escenario del Centro de Bellas Artes de Caguas.<br \/>\n<\/span><i> &#8211; Suministrada<\/i><\/p>\n<\/div>\n<p>\u201cMe siento s\u00faper agradecida, feliz, orgullosa. Tengo tantas emociones, pero estoy bien por todo el trabajo que he hecho y voy a seguir aqu\u00ed. <b>Vamos a seguir lanzando m\u00fasica y hacer lo que amo, que es la m\u00fasica, y que el p\u00fablico siga conmigo, y que yo conecte, que eso es m\u00e1s importante\u201d, dijo Abr\u00edl.<\/b><\/p>\n<p>Diana garantiz\u00f3 que est\u00e1 dispuesto a abrirle las puertas a todas las oportunidades que vengan. \u201cObjetivo Fama\u201d, agreg\u00f3, le confirm\u00f3 que cuenta con el respaldo y el cari\u00f1o de la audiencia. <\/p>\n<p> \u201cNunca pens\u00e9 que iba a tocar un escenario y darme esa oportunidad de ir al \u2018casting\u2019 y vivir esta experiencia tan maravillosa de crecimiento, de perseverancia, de resiliencia, es para m\u00ed, gigantesco. As\u00ed que mi amor, cuando yo salga, voy a hacer lo que tenga que hacer\u201d, puntualiz\u00f3.<\/p>\n<p>El natural de <a href=\"https:\/\/www.elnuevodia.com\/topicos\/santa-isabel\/\" target=\"_self\" rel title=\"https:\/\/www.elnuevodia.com\/topicos\/santa-isabel\/\"><b>Santa Isabel <\/b><\/a>detall\u00f3 que adem\u00e1s de la m\u00fasica, est\u00e1 dispuesto a explorar otras \u00e1reas como la televisi\u00f3n y los<a href=\"https:\/\/www.elnuevodia.com\/topicos\/reality-shows\/\" target=\"_self\" rel title=\"https:\/\/www.elnuevodia.com\/topicos\/reality-shows\/\"><b> \u201creality shows\u201d<\/b><\/a>. Sea cual sea su destino, mencion\u00f3, su misi\u00f3n ser\u00e1 la misma: \u201ccambiar vidas\u201d. <\/p>\n<p>Miranda, por su parte, mantendr\u00e1 su enfoque en la m\u00fasica. Antes, cont\u00f3, desea conocer un poco m\u00e1s de la tierra donde consigui\u00f3 la oportunidad que siempre hab\u00eda anhelado. <\/p>\n<p>\u201c\u2018\u00a1Oh, s\u00ed!\u2019, como dice Cristian. Me voy a quedar un ratito aqu\u00ed (en Puerto Rico), en serio. Yo quiero ver m\u00e1s de la isla. Le dicen la Isla del Encanto y as\u00ed es su gente. Aunque no he visto mucho de Puerto Rico, porque est\u00e1bamos aqu\u00ed en la competencia. Estoy muy agradecida porque he visto c\u00f3mo es la gente de hermosa y bella&#8221;, adelant\u00f3.<\/p>\n<div>\n<p><b>1 \/ 14 | <\/b><span> Vibra la emoci\u00f3n en la alfombra azul de la gran final de Objetivo Fama. Participantes de Objetivo Fama regresan para celebrar la gran gala final de la competencia de canto que se transmite por Telemundo.<\/span><i> &#8211; Suministrada<\/i><\/p>\n<\/div>\n<p><h4><b>Son familia<\/b><\/h4>\n<\/p>\n<p>La convivencia que los mantuvo unidos por m\u00e1s de 14 semanas, adem\u00e1s de sacar el m\u00e1ximo potencial de cada uno, tambi\u00e9n tuvo eco en sus sentimientos. Ahora, coinciden, son familia. <\/p>\n<p>\u201cHubo muchas veces que me dieron un dolor de cabeza porque quer\u00eda dormir. \u00a1Literal!\u201d, revel\u00f3 la dominicana. El boricua interrumpi\u00f3 con una broma: \u201cYo no s\u00e9 por qu\u00e9 porque yo hablo bien suave\u201d. <\/p>\n<p>Abr\u00edl aclar\u00f3: \u201cMe encant\u00f3 la din\u00e1mica entre todos nosotros. Yo siempre digo que producci\u00f3n hizo un buen trabajo de elegir 20 personas que se llevan muy bien\u201d. <\/p>\n<p>Miranda confirm\u00f3 que ahora tiene \u201c19 hermanos de por vida. Ellos abrieron mi coraz\u00f3n y nunca me voy a olvidar de ellos\u201d. <\/p>\n<p>Antes de continuar para el \u201cafter party\u201d en las afueras del recinto, los tres j\u00f3venes reflexionaron en las m\u00faltiples aportaciones del \u201c<a href=\"https:\/\/www.elnuevodia.com\/topicos\/reality-shows\/\" target=\"_self\" rel title=\"https:\/\/www.elnuevodia.com\/topicos\/reality-shows\/\">reality show<\/a>\u201d en su vida. <\/p>\n<p><b>\u201cEsta oportunidad me hizo abrir la mente a no solamente cantar, sino a inspirar y llevar un mensaje cuando uno est\u00e1 cantando. Esto es una responsabilidad bien grande. Much\u00edsimas personas nos est\u00e1n viendo\u201d, exterioriz\u00f3 el puertorrique\u00f1o.<\/b><\/p>\n<p>Lo anterior es el legado que precisamente desea continuar Abr\u00edl. \u201cVoy a terminar un \u00e1lbum que yo comenc\u00e9 antes de esto, voy a seguir con lo que yo amo que es el R&#038;B, el jazz, y voy a seguir experimentando para ser una artista completa\u201d. <\/p>\n<div>\n<p><b>1 \/ 7 | <\/b><span> Revive las presentaciones m\u00e1s memorables de &#8220;Objetivo Fama&#8221; . &#8220;Opening&#8221; gala 8 junto a Olga Ta\u00f1\u00f3n.<\/span><i> &#8211; Suministrada<\/i><\/p>\n<\/div>\n<\/div>\n\n    <div class=\"xs_social_share_widget xs_share_url after_content \t\tmain_content  wslu-style-1 wslu-share-box-shaped wslu-fill-colored wslu-none wslu-share-horizontal wslu-theme-font-no wslu-main_content\">\n\n\t\t\n        <ul>\n\t\t\t        <\/ul>\n    <\/div> \n","protected":false},"excerpt":{"rendered":"<p>La gran final de \u201cObjetivo Fama 2025\u2033 el pasado domingo se destac\u00f3 por ser un verdadero derroche de talentos multicultural. Aunque, finalmente, el venezolano Dionicio Matos se alz\u00f3 con la victoria , lo cierto es que los finalistas cumpl\u00edan con las cualidades para convertirse en la nueva estrella de la m\u00fasica latina . El Nuevo<\/p>\n","protected":false},"author":2,"featured_media":14934,"comment_status":"open","ping_status":"open","sticky":false,"template":"","format":"standard","meta":{"om_disable_all_campaigns":false,"_monsterinsights_skip_tracking":false,"footnotes":""},"categories":[61],"tags":[],"class_list":["post-14933","post","type-post","status-publish","format-standard","has-post-thumbnail","hentry","category-musica"],"aioseo_notices":[],"_links":{"self":[{"href":"https:\/\/aleeknews.com\/4l33k5\/wp-json\/wp\/v2\/posts\/14933","targetHints":{"allow":["GET"]}}],"collection":[{"href":"https:\/\/aleeknews.com\/4l33k5\/wp-json\/wp\/v2\/posts"}],"about":[{"href":"https:\/\/aleeknews.com\/4l33k5\/wp-json\/wp\/v2\/types\/post"}],"author":[{"embeddable":true,"href":"https:\/\/aleeknews.com\/4l33k5\/wp-json\/wp\/v2\/users\/2"}],"replies":[{"embeddable":true,"href":"https:\/\/aleeknews.com\/4l33k5\/wp-json\/wp\/v2\/comments?post=14933"}],"version-history":[{"count":0,"href":"https:\/\/aleeknews.com\/4l33k5\/wp-json\/wp\/v2\/posts\/14933\/revisions"}],"wp:featuredmedia":[{"embeddable":true,"href":"https:\/\/aleeknews.com\/4l33k5\/wp-json\/wp\/v2\/media\/14934"}],"wp:attachment":[{"href":"https:\/\/aleeknews.com\/4l33k5\/wp-json\/wp\/v2\/media?parent=14933"}],"wp:term":[{"taxonomy":"category","embeddable":true,"href":"https:\/\/aleeknews.com\/4l33k5\/wp-json\/wp\/v2\/categories?post=14933"},{"taxonomy":"post_tag","embeddable":true,"href":"https:\/\/aleeknews.com\/4l33k5\/wp-json\/wp\/v2\/tags?post=14933"}],"curies":[{"name":"wp","href":"https:\/\/api.w.org\/{rel}","templated":true}]}}