{"id":14780,"date":"2025-11-05T08:42:49","date_gmt":"2025-11-05T07:42:49","guid":{"rendered":"https:\/\/aleeknews.com\/4l33k5\/2025\/11\/05\/jenniffer-gonzalez-mueve-a-josue-rivera-de-la-secretaria-de-agricultura-a-la-presidencia-del-banco-de-desarrollo-economico-2\/"},"modified":"2025-11-05T08:42:49","modified_gmt":"2025-11-05T07:42:49","slug":"jenniffer-gonzalez-mueve-a-josue-rivera-de-la-secretaria-de-agricultura-a-la-presidencia-del-banco-de-desarrollo-economico-2","status":"publish","type":"post","link":"https:\/\/aleeknews.com\/4l33k5\/2025\/11\/05\/jenniffer-gonzalez-mueve-a-josue-rivera-de-la-secretaria-de-agricultura-a-la-presidencia-del-banco-de-desarrollo-economico-2\/","title":{"rendered":"Jenniffer Gonz\u00e1lez mueve a Josu\u00e9 Rivera de la secretar\u00eda de Agricultura a la presidencia del Banco de Desarrollo Econ\u00f3mico"},"content":{"rendered":"<div>\n<p>La gobernadora <a href=\"https:\/\/www.elnuevodia.com\/topicos\/jenniffer-gonzalez\/\" rel title=\"https:\/\/www.elnuevodia.com\/topicos\/jenniffer-gonzalez\/\"><b>Jenniffer Gonz\u00e1lez<\/b><\/a> design\u00f3 este viernes a <b>Josu\u00e9 Rivera<\/b>, hasta ahora secretario de <a href=\"https:\/\/www.elnuevodia.com\/topicos\/departamento-de-agricultura\/\" rel title=\"https:\/\/www.elnuevodia.com\/topicos\/departamento-de-agricultura\/\"><b>Agricultura<\/b><\/a>, como nuevo presidente ejecutivo del <a href=\"https:\/\/www.elnuevodia.com\/topicos\/banco-de-desarrollo-economico-de-puerto-rico\/\" rel title=\"https:\/\/www.elnuevodia.com\/topicos\/banco-de-desarrollo-economico-de-puerto-rico\/\"><b>Banco de Desarrollo Econ\u00f3mico<\/b><\/a> (BDE), puesto que dej\u00f3 hace unas semanas <b>Carmen Vega Fournier<\/b> tras ser nominada como contralora de Puerto Rico.<\/p>\n<p>\u201cRecibo con humildad y compromiso esta nueva encomienda de liderar el Banco de Desarrollo Econ\u00f3mico, una instituci\u00f3n clave para continuar apalancando el desarrollo econ\u00f3mico de Puerto Rico. Mi experiencia en el Departamento de Agricultura, en la <a href=\"https:\/\/www.elnuevodia.com\/topicos\/sba\/\" rel title=\"https:\/\/www.elnuevodia.com\/topicos\/sba\/\"><b>Administraci\u00f3n de Peque\u00f1os Negocios<\/b><\/a> durante la pandemia (de COVID-19), y en el <a href=\"https:\/\/www.elnuevodia.com\/topicos\/departamento-de-agricultura-federal\/\" rel title=\"https:\/\/www.elnuevodia.com\/topicos\/departamento-de-agricultura-federal\/\"><b>Departamento de Agricultura de Estados Unidos<\/b><\/a> me ha preparado para asumir este reto con responsabilidad y visi\u00f3n\u201d, expres\u00f3 Rivera, en un comunicado de prensa.<\/p>\n<p>\u201cDurante los pasados 10 meses, Josu\u00e9 Rivera ha liderado una transformaci\u00f3n en el Departamento de Agricultura, implementando nuestra pol\u00edtica p\u00fablica con visi\u00f3n, eficacia y sentido de urgencia. Su gesti\u00f3n ha sido clave para fortalecer el sector agr\u00edcola, impulsar la innovaci\u00f3n y garantizar mayor transparencia y eficiencia en el uso de fondos federales\u201d, sostuvo, por su parte, Gonz\u00e1lez.<\/p>\n<p><b>El nombramiento de Rivera no requiere confirmaci\u00f3n legislativa<\/b>.<\/p>\n<p>La mandataria precis\u00f3 que el subsecretario de Agricultura, <b>Irving Rodr\u00edguez Torres<\/b>, quedar\u00e1 a la cabeza de la agencia de manera interina.<\/p>\n<p>De acuerdo con el parte de prensa, en el BDE, Rivera tendr\u00e1 como prioridades fortalecer la liquidez de la instituci\u00f3n, promover las peque\u00f1as y medianas empresas, facilitar el acceso a capital, y continuar impulsando un ecosistema robusto para hacer negocios en Puerto Rico.<\/p>\n<p>No es la primera vez que Gonz\u00e1lez recurre a movidas internas para llenar vacantes. M\u00e1s temprano en el a\u00f1o, la gobernadora design\u00f3 a la entonces directora de la <b>Oficina para el Desarrollo Socioecon\u00f3mico<\/b> (Odsec), <b>Astrid Pi\u00f1ero<\/b>, como <a href=\"https:\/\/www.elnuevodia.com\/topicos\/oficina-de-la-procuradora-de-las-mujeres\/\" rel title=\"https:\/\/www.elnuevodia.com\/topicos\/oficina-de-la-procuradora-de-las-mujeres\/\"><b>procuradora de las Mujeres<\/b><\/a>, sustituy\u00e9ndola en su puesto anterior con <a href=\"https:\/\/www.elnuevodia.com\/topicos\/roberto-lefranc-fortuno\/\" rel title=\"https:\/\/www.elnuevodia.com\/topicos\/roberto-lefranc-fortuno\/\"><b>Robert Lefranc Fortu\u00f1o<\/b><\/a>.<\/p>\n<p>Posteriormente, Lefranc Fortu\u00f1o fue nombrado como director de la <a href=\"https:\/\/www.elnuevodia.com\/topicos\/compania-de-fomento-industrial\/\" rel title=\"https:\/\/www.elnuevodia.com\/topicos\/compania-de-fomento-industrial\/\"><b>Compa\u00f1\u00eda de Fomento Industrial<\/b><\/a> tras la renuncia de <b>Eric Santiago Justiniano<\/b>, siendo relevado en la Odsec por la exsenadora <b>Keren Riquelme<\/b>.<\/p>\n<p>Este viernes, Gonz\u00e1lez refiri\u00f3 al <a href=\"https:\/\/www.elnuevodia.com\/topicos\/senado-de-puerto-rico\/\" rel title=\"https:\/\/www.elnuevodia.com\/topicos\/senado-de-puerto-rico\/\"><b>Senado<\/b><\/a> varias designaciones a puestos de fiscales y procuradores de Menores del Departamento de Justicia, la Judicatura y a la Autoridad del Puerto de Ponce. Asimismo, realiz\u00f3 nombramientos directos a vacantes en la Junta de Retiro, la Junta Administrativa del Fondo para el Acceso a la Justicia y la Junta Examinadora de Profesionales del Trabajo Social.<\/p>\n<\/div>\n\n    <div class=\"xs_social_share_widget xs_share_url after_content \t\tmain_content  wslu-style-1 wslu-share-box-shaped wslu-fill-colored wslu-none wslu-share-horizontal wslu-theme-font-no wslu-main_content\">\n\n\t\t\n        <ul>\n\t\t\t        <\/ul>\n    <\/div> \n","protected":false},"excerpt":{"rendered":"<p>La gobernadora Jenniffer Gonz\u00e1lez design\u00f3 este viernes a Josu\u00e9 Rivera, hasta ahora secretario de Agricultura , como nuevo presidente ejecutivo del Banco de Desarrollo Econ\u00f3mico (BDE), puesto que dej\u00f3 hace unas semanas Carmen Vega Fournier tras ser nominada como contralora de Puerto Rico. \u201cRecibo con humildad y compromiso esta nueva encomienda de liderar el Banco<\/p>\n","protected":false},"author":2,"featured_media":0,"comment_status":"open","ping_status":"open","sticky":false,"template":"","format":"standard","meta":{"om_disable_all_campaigns":false,"_monsterinsights_skip_tracking":false,"_monsterinsights_sitenote_active":false,"_monsterinsights_sitenote_note":"","_monsterinsights_sitenote_category":0,"footnotes":""},"categories":[5],"tags":[],"class_list":["post-14780","post","type-post","status-publish","format-standard","hentry","category-negocios"],"aioseo_notices":[],"_links":{"self":[{"href":"https:\/\/aleeknews.com\/4l33k5\/wp-json\/wp\/v2\/posts\/14780","targetHints":{"allow":["GET"]}}],"collection":[{"href":"https:\/\/aleeknews.com\/4l33k5\/wp-json\/wp\/v2\/posts"}],"about":[{"href":"https:\/\/aleeknews.com\/4l33k5\/wp-json\/wp\/v2\/types\/post"}],"author":[{"embeddable":true,"href":"https:\/\/aleeknews.com\/4l33k5\/wp-json\/wp\/v2\/users\/2"}],"replies":[{"embeddable":true,"href":"https:\/\/aleeknews.com\/4l33k5\/wp-json\/wp\/v2\/comments?post=14780"}],"version-history":[{"count":0,"href":"https:\/\/aleeknews.com\/4l33k5\/wp-json\/wp\/v2\/posts\/14780\/revisions"}],"wp:attachment":[{"href":"https:\/\/aleeknews.com\/4l33k5\/wp-json\/wp\/v2\/media?parent=14780"}],"wp:term":[{"taxonomy":"category","embeddable":true,"href":"https:\/\/aleeknews.com\/4l33k5\/wp-json\/wp\/v2\/categories?post=14780"},{"taxonomy":"post_tag","embeddable":true,"href":"https:\/\/aleeknews.com\/4l33k5\/wp-json\/wp\/v2\/tags?post=14780"}],"curies":[{"name":"wp","href":"https:\/\/api.w.org\/{rel}","templated":true}]}}