{"id":14776,"date":"2025-11-05T08:42:51","date_gmt":"2025-11-05T07:42:51","guid":{"rendered":"https:\/\/aleeknews.com\/4l33k5\/2025\/11\/05\/pocas-respuestas-sobre-lo-que-hara-el-bde-con-la-cartera-vendida-a-pr-recovery\/"},"modified":"2025-11-05T08:42:51","modified_gmt":"2025-11-05T07:42:51","slug":"pocas-respuestas-sobre-lo-que-hara-el-bde-con-la-cartera-vendida-a-pr-recovery","status":"publish","type":"post","link":"https:\/\/aleeknews.com\/4l33k5\/2025\/11\/05\/pocas-respuestas-sobre-lo-que-hara-el-bde-con-la-cartera-vendida-a-pr-recovery\/","title":{"rendered":"Pocas respuestas sobre lo que har\u00e1 el BDE con la cartera vendida a PR Recovery"},"content":{"rendered":"<div>\n<div data-testid=\"global-header-test\" data-fusion-lazy-id=\"f0f5G41E11Y61Ck\">\n<hr>\n<p><span>Bolsa de valores <b>07:42 AM<\/b><\/span><\/p>\n<\/div>\n<div>\n<div data-fusion-lazy-id=\"f0f9tfiOw0362nv\">\n<div class>\n<p><a href=\"https:\/\/thetrustproject.org\/\"><img decoding=\"async\" src=\"https:\/\/www.elnuevodia.com\/pf\/resources\/v2\/icons\/trust-icon.svg?d=216\"><\/a><\/p>\n<div>\n<p>Noticia<\/p>\n<div>\n<p>Basado en hechos que el periodista haya observado y verificado de primera mano, o en informaci\u00f3n verificada que proviene de fuentes bien informadas.<\/p>\n<\/div>\n<\/div>\n<\/div>\n<div>\n<h2>Su presidenta, Carmen Vega Fournier, dijo que la firma compradora no ha entregado la informaci\u00f3n ordenada por el tribunal<\/h2>\n<div>\n<p>19 de junio de 2025 &#8211; 2:25 PM<\/p>\n<\/div>\n<div>\n<p><b>Archivo<\/b><\/p>\n<p>Esta historia fue publicada hace m\u00e1s de 4 meses.<\/p>\n<\/div>\n<\/div>\n<\/div>\n<div data-fusion-lazy-id=\"f0f8wxHIPTYNet\">\n<div><picture><source media=\"(max-width: 375px)\" ><source media=\"(max-width: 767px)\" ><source media=\"(max-width: 1023px)\" ><source ><\/picture><figcaption>En la foto, la presidenta del Banco de Desarrollo Econ\u00f3mico (BDE), Carmen Vega Fournier, durante una conferencia de prensa celebrada este jueves, 19 de junio en La Fortaleza. <span>(Suministrada)<\/span><\/figcaption><\/div>\n<div>\n<p><img decoding=\"async\" alt=\"Maricarmen Rivera S\u00e1nchez\" src=\"https:\/\/www.elnuevodia.com\/resizer\/v2\/https%3A%2F%2Fauthor-service-images-prod-us-east-1.publishing.aws.arc.pub%2Fgfrmedia%2Fd7e09b7c-e3ac-42d9-9b55-fd4ec60fdd8e.png?auth=473195d231d90ef88f73011702b0a9dfb1fd392b4b707b9f977bd57796ae2b6e&#038;quality=75&#038;smart=true&#038;width=170&#038;height=147\"><\/p>\n<\/div>\n<div>\n<p>Aparte de decir que Puerto Rico Recovery no ha cumplido con la orden judicial que les obliga a entregar informaci\u00f3n sobre la cartera de pr\u00e9stamos que adquirieron de manos del Banco de Desarrollo Econ\u00f3mico (BDE), la presidenta de esa instituci\u00f3n, Carmen A. Vega Fournier, no contest\u00f3 c\u00f3mo proceder\u00e1n para asistir a los empresarios y comerciantes que tienen sus bienes atados en esta controversia.<\/p>\n<\/div>\n<\/div>\n<section>\n<header><span>Popular en la Comunidad<\/span><\/header>\n<\/section>\n<\/div>\n<\/div>\n\n    <div class=\"xs_social_share_widget xs_share_url after_content \t\tmain_content  wslu-style-1 wslu-share-box-shaped wslu-fill-colored wslu-none wslu-share-horizontal wslu-theme-font-no wslu-main_content\">\n\n\t\t\n        <ul>\n\t\t\t        <\/ul>\n    <\/div> \n","protected":false},"excerpt":{"rendered":"<p>Bolsa de valores 07:42 AM Noticia Basado en hechos que el periodista haya observado y verificado de primera mano, o en informaci\u00f3n verificada que proviene de fuentes bien informadas. Su presidenta, Carmen Vega Fournier, dijo que la firma compradora no ha entregado la informaci\u00f3n ordenada por el tribunal 19 de junio de 2025 &#8211; 2:25<\/p>\n","protected":false},"author":2,"featured_media":14777,"comment_status":"open","ping_status":"open","sticky":false,"template":"","format":"standard","meta":{"om_disable_all_campaigns":false,"_monsterinsights_skip_tracking":false,"_monsterinsights_sitenote_active":false,"_monsterinsights_sitenote_note":"","_monsterinsights_sitenote_category":0,"footnotes":""},"categories":[5],"tags":[],"class_list":["post-14776","post","type-post","status-publish","format-standard","has-post-thumbnail","hentry","category-negocios"],"aioseo_notices":[],"_links":{"self":[{"href":"https:\/\/aleeknews.com\/4l33k5\/wp-json\/wp\/v2\/posts\/14776","targetHints":{"allow":["GET"]}}],"collection":[{"href":"https:\/\/aleeknews.com\/4l33k5\/wp-json\/wp\/v2\/posts"}],"about":[{"href":"https:\/\/aleeknews.com\/4l33k5\/wp-json\/wp\/v2\/types\/post"}],"author":[{"embeddable":true,"href":"https:\/\/aleeknews.com\/4l33k5\/wp-json\/wp\/v2\/users\/2"}],"replies":[{"embeddable":true,"href":"https:\/\/aleeknews.com\/4l33k5\/wp-json\/wp\/v2\/comments?post=14776"}],"version-history":[{"count":0,"href":"https:\/\/aleeknews.com\/4l33k5\/wp-json\/wp\/v2\/posts\/14776\/revisions"}],"wp:featuredmedia":[{"embeddable":true,"href":"https:\/\/aleeknews.com\/4l33k5\/wp-json\/wp\/v2\/media\/14777"}],"wp:attachment":[{"href":"https:\/\/aleeknews.com\/4l33k5\/wp-json\/wp\/v2\/media?parent=14776"}],"wp:term":[{"taxonomy":"category","embeddable":true,"href":"https:\/\/aleeknews.com\/4l33k5\/wp-json\/wp\/v2\/categories?post=14776"},{"taxonomy":"post_tag","embeddable":true,"href":"https:\/\/aleeknews.com\/4l33k5\/wp-json\/wp\/v2\/tags?post=14776"}],"curies":[{"name":"wp","href":"https:\/\/api.w.org\/{rel}","templated":true}]}}