{"id":14752,"date":"2025-11-05T08:42:24","date_gmt":"2025-11-05T07:42:24","guid":{"rendered":"https:\/\/aleeknews.com\/4l33k5\/2025\/11\/05\/el-papa-pide-buscar-el-dialogo-para-resolver-las-tensiones-entre-estados-unidos-y-venezuela\/"},"modified":"2025-11-05T08:42:24","modified_gmt":"2025-11-05T07:42:24","slug":"el-papa-pide-buscar-el-dialogo-para-resolver-las-tensiones-entre-estados-unidos-y-venezuela","status":"publish","type":"post","link":"https:\/\/aleeknews.com\/4l33k5\/2025\/11\/05\/el-papa-pide-buscar-el-dialogo-para-resolver-las-tensiones-entre-estados-unidos-y-venezuela\/","title":{"rendered":"El papa pide \u201cbuscar el di\u00e1logo\u201d para resolver las tensiones entre Estados Unidos y Venezuela"},"content":{"rendered":"<div>\n<p>El <a href=\"https:\/\/www.elnuevodia.com\/topicos\/papa-leon-xiv\/\" target=\"_blank\" rel=\"noreferrer\" title=\"https:\/\/www.elnuevodia.com\/topicos\/papa-leon-xiv\/\"><b>papa Le\u00f3n XIV<\/b><\/a> inst\u00f3 este martes a \u201cbuscar el di\u00e1logo\u201d para encontrar una soluci\u00f3n a los problemas entre <a href=\"https:\/\/www.elnuevodia.com\/topicos\/estados-unidos\/\" target=\"_blank\" rel=\"noreferrer\" title=\"https:\/\/www.elnuevodia.com\/topicos\/estados-unidos\/\"><b>Estados Unidos<\/b><\/a> y <a href=\"https:\/\/www.elnuevodia.com\/topicos\/venezuela\/\" target=\"_blank\" rel=\"noreferrer\" title=\"https:\/\/www.elnuevodia.com\/topicos\/venezuela\/\"><b>Venezuela<\/b><\/a> en el mar del Caribe, e insisti\u00f3 en que <b>\u201ccon la violencia no venceremos\u201d<\/b>, al ser preguntado por periodistas tras los recientes ataques en la zona. <\/p>\n<p><b>\u201cLo m\u00e1s importante es buscar el di\u00e1logo\u201d<\/b>, afirm\u00f3 el pont\u00edfice al ser consultado sobre la creciente tensi\u00f3n entre Caracas y Washington, despu\u00e9s de que el presidente estadounidense, <a href=\"https:\/\/www.elnuevodia.com\/topicos\/donald-trump\/\" target=\"_blank\" rel=\"noreferrer\" title=\"https:\/\/www.elnuevodia.com\/topicos\/donald-trump\/\"><b>Donald Trump<\/b><\/a>, asegurara el domingo que \u201cno cree\u201d que Estados Unidos vaya a entrar en guerra con Venezuela. <\/p>\n<p>En su comparecencia ante la prensa al salir de su residencia de Castel Gandolfo, en las cercan\u00edas de Roma, el pont\u00edfice tambi\u00e9n se refiri\u00f3 a la situaci\u00f3n en Oriente Medio, donde dijo que la paz \u201ces muy fr\u00e1gil\u201d y debe basarse en \u201cla justicia de todos los pueblos\u201d. <\/p>\n<p><b>\u201cGracias a Dios, al menos la primera fase del acuerdo de paz sigue adelante, pero es muy fr\u00e1gil. Es necesario ver c\u00f3mo avanzar hacia la segunda parte, abordar el tema del gobierno y garantizar los derechos de todos\u201d<\/b>, explic\u00f3. <\/p>\n<div>\n<p><b>1 \/ 25 | <\/b><span> Visita hist\u00f3rica al Vaticano: el rey Charles III, la reina Camilla y el papa Le\u00f3n XIV se unen en oraci\u00f3n. As\u00ed el rey Charles III del Reino Unido y la reina Camilla llegaron al aeropuerto del Ala 31 de Ciampino, en las afueras de Roma.<\/span><i> &#8211; Alessandra Tarantino<\/i><\/p>\n<\/div>\n<p><b>\u201cEl tema de Cisjordania es complejo: Israel hab\u00eda dicho una cosa y luego a veces se hace otra. Debemos tratar de trabajar juntos por la justicia y por todos los pueblos\u201d<\/b>, concluy\u00f3. <\/p>\n<p>Le\u00f3n XIV aprovech\u00f3 adem\u00e1s que este martes se celebra el D\u00eda de las Fuerzas Armadas en Italia para felicitar a los militares y recordar que \u201clos pa\u00edses tienen el derecho de tener fuerzas armadas para defender la paz, para construir la paz\u201d. <\/p>\n<p>Durante el mismo encuentro informal, Le\u00f3n XIV fue preguntado por el derrumbe parcial de una torre medieval en Roma ocurrido el lunes durante unos trabajos de restauraci\u00f3n, en el que muri\u00f3 un operario. <\/p>\n<p>El papa destac\u00f3 que \u201ces un derecho del ser humano tener un trabajo digno\u201d que permita \u201cganar el sustento para el bien de la familia\u201d y expres\u00f3 su preocupaci\u00f3n por \u201cla seguridad laboral, un tema que afecta no solo a Italia, sino al mundo entero\u201d. <\/p>\n<\/div>\n\n    <div class=\"xs_social_share_widget xs_share_url after_content \t\tmain_content  wslu-style-1 wslu-share-box-shaped wslu-fill-colored wslu-none wslu-share-horizontal wslu-theme-font-no wslu-main_content\">\n\n\t\t\n        <ul>\n\t\t\t        <\/ul>\n    <\/div> \n","protected":false},"excerpt":{"rendered":"<p>El papa Le\u00f3n XIV inst\u00f3 este martes a \u201cbuscar el di\u00e1logo\u201d para encontrar una soluci\u00f3n a los problemas entre Estados Unidos y Venezuela en el mar del Caribe, e insisti\u00f3 en que \u201ccon la violencia no venceremos\u201d, al ser preguntado por periodistas tras los recientes ataques en la zona. \u201cLo m\u00e1s importante es buscar el<\/p>\n","protected":false},"author":2,"featured_media":14753,"comment_status":"open","ping_status":"open","sticky":false,"template":"","format":"standard","meta":{"om_disable_all_campaigns":false,"_monsterinsights_skip_tracking":false,"_monsterinsights_sitenote_active":false,"_monsterinsights_sitenote_note":"","_monsterinsights_sitenote_category":0,"footnotes":""},"categories":[10],"tags":[],"class_list":["post-14752","post","type-post","status-publish","format-standard","has-post-thumbnail","hentry","category-mundo"],"aioseo_notices":[],"_links":{"self":[{"href":"https:\/\/aleeknews.com\/4l33k5\/wp-json\/wp\/v2\/posts\/14752","targetHints":{"allow":["GET"]}}],"collection":[{"href":"https:\/\/aleeknews.com\/4l33k5\/wp-json\/wp\/v2\/posts"}],"about":[{"href":"https:\/\/aleeknews.com\/4l33k5\/wp-json\/wp\/v2\/types\/post"}],"author":[{"embeddable":true,"href":"https:\/\/aleeknews.com\/4l33k5\/wp-json\/wp\/v2\/users\/2"}],"replies":[{"embeddable":true,"href":"https:\/\/aleeknews.com\/4l33k5\/wp-json\/wp\/v2\/comments?post=14752"}],"version-history":[{"count":0,"href":"https:\/\/aleeknews.com\/4l33k5\/wp-json\/wp\/v2\/posts\/14752\/revisions"}],"wp:featuredmedia":[{"embeddable":true,"href":"https:\/\/aleeknews.com\/4l33k5\/wp-json\/wp\/v2\/media\/14753"}],"wp:attachment":[{"href":"https:\/\/aleeknews.com\/4l33k5\/wp-json\/wp\/v2\/media?parent=14752"}],"wp:term":[{"taxonomy":"category","embeddable":true,"href":"https:\/\/aleeknews.com\/4l33k5\/wp-json\/wp\/v2\/categories?post=14752"},{"taxonomy":"post_tag","embeddable":true,"href":"https:\/\/aleeknews.com\/4l33k5\/wp-json\/wp\/v2\/tags?post=14752"}],"curies":[{"name":"wp","href":"https:\/\/api.w.org\/{rel}","templated":true}]}}