{"id":14709,"date":"2025-11-04T07:44:47","date_gmt":"2025-11-04T06:44:47","guid":{"rendered":"https:\/\/aleeknews.com\/4l33k5\/2025\/11\/04\/es-seguro-viajar-en-avion-mortal-accidente-de-air-india-genera-serias-preocupaciones\/"},"modified":"2025-11-04T07:44:47","modified_gmt":"2025-11-04T06:44:47","slug":"es-seguro-viajar-en-avion-mortal-accidente-de-air-india-genera-serias-preocupaciones","status":"publish","type":"post","link":"https:\/\/aleeknews.com\/4l33k5\/2025\/11\/04\/es-seguro-viajar-en-avion-mortal-accidente-de-air-india-genera-serias-preocupaciones\/","title":{"rendered":"\u00bfEs seguro viajar en avi\u00f3n? Mortal accidente de Air India genera serias preocupaciones"},"content":{"rendered":"<div>\n<div data-fusion-lazy-id=\"f0fQYcNoHQKSGL\">\n<div class>\n<p><a href=\"https:\/\/thetrustproject.org\/\"><img decoding=\"async\" src=\"https:\/\/www.elnuevodia.com\/pf\/resources\/v2\/icons\/trust-icon.svg?d=215\"><\/a><\/p>\n<div>\n<p>Servicio de noticias<\/p>\n<div>\n<p>Producido externamente por una organizaci\u00f3n que confiamos cumple con las normas period\u00edsticas.<\/p>\n<\/div>\n<\/div>\n<\/div>\n<div>\n<h2>Al menos 240 personas murieron cuando la aeronave se estrell\u00f3 contra una escuela de medicina poco despu\u00e9s del despegue<\/h2>\n<div>\n<p>12 de junio de 2025 &#8211; 4:30 PM<\/p>\n<\/div>\n<div>\n<p><b>Archivo<\/b><\/p>\n<p>Esta historia fue publicada hace m\u00e1s de 4 meses.<\/p>\n<\/div>\n<\/div>\n<\/div>\n<div data-fusion-lazy-id=\"f0fIYaQF9GLV14D\">\n<div><picture><source media=\"(max-width: 375px)\" ><source media=\"(max-width: 767px)\" ><source media=\"(max-width: 1023px)\" ><source ><\/picture><figcaption>Avi\u00f3n se estrella contra edificio en Ahmedabad, India.  <span>(Ajit Solanki)<\/span><\/figcaption><\/div>\n<div>\n<p><span>Por <b><\/b><b>The Associated Press<\/b><\/span><\/p>\n<p><span>Agencia de noticias<\/span><\/p>\n<\/div>\n<div>\n<p>Al menos 240 personas murieron cuando un avi\u00f3n de <a href=\"https:\/\/www.elnuevodia.com\/topicos\/india\/\" target=\"_self\" rel title=\"https:\/\/www.elnuevodia.com\/topicos\/india\/\"><b>Air India<\/b><\/a><b> <\/b>se estrell\u00f3 el jueves contra una escuela de medicina poco despu\u00e9s del despegue. <b>Fue el \u00faltimo de una larga lista de <\/b><a href=\"https:\/\/www.elnuevodia.com\/topicos\/emergencias\/\" target=\"_self\" rel title=\"https:\/\/www.elnuevodia.com\/topicos\/emergencias\/\"><b>desastres de aviaci\u00f3n<\/b><\/a><b> este a\u00f1o.<\/b><\/p>\n<\/div>\n<\/div>\n<section>\n<header><span>Popular en la Comunidad<\/span><\/header>\n<\/section>\n<\/div>\n\n    <div class=\"xs_social_share_widget xs_share_url after_content \t\tmain_content  wslu-style-1 wslu-share-box-shaped wslu-fill-colored wslu-none wslu-share-horizontal wslu-theme-font-no wslu-main_content\">\n\n\t\t\n        <ul>\n\t\t\t        <\/ul>\n    <\/div> \n","protected":false},"excerpt":{"rendered":"<p>Servicio de noticias Producido externamente por una organizaci\u00f3n que confiamos cumple con las normas period\u00edsticas. Al menos 240 personas murieron cuando la aeronave se estrell\u00f3 contra una escuela de medicina poco despu\u00e9s del despegue 12 de junio de 2025 &#8211; 4:30 PM Archivo Esta historia fue publicada hace m\u00e1s de 4 meses. Avi\u00f3n se estrella<\/p>\n","protected":false},"author":2,"featured_media":14710,"comment_status":"open","ping_status":"open","sticky":false,"template":"","format":"standard","meta":{"om_disable_all_campaigns":false,"_monsterinsights_skip_tracking":false,"footnotes":""},"categories":[10],"tags":[],"class_list":["post-14709","post","type-post","status-publish","format-standard","has-post-thumbnail","hentry","category-mundo"],"aioseo_notices":[],"_links":{"self":[{"href":"https:\/\/aleeknews.com\/4l33k5\/wp-json\/wp\/v2\/posts\/14709","targetHints":{"allow":["GET"]}}],"collection":[{"href":"https:\/\/aleeknews.com\/4l33k5\/wp-json\/wp\/v2\/posts"}],"about":[{"href":"https:\/\/aleeknews.com\/4l33k5\/wp-json\/wp\/v2\/types\/post"}],"author":[{"embeddable":true,"href":"https:\/\/aleeknews.com\/4l33k5\/wp-json\/wp\/v2\/users\/2"}],"replies":[{"embeddable":true,"href":"https:\/\/aleeknews.com\/4l33k5\/wp-json\/wp\/v2\/comments?post=14709"}],"version-history":[{"count":0,"href":"https:\/\/aleeknews.com\/4l33k5\/wp-json\/wp\/v2\/posts\/14709\/revisions"}],"wp:featuredmedia":[{"embeddable":true,"href":"https:\/\/aleeknews.com\/4l33k5\/wp-json\/wp\/v2\/media\/14710"}],"wp:attachment":[{"href":"https:\/\/aleeknews.com\/4l33k5\/wp-json\/wp\/v2\/media?parent=14709"}],"wp:term":[{"taxonomy":"category","embeddable":true,"href":"https:\/\/aleeknews.com\/4l33k5\/wp-json\/wp\/v2\/categories?post=14709"},{"taxonomy":"post_tag","embeddable":true,"href":"https:\/\/aleeknews.com\/4l33k5\/wp-json\/wp\/v2\/tags?post=14709"}],"curies":[{"name":"wp","href":"https:\/\/api.w.org\/{rel}","templated":true}]}}