{"id":14684,"date":"2025-11-03T07:43:46","date_gmt":"2025-11-03T06:43:46","guid":{"rendered":"https:\/\/aleeknews.com\/4l33k5\/2025\/11\/03\/amantes-de-los-libros-preparense-la-feria-internacional-del-libro-llega-a-rio-piedras\/"},"modified":"2025-11-03T07:43:46","modified_gmt":"2025-11-03T06:43:46","slug":"amantes-de-los-libros-preparense-la-feria-internacional-del-libro-llega-a-rio-piedras","status":"publish","type":"post","link":"https:\/\/aleeknews.com\/4l33k5\/2025\/11\/03\/amantes-de-los-libros-preparense-la-feria-internacional-del-libro-llega-a-rio-piedras\/","title":{"rendered":"Amantes de los libros, prep\u00e1rense: la Feria Internacional del Libro llega a R\u00edo Piedras"},"content":{"rendered":"<div>\n<p>El<b> Recinto de R\u00edo Piedras de la <\/b><a href=\"https:\/\/www.elnuevodia.com\/topicos\/universidad-de-puerto-rico\/\" target=\"_self\" rel title=\"https:\/\/www.elnuevodia.com\/topicos\/universidad-de-puerto-rico\/\"><b>Universidad de Puerto Rico<\/b> <\/a>(UPR-RP) se transformar\u00e1 esta semana en un punto de encuentro para libros, autores, acad\u00e9micos, artistas y lectores. Se trata de la primera <b>Feria Internacional del Libro (FIL R\u00cdO 2025)<\/b> celebrada en la instituci\u00f3n, que se llevar\u00e1 a cabo <b>del 3 al 8 de noviembre<\/b> en varios puntos del plantel universitario y el casco urbano de R\u00edo Piedras. <\/p>\n<p>Aunque en el pa\u00eds se celebran varias ferias internacionales del libro destacadas, como la que se lleva a cabo en <a href=\"https:\/\/www.elnuevodia.com\/entretenimiento\/cultura\/notas\/mayra-santos-febres-apuesta-al-futuro-de-la-literatura-puertorriquena\/\" target=\"_blank\" rel=\"noreferrer\" title=\"https:\/\/www.elnuevodia.com\/entretenimiento\/cultura\/notas\/mayra-santos-febres-apuesta-al-futuro-de-la-literatura-puertorriquena\/\">Caguas<\/a>, esta ser\u00eda <b>la primera organizada por una universidad en Puerto Rico.<\/b> Con el evento, la UPR-RP busca reafirmar su compromiso con la cultura, la educaci\u00f3n y la comunidad. El evento reunir\u00e1 a escritores, artistas, editoriales, librer\u00edas, acad\u00e9micos y organizaciones culturales locales e internacionales en un programa diverso de conferencias, presentaciones, foros, talleres y actividades art\u00edsticas. <\/p>\n<p>\u201cEs una manera de reafirmar lo que lleva siendo la universidad desde siempre, que es un espacio de encuentro cultural. Y la universidad realmente ha tenido numerosos distintos tipos de encuentros, no solamente acad\u00e9micos, sino comunitarios y culturales a lo largo de su historia. As\u00ed que es un poco continuar ese legado\u201d, explic\u00f3 <b>Alexandra Pag\u00e1n V\u00e9lez<\/b>, profesora, autora y coordinadora de programaci\u00f3n para la FIL R\u00cdO 2025.<\/p>\n<p>La acad\u00e9mica sostuvo que continuar con ese legado es una de las motivaciones m\u00e1s grandes detr\u00e1s de la organizaci\u00f3n de la feria. Para ella y el equipo organizador, se trata de abrir la universidad al resto del pa\u00eds y a otras partes del mundo, recordando siempre el rol que ha jugado la UPR como un punto de intercambio de conocimientos y culturas a lo largo de sus m\u00e1s de 120 a\u00f1os de historia.<\/p>\n<p>\u201cAs\u00ed que yo creo que una de las intenciones, por lo menos del comit\u00e9 y muy personal, es que las personas entiendan que la universidad es la Universidad de Puerto Rico, por tanto, es abierta, siempre est\u00e1n ocurriendo cosas, siempre hay un inter\u00e9s de crear v\u00ednculos con la comunidad y de traer al espacio de la universidad diversas discusiones, <b>en torno a lo que nos acontece, pero tambi\u00e9n a lo que queremos y so\u00f1amos<\/b>. Otra cosa que me gustar\u00eda que se lleve a la gente es que conozcan, que conozcan nuevos autores, que vean a los autores y autoras que ya les gustan, que puedan tener ese espacio para tambi\u00e9n conocer cosas nuevas\u201d, dijo,<\/p>\n<p>\u201cLa FIL R\u00cdO representa la esencia de lo que somos como universidad: un espacio de di\u00e1logo, pensamiento y transformaci\u00f3n. Desde R\u00edo Piedras reafirmamos nuestro liderazgo regional y nuestro compromiso con la comunidad, la cultura, la educaci\u00f3n y el desarrollo humano\u201d, expres\u00f3, por su parte, <b>Ang\u00e9lica Varela Llavona<\/b>, rectora del Recinto de R\u00edo Piedras de la UPR. <\/p>\n<p>La feria contar\u00e1 con la presencia de destacados autores de Puerto Rico y del exterior, entre ellos, de Puerto Rico: <a href=\"https:\/\/www.elnuevodia.com\/entretenimiento\/cultura\/notas\/la-escritora-y-su-reflejo-mayra-santos-febres-examina-la-vida-de-julia-de-burgos-en-nueva-novela\/\" target=\"_blank\" rel=\"noreferrer\" title=\"https:\/\/www.elnuevodia.com\/entretenimiento\/cultura\/notas\/la-escritora-y-su-reflejo-mayra-santos-febres-examina-la-vida-de-julia-de-burgos-en-nueva-novela\/\">Mayra Santos-Febres<\/a>, <a href=\"https:\/\/www.elnuevodia.com\/autor\/magali-garcia-ramis\/\" target=\"_blank\" rel=\"noreferrer\" title=\"https:\/\/www.elnuevodia.com\/autor\/magali-garcia-ramis\/\">Magali Garc\u00eda Ramis<\/a>, Kattia Chico, Elidio La Torre Lagares, <a href=\"https:\/\/www.elnuevodia.com\/entretenimiento\/cultura\/notas\/giannina-braschi-imagina-nuevos-mundos-desde-la-felicidad-de-lo-absurdo\/\" target=\"_blank\" rel=\"noreferrer\" title=\"https:\/\/www.elnuevodia.com\/entretenimiento\/cultura\/notas\/giannina-braschi-imagina-nuevos-mundos-desde-la-felicidad-de-lo-absurdo\/\">Giannina Braschi<\/a>, Glorimar Marrero, Hermes Ayala, Tina Casanova, <a href=\"https:\/\/www.elnuevodia.com\/topicos\/cezanne-cardona-morales\/\" target=\"_blank\" rel=\"noreferrer\" title=\"https:\/\/www.elnuevodia.com\/topicos\/cezanne-cardona-morales\/\">Cezanne Cardona<\/a> y Georgina L\u00e1zaro, entre otros. Del exterior vendr\u00e1n: Guadalupe Tzotzil, Juli\u00e1n Hebert y Emiliano Becerril, de M\u00e9xico; Irma Velazquez, de Guatemala; Frank B\u00e1ez, de Rep\u00fablica Dominicana; Ana Garral\u00f3n, Ignacio Peyr\u00f3 y Clara Morales, de Espa\u00f1a; Dani Zelk, de Argentina; y S\u00e9bastien Onomo de Francia. A trav\u00e9s de conferencias, presentaciones, foros, talleres y actividades culturales, la feria busca crear un espacio de encuentro entre el conocimiento acad\u00e9mico, la creaci\u00f3n literaria y la comunidad. Bajo el lema \u201cUPR es comunidad\u201d.<\/p>\n<p>La FIL R\u00cdO 2025 tambi\u00e9n busca fortalecer los v\u00ednculos entre la universidad y el casco urbano de R\u00edo Piedras, impulsando la econom\u00eda creativa, la participaci\u00f3n ciudadana y la revitalizaci\u00f3n cultural del pa\u00eds.<\/p>\n<p>La programaci\u00f3n para el evento se puede acceder a trav\u00e9s de este enlace: <a href=\"https:\/\/www.uprrp.edu\/FILRio2025\" target=\"_blank\" rel=\"noreferrer\" title=\"https:\/\/www.uprrp.edu\/FILRio2025\">www.uprrp.edu\/FILRio2025<\/a>. Para m\u00e1s informaci\u00f3n se pueden consultar las p\u00e1ginas oficiales de la feria en las redes sociales.<\/p>\n<\/div>\n\n    <div class=\"xs_social_share_widget xs_share_url after_content \t\tmain_content  wslu-style-1 wslu-share-box-shaped wslu-fill-colored wslu-none wslu-share-horizontal wslu-theme-font-no wslu-main_content\">\n\n\t\t\n        <ul>\n\t\t\t        <\/ul>\n    <\/div> \n","protected":false},"excerpt":{"rendered":"<p>El Recinto de R\u00edo Piedras de la Universidad de Puerto Rico (UPR-RP) se transformar\u00e1 esta semana en un punto de encuentro para libros, autores, acad\u00e9micos, artistas y lectores. Se trata de la primera Feria Internacional del Libro (FIL R\u00cdO 2025) celebrada en la instituci\u00f3n, que se llevar\u00e1 a cabo del 3 al 8 de noviembre<\/p>\n","protected":false},"author":2,"featured_media":14685,"comment_status":"open","ping_status":"open","sticky":false,"template":"","format":"standard","meta":{"om_disable_all_campaigns":false,"_monsterinsights_skip_tracking":false,"footnotes":""},"categories":[48],"tags":[],"class_list":["post-14684","post","type-post","status-publish","format-standard","has-post-thumbnail","hentry","category-cultura"],"aioseo_notices":[],"_links":{"self":[{"href":"https:\/\/aleeknews.com\/4l33k5\/wp-json\/wp\/v2\/posts\/14684","targetHints":{"allow":["GET"]}}],"collection":[{"href":"https:\/\/aleeknews.com\/4l33k5\/wp-json\/wp\/v2\/posts"}],"about":[{"href":"https:\/\/aleeknews.com\/4l33k5\/wp-json\/wp\/v2\/types\/post"}],"author":[{"embeddable":true,"href":"https:\/\/aleeknews.com\/4l33k5\/wp-json\/wp\/v2\/users\/2"}],"replies":[{"embeddable":true,"href":"https:\/\/aleeknews.com\/4l33k5\/wp-json\/wp\/v2\/comments?post=14684"}],"version-history":[{"count":0,"href":"https:\/\/aleeknews.com\/4l33k5\/wp-json\/wp\/v2\/posts\/14684\/revisions"}],"wp:featuredmedia":[{"embeddable":true,"href":"https:\/\/aleeknews.com\/4l33k5\/wp-json\/wp\/v2\/media\/14685"}],"wp:attachment":[{"href":"https:\/\/aleeknews.com\/4l33k5\/wp-json\/wp\/v2\/media?parent=14684"}],"wp:term":[{"taxonomy":"category","embeddable":true,"href":"https:\/\/aleeknews.com\/4l33k5\/wp-json\/wp\/v2\/categories?post=14684"},{"taxonomy":"post_tag","embeddable":true,"href":"https:\/\/aleeknews.com\/4l33k5\/wp-json\/wp\/v2\/tags?post=14684"}],"curies":[{"name":"wp","href":"https:\/\/api.w.org\/{rel}","templated":true}]}}