{"id":14672,"date":"2025-11-03T07:43:08","date_gmt":"2025-11-03T06:43:08","guid":{"rendered":"https:\/\/aleeknews.com\/4l33k5\/2025\/11\/03\/quien-es-quien-en-la-saga-del-banco-de-desarrollo-economico-2\/"},"modified":"2025-11-03T07:43:08","modified_gmt":"2025-11-03T06:43:08","slug":"quien-es-quien-en-la-saga-del-banco-de-desarrollo-economico-2","status":"publish","type":"post","link":"https:\/\/aleeknews.com\/4l33k5\/2025\/11\/03\/quien-es-quien-en-la-saga-del-banco-de-desarrollo-economico-2\/","title":{"rendered":"\u00bfQui\u00e9n es qui\u00e9n en la saga del Banco de Desarrollo Econ\u00f3mico?"},"content":{"rendered":"<div>\n<div data-testid=\"global-header-test\" data-fusion-lazy-id=\"f0f5G41E11Y61Ck\">\n<hr>\n<p><span>Bolsa de valores <b>06:43 AM<\/b><\/span><\/p>\n<\/div>\n<div>\n<div data-fusion-lazy-id=\"f0f9tfiOw0362nv\">\n<div class>\n<p><a href=\"https:\/\/thetrustproject.org\/\"><img decoding=\"async\" src=\"https:\/\/www.elnuevodia.com\/pf\/resources\/v2\/icons\/trust-icon.svg?d=215\"><\/a><\/p>\n<div>\n<p>Explicativo<\/p>\n<div>\n<p>Proporciona el contexto o los antecedentes, definici\u00f3n y detalles de un tema espec\u00edfico.<\/p>\n<\/div>\n<\/div>\n<\/div>\n<div>\n<h2>Conoce a los involucrados en la venta de los paquetes de pr\u00e9stamos que empobrecieron al Banco y que contin\u00faan impactando a decenas de empresas puertorrique\u00f1as   <\/h2>\n<div>\n<p>25 de abril de 2025 &#8211; 11:10 PM<\/p>\n<\/div>\n<div>\n<p><b>Archivo<\/b><\/p>\n<p>Esta historia fue publicada hace m\u00e1s de 6 meses.<\/p>\n<\/div>\n<\/div>\n<\/div>\n<div data-fusion-lazy-id=\"f0f8wxHIPTYNet\">\n<div><picture><source media=\"(max-width: 375px)\" ><source media=\"(max-width: 767px)\" ><source media=\"(max-width: 1023px)\" ><source ><\/picture><figcaption>El BDE busca recuperar los pr\u00e9stamos que vendi\u00f3 el 7 de septiembre de 2018.  <span>(Archivo)<\/span><\/figcaption><\/div>\n<div>\n<p><img decoding=\"async\" alt=\"Marian D\u00edaz\" src=\"https:\/\/www.elnuevodia.com\/resizer\/v2\/https%3A%2F%2Fs3.amazonaws.com%2Farc-authors%2Fgfrmedia%2F14e09c78-76d5-47d9-b618-5a2cb8be0d96.png?auth=a5fd05e26d54c23523ae1b9d6ad49f1f9eab86e6cf3871570e6f0e82aec6fae9&#038;quality=75&#038;smart=true&#038;width=170&#038;height=147\"><\/p>\n<\/div>\n<div>\n<p>Cinco a\u00f1os despu\u00e9s de que el <a href=\"https:\/\/www.elnuevodia.com\/topicos\/banco-de-desarrollo-economico\" target=\"_self\" rel title=\"https:\/\/www.elnuevodia.com\/topicos\/banco-de-desarrollo-economico\">Banco de Desarrollo Econ\u00f3mico para Puerto Rico<\/a> (BDE) demandara a un contratista suyo y a las firmas de inversiones que compraron la mayor\u00eda de sus pr\u00e9stamos, la semana que viene se llevar\u00e1 a cabo la primera vista de conferencia con antelaci\u00f3n al juicio en el que se determinar\u00eda si la transacci\u00f3n, que puso en jaque a la instituci\u00f3n, es <a href=\"https:\/\/www.elnuevodia.com\/negocios\/economia\/notas\/el-banco-de-desarrollo-economico-reclama-mas-dinero-en-demanda\/\" target=\"_blank\" rel=\"noreferrer\" title=\"https:\/\/www.elnuevodia.com\/negocios\/economia\/notas\/el-banco-de-desarrollo-economico-reclama-mas-dinero-en-demanda\/\">nula<\/a>. <\/p>\n<\/div>\n<\/div>\n<section>\n<header><span>Popular en la Comunidad<\/span><\/header>\n<\/section>\n<\/div>\n<\/div>\n\n    <div class=\"xs_social_share_widget xs_share_url after_content \t\tmain_content  wslu-style-1 wslu-share-box-shaped wslu-fill-colored wslu-none wslu-share-horizontal wslu-theme-font-no wslu-main_content\">\n\n\t\t\n        <ul>\n\t\t\t        <\/ul>\n    <\/div> \n","protected":false},"excerpt":{"rendered":"<p>Bolsa de valores 06:43 AM Explicativo Proporciona el contexto o los antecedentes, definici\u00f3n y detalles de un tema espec\u00edfico. Conoce a los involucrados en la venta de los paquetes de pr\u00e9stamos que empobrecieron al Banco y que contin\u00faan impactando a decenas de empresas puertorrique\u00f1as 25 de abril de 2025 &#8211; 11:10 PM Archivo Esta historia<\/p>\n","protected":false},"author":2,"featured_media":14666,"comment_status":"open","ping_status":"open","sticky":false,"template":"","format":"standard","meta":{"om_disable_all_campaigns":false,"_monsterinsights_skip_tracking":false,"_monsterinsights_sitenote_active":false,"_monsterinsights_sitenote_note":"","_monsterinsights_sitenote_category":0,"footnotes":""},"categories":[5],"tags":[],"class_list":["post-14672","post","type-post","status-publish","format-standard","has-post-thumbnail","hentry","category-negocios"],"aioseo_notices":[],"_links":{"self":[{"href":"https:\/\/aleeknews.com\/4l33k5\/wp-json\/wp\/v2\/posts\/14672","targetHints":{"allow":["GET"]}}],"collection":[{"href":"https:\/\/aleeknews.com\/4l33k5\/wp-json\/wp\/v2\/posts"}],"about":[{"href":"https:\/\/aleeknews.com\/4l33k5\/wp-json\/wp\/v2\/types\/post"}],"author":[{"embeddable":true,"href":"https:\/\/aleeknews.com\/4l33k5\/wp-json\/wp\/v2\/users\/2"}],"replies":[{"embeddable":true,"href":"https:\/\/aleeknews.com\/4l33k5\/wp-json\/wp\/v2\/comments?post=14672"}],"version-history":[{"count":0,"href":"https:\/\/aleeknews.com\/4l33k5\/wp-json\/wp\/v2\/posts\/14672\/revisions"}],"wp:featuredmedia":[{"embeddable":true,"href":"https:\/\/aleeknews.com\/4l33k5\/wp-json\/wp\/v2\/media\/14666"}],"wp:attachment":[{"href":"https:\/\/aleeknews.com\/4l33k5\/wp-json\/wp\/v2\/media?parent=14672"}],"wp:term":[{"taxonomy":"category","embeddable":true,"href":"https:\/\/aleeknews.com\/4l33k5\/wp-json\/wp\/v2\/categories?post=14672"},{"taxonomy":"post_tag","embeddable":true,"href":"https:\/\/aleeknews.com\/4l33k5\/wp-json\/wp\/v2\/tags?post=14672"}],"curies":[{"name":"wp","href":"https:\/\/api.w.org\/{rel}","templated":true}]}}