{"id":14551,"date":"2025-11-01T07:42:51","date_gmt":"2025-11-01T06:42:51","guid":{"rendered":"https:\/\/aleeknews.com\/4l33k5\/2025\/11\/01\/four-seasons-llega-por-primera-vez-a-puerto-rico\/"},"modified":"2025-11-01T07:42:51","modified_gmt":"2025-11-01T06:42:51","slug":"four-seasons-llega-por-primera-vez-a-puerto-rico","status":"publish","type":"post","link":"https:\/\/aleeknews.com\/4l33k5\/2025\/11\/01\/four-seasons-llega-por-primera-vez-a-puerto-rico\/","title":{"rendered":"Four Seasons llega por primera vez a Puerto Rico"},"content":{"rendered":"<div>\n<div data-testid=\"global-header-test\" data-fusion-lazy-id=\"f0f5G41E11Y61Ck\">\n<hr>\n<p><span>Bolsa de valores <b>06:42 AM<\/b><\/span><\/p>\n<\/div>\n<div>\n<div data-fusion-lazy-id=\"f0f9tfiOw0362nv\">\n<div class>\n<p><a href=\"https:\/\/thetrustproject.org\/\"><img decoding=\"async\" src=\"https:\/\/www.elnuevodia.com\/pf\/resources\/v2\/icons\/trust-icon.svg?d=215\"><\/a><\/p>\n<div>\n<p>Noticia<\/p>\n<div>\n<p>Basado en hechos que el periodista haya observado y verificado de primera mano, o en informaci\u00f3n verificada que proviene de fuentes bien informadas.<\/p>\n<\/div>\n<\/div>\n<\/div>\n<div>\n<h2> El St. Regis Bahia Beach Resort, en R\u00edo Grande, har\u00e1 la transici\u00f3n a la bandera hotelera para lograr que la isla se asemeje a destinos con amplia oferta de ultralujo como M\u00f3naco, Miami y algunas islas del Caribe<\/h2>\n<div>\n<p>12 de diciembre de 2024 &#8211; 5:30 PM<\/p>\n<\/div>\n<div>\n<p><b>Archivo<\/b><\/p>\n<p>Esta historia fue publicada hace m\u00e1s de 10 meses.<\/p>\n<\/div>\n<\/div>\n<\/div>\n<div data-fusion-lazy-id=\"f0f8wxHIPTYNet\">\n<div><picture><source media=\"(max-width: 375px)\" ><source media=\"(max-width: 767px)\" ><source media=\"(max-width: 1023px)\" ><source ><\/picture><figcaption>El contrato con St. Regis culmina en noviembre de 2025, por lo que la proyecci\u00f3n es que se complete el proceso de transici\u00f3n a Four Seasons a finales del pr\u00f3ximo a\u00f1o, explic\u00f3 Rafael Cede\u00f1o Paulson, vicepresidente ejecutivo de Paulson &#038; Co. <\/figcaption><\/div>\n<div>\n<p><img decoding=\"async\" alt=\"Efra\u00edn Montalb\u00e1n R\u00edos\" src=\"https:\/\/www.elnuevodia.com\/resizer\/v2\/https%3A%2F%2Fauthor-service-images-prod-us-east-1.publishing.aws.arc.pub%2Fgfrmedia%2Fb846106f-313f-4fa3-8690-8169fec53277.png?auth=b672eb01840f63d170a79ae205ccc29a2f694f1bb849b72693c84ad2cc16b7a1&#038;quality=75&#038;smart=true&#038;width=170&#038;height=147\"><\/p>\n<\/div>\n<div>\n<p><b>San Juan<\/b> &#8211; Con el fin de atraer a m\u00e1s turistas de lujo a la isla, el <a href=\"https:\/\/www.marriott.com\/en-us\/hotels\/sjuxr-the-st-regis-bahia-beach-resort-puerto-rico\/overview\/\" target=\"_blank\"><b>St. Regis Bahia Beach Resort<\/b><\/a>, en <a href=\"https:\/\/www.elnuevodia.com\/topicos\/rio-grande\/\" target=\"_blank\"><b>R\u00edo Grande<\/b><\/a><b>, cambiar\u00e1 de nombre <\/b>luego de que Paulson Puerto Rico firmara un acuerdo con Four Seasons, transacci\u00f3n que convertir\u00eda la hospeder\u00eda en el primer hotel gestionado por la exclusiva bandera hotelera en en la isla.<\/p>\n<\/div>\n<\/div>\n<section>\n<header><span>Popular en la Comunidad<\/span><\/header>\n<\/section>\n<\/div>\n<\/div>\n\n    <div class=\"xs_social_share_widget xs_share_url after_content \t\tmain_content  wslu-style-1 wslu-share-box-shaped wslu-fill-colored wslu-none wslu-share-horizontal wslu-theme-font-no wslu-main_content\">\n\n\t\t\n        <ul>\n\t\t\t        <\/ul>\n    <\/div> \n","protected":false},"excerpt":{"rendered":"<p>Bolsa de valores 06:42 AM Noticia Basado en hechos que el periodista haya observado y verificado de primera mano, o en informaci\u00f3n verificada que proviene de fuentes bien informadas. El St. Regis Bahia Beach Resort, en R\u00edo Grande, har\u00e1 la transici\u00f3n a la bandera hotelera para lograr que la isla se asemeje a destinos con<\/p>\n","protected":false},"author":2,"featured_media":14552,"comment_status":"open","ping_status":"open","sticky":false,"template":"","format":"standard","meta":{"om_disable_all_campaigns":false,"_monsterinsights_skip_tracking":false,"_monsterinsights_sitenote_active":false,"_monsterinsights_sitenote_note":"","_monsterinsights_sitenote_category":0,"footnotes":""},"categories":[5],"tags":[],"class_list":["post-14551","post","type-post","status-publish","format-standard","has-post-thumbnail","hentry","category-negocios"],"aioseo_notices":[],"_links":{"self":[{"href":"https:\/\/aleeknews.com\/4l33k5\/wp-json\/wp\/v2\/posts\/14551","targetHints":{"allow":["GET"]}}],"collection":[{"href":"https:\/\/aleeknews.com\/4l33k5\/wp-json\/wp\/v2\/posts"}],"about":[{"href":"https:\/\/aleeknews.com\/4l33k5\/wp-json\/wp\/v2\/types\/post"}],"author":[{"embeddable":true,"href":"https:\/\/aleeknews.com\/4l33k5\/wp-json\/wp\/v2\/users\/2"}],"replies":[{"embeddable":true,"href":"https:\/\/aleeknews.com\/4l33k5\/wp-json\/wp\/v2\/comments?post=14551"}],"version-history":[{"count":0,"href":"https:\/\/aleeknews.com\/4l33k5\/wp-json\/wp\/v2\/posts\/14551\/revisions"}],"wp:featuredmedia":[{"embeddable":true,"href":"https:\/\/aleeknews.com\/4l33k5\/wp-json\/wp\/v2\/media\/14552"}],"wp:attachment":[{"href":"https:\/\/aleeknews.com\/4l33k5\/wp-json\/wp\/v2\/media?parent=14551"}],"wp:term":[{"taxonomy":"category","embeddable":true,"href":"https:\/\/aleeknews.com\/4l33k5\/wp-json\/wp\/v2\/categories?post=14551"},{"taxonomy":"post_tag","embeddable":true,"href":"https:\/\/aleeknews.com\/4l33k5\/wp-json\/wp\/v2\/tags?post=14551"}],"curies":[{"name":"wp","href":"https:\/\/api.w.org\/{rel}","templated":true}]}}