{"id":14536,"date":"2025-11-01T07:42:13","date_gmt":"2025-11-01T06:42:13","guid":{"rendered":"https:\/\/aleeknews.com\/4l33k5\/2025\/11\/01\/un-escandalo-mas-obliga-a-la-monarquia-britanica-a-apartar-al-principe-andres-tras-anos-de-polemica\/"},"modified":"2025-11-01T07:42:13","modified_gmt":"2025-11-01T06:42:13","slug":"un-escandalo-mas-obliga-a-la-monarquia-britanica-a-apartar-al-principe-andres-tras-anos-de-polemica","status":"publish","type":"post","link":"https:\/\/aleeknews.com\/4l33k5\/2025\/11\/01\/un-escandalo-mas-obliga-a-la-monarquia-britanica-a-apartar-al-principe-andres-tras-anos-de-polemica\/","title":{"rendered":"Un esc\u00e1ndalo m\u00e1s obliga a la monarqu\u00eda brit\u00e1nica a apartar al pr\u00edncipe Andr\u00e9s tras a\u00f1os de pol\u00e9mica"},"content":{"rendered":"<div>\n<p>Despu\u00e9s de que surgieran correos electr\u00f3nicos esta semana que mostraban que el <a href=\"https:\/\/www.elnuevodia.com\/topicos\/principe-andres\/\" target=\"_blank\" rel=\"noreferrer\" title=\"https:\/\/www.elnuevodia.com\/topicos\/principe-andres\/\"><b>pr\u00edncipe Andr\u00e9s<\/b><\/a> mantuvo contacto con el delincuente sexual convicto <a href=\"https:\/\/www.elnuevodia.com\/topicos\/Jeffrey-Epstein\/\" target=\"_blank\" rel=\"noreferrer\" title=\"https:\/\/www.elnuevodia.com\/topicos\/Jeffrey-Epstein\/\"><b>Jeffrey Epstein<\/b><\/a> por m\u00e1s tiempo del que hab\u00eda admitido previamente, la Casa de Windsor finalmente se moviliz\u00f3 para aislar a la monarqu\u00eda de a\u00f1os de titulares escandalosos sobre los amigos de dudosa reputaci\u00f3n de Andr\u00e9s y sus negocios sospechosos. <\/p>\n<p><b>El Palacio de Buckingham public\u00f3 el viernes un comunicado de Andr\u00e9s, en el que \u00e9l dec\u00eda que hab\u00eda acordado renunciar al uso de los \u00faltimos t\u00edtulos reales que le quedaban para que las continuas acusaciones acerca de \u00e9l \u201cno sean un distractor del trabajo de Su Majestad\u201d. <\/b><\/p>\n<p>Las revelaciones de esta semana demostraron que Andr\u00e9s hab\u00eda cometido el pecado imperdonable de enga\u00f1ar al p\u00fablico brit\u00e1nico, apunt\u00f3 Craig Prescott, experto en la monarqu\u00eda y derecho constitucional en la Universidad Royal Holloway de Londres. <\/p>\n<p>\u201cMe parece que decir algo que se demuestra que no es cierto es la gota que derram\u00f3 el vaso\u201d, expres\u00f3. <\/p>\n<p><h4><b>Indicios de una nueva direcci\u00f3n<\/b> <\/h4>\n<\/p>\n<p>La medida se llev\u00f3 a cabo en un momento en que Carlos, que tiene 76 a\u00f1os y est\u00e1 recibiendo tratamiento contra una forma de c\u00e1ncer no revelada, trabaja para asegurar la estabilidad a largo plazo de la monarqu\u00eda bajo su hijo y heredero, el pr\u00edncipe Guillermo. <\/p>\n<p>Recientemente, Guillermo concedi\u00f3 una entrevista en la que expuso su visi\u00f3n para la monarqu\u00eda, diciendo que la instituci\u00f3n necesitaba cambiar para asegurarse de que sea una fuerza para el bien. <\/p>\n<p>\u201cEn algunos aspectos, el pr\u00edncipe Andr\u00e9s ha sido exactamente lo opuesto a eso\u201d, coment\u00f3 Prescott. \u201cY no hay espacio para eso en la monarqu\u00eda moderna\u201d. <\/p>\n<p><b>Andr\u00e9s, de 65 a\u00f1os, es el segundo hijo de la fallecida reina Isabel II.<\/b> Pas\u00f3 m\u00e1s de 20 a\u00f1os como oficial en la Marina Real antes de dejarla para asumir sus deberes reales en 2001. <\/p>\n<p>Tras el anuncio del viernes, Andr\u00e9s ya no usar\u00e1 sus t\u00edtulos reales restantes, incluido el de duque de York, aunque t\u00e9cnicamente los retiene. <b>Despojarlo formalmente de esos t\u00edtulos ser\u00eda un proceso largo que requerir\u00eda la acci\u00f3n del Parlamento. <\/b><\/p>\n<p><h4><b>Ya se ve\u00eda venir desde hace tiempo<\/b> <\/h4>\n<\/p>\n<p>La expulsi\u00f3n de Andr\u00e9s completa un proceso que comenz\u00f3 en noviembre de 2019, cuando renunci\u00f3 a todos sus deberes p\u00fablicos y su desempe\u00f1o en obras de caridad. <\/p>\n<p>Eso fue desencadenado por una desastrosa entrevista que Andr\u00e9s concedi\u00f3 a la <a href=\"https:\/\/www.elnuevodia.com\/topicos\/bbc\/\" target=\"_blank\" rel=\"noreferrer\" title=\"https:\/\/www.elnuevodia.com\/topicos\/bbc\/\"><b>BBC<\/b><\/a>, en un intento por contrarrestar los informes de los medios sobre su amistad con Epstein y negar las acusaciones de que Andr\u00e9s sostuvo relaciones sexuales con una joven de 17 a\u00f1os, Virginia Giuffre, que fue traficada por Epstein en 2001. El pr\u00edncipe fue ampliamente criticado por no mostrar empat\u00eda hacia las v\u00edctimas de Epstein y por ofrecer explicaciones inveros\u00edmiles sobre su amistad con el desacreditado financiero. <\/p>\n<p>La entrevista tambi\u00e9n sembr\u00f3 las semillas de la agitaci\u00f3n de esta semana, cuando Andr\u00e9s le dijo a la BBC que hab\u00eda cortado el contacto con Epstein a partir de diciembre de 2010. <\/p>\n<p><b>Peri\u00f3dicos brit\u00e1nicos revelaron el domingo que Andr\u00e9s le escribi\u00f3 un correo electr\u00f3nico a Epstein el 28 de febrero de 2011. El pr\u00edncipe redact\u00f3 dicha nota despu\u00e9s de que surgieran nuevos reportes sobre el esc\u00e1ndalo del financiero multimillonario, dici\u00e9ndole que estaban \u201cen esto juntos\u201d y que \u201ctendr\u00edan que superarlo\u201d. <\/b><\/p>\n<p>Recientemente, Andr\u00e9s ha enfrentado otra serie de historias s\u00f3rdidas mientras los peri\u00f3dicos dan a conocer extractos de las memorias p\u00f3stumas de Giuffre, que se publicar\u00e1n el martes. Giuffre se suicid\u00f3 en abril a la edad de 41 a\u00f1os. <\/p>\n<p>En 2022, Andr\u00e9s lleg\u00f3 a un acuerdo extrajudicial con Giuffre despu\u00e9s de que ella presentara una demanda civil contra \u00e9l en Nueva York. Aunque no admiti\u00f3 haber actuado mal, Andr\u00e9s s\u00ed reconoci\u00f3 el sufrimiento de Giuffre como v\u00edctima de tr\u00e1fico sexual. <\/p>\n<p>Aunque Andr\u00e9s se\u00f1al\u00f3 que contin\u00faa \u201cnegando vigorosamente\u201d las acusaciones, la familia de Giuffre vio la renuncia al uso de sus t\u00edtulos como una validaci\u00f3n de los alegatos de sus memorias de que el pr\u00edncipe actuaba como si el sexo fuera su derecho de nacimiento. <\/p>\n<p>\u201cHemos derramado muchas l\u00e1grimas de felicidad y tristeza hoy\u201d, declar\u00f3 su hermano, Sky Roberts, a la BBC. \u201cDe muchas maneras, esto reivindica a Virginia\u201d. <\/p>\n<p><h4><b>Material de portada por razones negativas<\/b> <\/h4>\n<\/p>\n<p>El pr\u00edncipe ha sido objeto de historias de peri\u00f3dicos sensacionalistas desde al menos 2007, cuando vendi\u00f3 su casa cerca del Castillo de Windsor por un 20% m\u00e1s del precio de venta de 15 millones de libras. Se inform\u00f3 que el comprador era Timur Kulibayev, yerno de Nursultan Nazarbayev, entonces presidente de Kazajist\u00e1n, lo que gener\u00f3 preocupaciones de que el acuerdo fuera un intento de adquirir influencia en el Reino Unido. <\/p>\n<p>El a\u00f1o pasado, un caso judicial revel\u00f3 la relaci\u00f3n de Andr\u00e9s con un empresario y presunto esp\u00eda chino que fue expulsado del Reino Unido por consider\u00e1rsele una amenaza para la seguridad nacional. Las autoridades estaban preocupadas de que el hombre pudiera haber hecho un uso indebido de su influencia sobre Andr\u00e9s, seg\u00fan documentos judiciales. <\/p>\n<p><b>Aunque el palacio indic\u00f3 que Andr\u00e9s hab\u00eda decidido renunciar a sus t\u00edtulos reales, la historiadora real Sally Bedell Smith se\u00f1al\u00f3 que el rey, el pr\u00edncipe Guillermo y toda la familia ejercieron una enorme presi\u00f3n sobre \u00e9l. <\/b><\/p>\n<p>\u201cCreo que fue completamente forzado a hacer esto\u201d, apunt\u00f3 Smith, autora del libro \u201cPrince Charles: The Passions and Paradoxes of an Improbable Life\u201d (\u201cEl pr\u00edncipe Carlos: las pasiones y paradojas de una vida improbable\u201d). <\/p>\n<p>\u201cHa tenido muchas oportunidades para asumir totalmente la responsabilidad de sus transgresiones, y no lo ha hecho. As\u00ed que creo que se le dio una elecci\u00f3n bastante clara: o haces esto voluntariamente o tendremos que hacerlo de la manera dif\u00edcil\u201d, se\u00f1al\u00f3. <\/p>\n<p><h4><b>Proteger a la monarqu\u00eda en un momento delicado<\/b> <\/h4>\n<\/p>\n<p>Aunque el peso acumulado de los esc\u00e1ndalos de Andr\u00e9s exig\u00eda una respuesta de la familia real, las revelaciones de esta semana llegaron en un momento particularmente delicado para el rey mientras se prepara para una visita de Estado al Vaticano, donde se prev\u00e9 que rece junto al <a href=\"https:\/\/www.elnuevodia.com\/topicos\/papa-leon-xiv\/\" target=\"_blank\" rel=\"noreferrer\" title=\"https:\/\/www.elnuevodia.com\/topicos\/papa-leon-xiv\/\"><b>papa Le\u00f3n XIV<\/b><\/a>. <\/p>\n<p>La visita es muy importante para Carlos, quien ha hecho del puente entre las religiones una parte importante de su \u201cmantra\u201d, observ\u00f3 George Gross, experto en teolog\u00eda y la monarqu\u00eda en el King\u2019s College de Londres. <\/p>\n<p>\u201cCreo que esta fue la forma m\u00e1s veloz, realmente la m\u00e1s r\u00e1pida de reducir a\u00fan m\u00e1s su estatus (de Andr\u00e9s) sin tener que acudir al Parlamento\u201d, coment\u00f3 Gross. \u201cIncluso si el Parlamento lo hubiera aprobado, lleva tiempo\u201d. <\/p>\n<p>Carlos tambi\u00e9n pudo haber estado motivado por un deseo de proteger el trabajo de la reina Camila, quien ha hecho de la lucha contra la violencia dom\u00e9stica uno de los temas m\u00e1s importantes para ella, y el de la duquesa de Edimburgo, quien se ha abocado a combatir la violencia sexual en zonas de guerra como la Rep\u00fablica Democr\u00e1tica del Congo. <\/p>\n<p><b>El rey albergar\u00e1 esperanzas de que este movimiento finalmente trace una l\u00ednea entre Andr\u00e9s y el resto de la familia real<\/b>, expres\u00f3 Prescott. <\/p>\n<p>\u201cSi hay acusaciones, o sale a la luz m\u00e1s informaci\u00f3n, todo recaer\u00e1 sobre el pr\u00edncipe Andr\u00e9s\u201d, se\u00f1al\u00f3. \u201cHan cortado el v\u00ednculo entre el pr\u00edncipe Andr\u00e9s y la monarqu\u00eda como instituci\u00f3n\u201d. <\/p>\n<\/div>\n\n    <div class=\"xs_social_share_widget xs_share_url after_content \t\tmain_content  wslu-style-1 wslu-share-box-shaped wslu-fill-colored wslu-none wslu-share-horizontal wslu-theme-font-no wslu-main_content\">\n\n\t\t\n        <ul>\n\t\t\t        <\/ul>\n    <\/div> \n","protected":false},"excerpt":{"rendered":"<p>Despu\u00e9s de que surgieran correos electr\u00f3nicos esta semana que mostraban que el pr\u00edncipe Andr\u00e9s mantuvo contacto con el delincuente sexual convicto Jeffrey Epstein por m\u00e1s tiempo del que hab\u00eda admitido previamente, la Casa de Windsor finalmente se moviliz\u00f3 para aislar a la monarqu\u00eda de a\u00f1os de titulares escandalosos sobre los amigos de dudosa reputaci\u00f3n de<\/p>\n","protected":false},"author":2,"featured_media":14537,"comment_status":"open","ping_status":"open","sticky":false,"template":"","format":"standard","meta":{"om_disable_all_campaigns":false,"_monsterinsights_skip_tracking":false,"_monsterinsights_sitenote_active":false,"_monsterinsights_sitenote_note":"","_monsterinsights_sitenote_category":0,"footnotes":""},"categories":[10],"tags":[],"class_list":["post-14536","post","type-post","status-publish","format-standard","has-post-thumbnail","hentry","category-mundo"],"aioseo_notices":[],"_links":{"self":[{"href":"https:\/\/aleeknews.com\/4l33k5\/wp-json\/wp\/v2\/posts\/14536","targetHints":{"allow":["GET"]}}],"collection":[{"href":"https:\/\/aleeknews.com\/4l33k5\/wp-json\/wp\/v2\/posts"}],"about":[{"href":"https:\/\/aleeknews.com\/4l33k5\/wp-json\/wp\/v2\/types\/post"}],"author":[{"embeddable":true,"href":"https:\/\/aleeknews.com\/4l33k5\/wp-json\/wp\/v2\/users\/2"}],"replies":[{"embeddable":true,"href":"https:\/\/aleeknews.com\/4l33k5\/wp-json\/wp\/v2\/comments?post=14536"}],"version-history":[{"count":0,"href":"https:\/\/aleeknews.com\/4l33k5\/wp-json\/wp\/v2\/posts\/14536\/revisions"}],"wp:featuredmedia":[{"embeddable":true,"href":"https:\/\/aleeknews.com\/4l33k5\/wp-json\/wp\/v2\/media\/14537"}],"wp:attachment":[{"href":"https:\/\/aleeknews.com\/4l33k5\/wp-json\/wp\/v2\/media?parent=14536"}],"wp:term":[{"taxonomy":"category","embeddable":true,"href":"https:\/\/aleeknews.com\/4l33k5\/wp-json\/wp\/v2\/categories?post=14536"},{"taxonomy":"post_tag","embeddable":true,"href":"https:\/\/aleeknews.com\/4l33k5\/wp-json\/wp\/v2\/tags?post=14536"}],"curies":[{"name":"wp","href":"https:\/\/api.w.org\/{rel}","templated":true}]}}