{"id":14455,"date":"2025-10-30T06:44:06","date_gmt":"2025-10-30T05:44:06","guid":{"rendered":"https:\/\/aleeknews.com\/4l33k5\/2025\/10\/30\/nuevo-porsche-911-la-misma-esencia-del-pasado-con-tecnologia-del-futuro\/"},"modified":"2025-10-30T06:44:06","modified_gmt":"2025-10-30T05:44:06","slug":"nuevo-porsche-911-la-misma-esencia-del-pasado-con-tecnologia-del-futuro","status":"publish","type":"post","link":"https:\/\/aleeknews.com\/4l33k5\/2025\/10\/30\/nuevo-porsche-911-la-misma-esencia-del-pasado-con-tecnologia-del-futuro\/","title":{"rendered":"Nuevo Porsche 911: la misma esencia del pasado con tecnolog\u00eda del futuro"},"content":{"rendered":"<div>\n<div data-testid=\"global-header-test\" data-fusion-lazy-id=\"f0f5G41E11Y61Ck\">\n<hr>\n<p><span>Bolsa de valores <b>05:44 AM<\/b><\/span><\/p>\n<\/div>\n<div>\n<div data-fusion-lazy-id=\"f0f9tfiOw0362nv\">\n<div class>\n<p><a href=\"https:\/\/thetrustproject.org\/\"><img decoding=\"async\" src=\"https:\/\/www.elnuevodia.com\/pf\/resources\/v2\/icons\/trust-icon.svg?d=212\"><\/a><\/p>\n<div>\n<p>Con el apoyo de<\/p>\n<div>\n<p>Producido de forma independiente por nuestros periodistas con el apoyo de un tercero, pero sin derecho del patrocinador de revisar ni aprobar el contenido.<\/p>\n<\/div>\n<\/div>\n<\/div>\n<div>\n<h2>La marca de lujo alemana inserta tecnolog\u00eda h\u00edbrida en uno de sus modelos para maximizar la potencia y el rendimiento<\/h2>\n<div>\n<p>15 de marzo de 2025 &#8211; 11:10 PM<\/p>\n<\/div>\n<div>\n<p><b>Archivo<\/b><\/p>\n<p>Esta historia fue publicada hace m\u00e1s de 7 meses.<\/p>\n<\/div>\n<\/div>\n<\/div>\n<div data-fusion-lazy-id=\"f0f8wxHIPTYNet\">\n<div><picture><source media=\"(max-width: 375px)\" ><source media=\"(max-width: 767px)\" ><source media=\"(max-width: 1023px)\" ><source ><\/picture><figcaption>La nueva versi\u00f3n del Porsche 911 Carrera GTS se convirti\u00f3 en el primer modelo con turbocompresor el\u00e9ctrico de alto rendimiento en el mercado. <span>(Suministrada)<\/span><\/figcaption><\/div>\n<div>\n<p><img decoding=\"async\" alt=\"Efra\u00edn Montalb\u00e1n R\u00edos\" src=\"https:\/\/www.elnuevodia.com\/resizer\/v2\/https%3A%2F%2Fauthor-service-images-prod-us-east-1.publishing.aws.arc.pub%2Fgfrmedia%2Fb846106f-313f-4fa3-8690-8169fec53277.png?auth=b672eb01840f63d170a79ae205ccc29a2f694f1bb849b72693c84ad2cc16b7a1&#038;quality=75&#038;smart=true&#038;width=170&#038;height=147\"><\/p>\n<\/div>\n<div>\n<p><b>Ciudad de M\u00e9xico<\/b> &#8211; Con el mismo rugido que le caracteriza sobre la pista, pero con un motor h\u00edbrido, la nueva versi\u00f3n del deportivo 911 de Porsche mantiene la esencia de hace seis d\u00e9cadas, pero mejorando la respuesta al pisar el acelerador.<\/p>\n<\/div>\n<div>\n<p><a href=\"https:\/\/www.elnuevodia.com\/correcciones\/\"><b>Correcciones y Aclaraciones<\/b><\/a><\/p>\n<p>Esta historia se realiz\u00f3 en M\u00e9xico como parte de una jornada para periodistas de Am\u00e9rica Latina y el Caribe subvencionada por Porsche.<\/p>\n<\/div>\n<\/div>\n<section>\n<header><span>Popular en la Comunidad<\/span><\/header>\n<\/section>\n<\/div>\n<\/div>\n\n    <div class=\"xs_social_share_widget xs_share_url after_content \t\tmain_content  wslu-style-1 wslu-share-box-shaped wslu-fill-colored wslu-none wslu-share-horizontal wslu-theme-font-no wslu-main_content\">\n\n\t\t\n        <ul>\n\t\t\t        <\/ul>\n    <\/div> \n","protected":false},"excerpt":{"rendered":"<p>Bolsa de valores 05:44 AM Con el apoyo de Producido de forma independiente por nuestros periodistas con el apoyo de un tercero, pero sin derecho del patrocinador de revisar ni aprobar el contenido. La marca de lujo alemana inserta tecnolog\u00eda h\u00edbrida en uno de sus modelos para maximizar la potencia y el rendimiento 15 de<\/p>\n","protected":false},"author":2,"featured_media":14456,"comment_status":"open","ping_status":"open","sticky":false,"template":"","format":"standard","meta":{"om_disable_all_campaigns":false,"_monsterinsights_skip_tracking":false,"_monsterinsights_sitenote_active":false,"_monsterinsights_sitenote_note":"","_monsterinsights_sitenote_category":0,"footnotes":""},"categories":[5],"tags":[],"class_list":["post-14455","post","type-post","status-publish","format-standard","has-post-thumbnail","hentry","category-negocios"],"aioseo_notices":[],"_links":{"self":[{"href":"https:\/\/aleeknews.com\/4l33k5\/wp-json\/wp\/v2\/posts\/14455","targetHints":{"allow":["GET"]}}],"collection":[{"href":"https:\/\/aleeknews.com\/4l33k5\/wp-json\/wp\/v2\/posts"}],"about":[{"href":"https:\/\/aleeknews.com\/4l33k5\/wp-json\/wp\/v2\/types\/post"}],"author":[{"embeddable":true,"href":"https:\/\/aleeknews.com\/4l33k5\/wp-json\/wp\/v2\/users\/2"}],"replies":[{"embeddable":true,"href":"https:\/\/aleeknews.com\/4l33k5\/wp-json\/wp\/v2\/comments?post=14455"}],"version-history":[{"count":0,"href":"https:\/\/aleeknews.com\/4l33k5\/wp-json\/wp\/v2\/posts\/14455\/revisions"}],"wp:featuredmedia":[{"embeddable":true,"href":"https:\/\/aleeknews.com\/4l33k5\/wp-json\/wp\/v2\/media\/14456"}],"wp:attachment":[{"href":"https:\/\/aleeknews.com\/4l33k5\/wp-json\/wp\/v2\/media?parent=14455"}],"wp:term":[{"taxonomy":"category","embeddable":true,"href":"https:\/\/aleeknews.com\/4l33k5\/wp-json\/wp\/v2\/categories?post=14455"},{"taxonomy":"post_tag","embeddable":true,"href":"https:\/\/aleeknews.com\/4l33k5\/wp-json\/wp\/v2\/tags?post=14455"}],"curies":[{"name":"wp","href":"https:\/\/api.w.org\/{rel}","templated":true}]}}