{"id":14436,"date":"2025-10-30T06:43:35","date_gmt":"2025-10-30T05:43:35","guid":{"rendered":"https:\/\/aleeknews.com\/4l33k5\/2025\/10\/30\/aumenta-a-20-el-numero-de-muertos-en-haiti-tras-el-paso-del-huracan-melissa\/"},"modified":"2025-10-30T06:43:35","modified_gmt":"2025-10-30T05:43:35","slug":"aumenta-a-20-el-numero-de-muertos-en-haiti-tras-el-paso-del-huracan-melissa","status":"publish","type":"post","link":"https:\/\/aleeknews.com\/4l33k5\/2025\/10\/30\/aumenta-a-20-el-numero-de-muertos-en-haiti-tras-el-paso-del-huracan-melissa\/","title":{"rendered":"Aumenta a 20 el n\u00famero de muertos en Hait\u00ed tras el paso del hurac\u00e1n Melissa"},"content":{"rendered":"<div>\n<p><b>Puerto Pr\u00edncipe<\/b> &#8211; Al menos veinte personas murieron, la mitad de ellas ni\u00f1os, y diez est\u00e1n desaparecidas en Petit-Go\u00e2ve, en el sur de <a href=\"https:\/\/www.elnuevodia.com\/topicos\/haiti\/\" target=\"_blank\" rel=\"noreferrer\" title=\"https:\/\/www.elnuevodia.com\/topicos\/haiti\/\"><b>Hait\u00ed<\/b><\/a>, tras el desbordamiento del r\u00edo La Digue, que atraviesa la ciudad, durante el paso del <a href=\"https:\/\/www.elnuevodia.com\/noticias\/el-tiempo\/videos\/escalofriante-video-en-el-ojo-del-huracan-melissa-293178\/\" target=\"_blank\" rel=\"noreferrer\" title=\"https:\/\/www.elnuevodia.com\/noticias\/el-tiempo\/videos\/escalofriante-video-en-el-ojo-del-huracan-melissa-293178\/\"><b>hurac\u00e1n Melissa<\/b><\/a> por el Caribe, inform\u00f3 este mi\u00e9rcoles Protecci\u00f3n Civil.<\/p>\n<p>En declaraciones a medios locales, el director general de Protecci\u00f3n Civil, <b>Emmanuel Pierre<\/b>, dijo que los equipos de rescate han recuperado veinte cuerpos, mientras sigue la b\u00fasqueda de diez desaparecidos.<\/p>\n<p>De acuerdo con Pierre, otras diez personas han resultado heridas por los efectos del paso del hurac\u00e1n, que el martes toc\u00f3 tierra en Jamaica y la pasada madrugada en Cuba.<\/p>\n<p><b>Una fuente de Protecci\u00f3n Civil confirm\u00f3 a EFE que entre los muertos hay diez ni\u00f1os.<\/b><\/p>\n<div>\n<p><b>1 \/ 15 | <\/b><span> FOTOS: Melissa desata su furia en Cuba. Un hombre carga un televisor desde su casa inundada por el hurac\u00e1n Melissa en Santiago de Cuba, el mi\u00e9rcoles 29 de octubre de 2025. (AP Foto\/Ram\u00f3n Espinosa)<\/span><i> &#8211; Ramon Espinosa<\/i><\/p>\n<\/div>\n<p><b>Ya la semana pasada, cuando todav\u00eda era tormenta tropical, Melissa ocasion\u00f3 tres muertos y al menos 16 heridos en Hait\u00ed, un pa\u00eds muy vulnerable a los fen\u00f3menos naturales.<\/b><\/p>\n<p>En un comunicado emitido este mi\u00e9rcoles, el primer ministro haitiano, Alix Didier Fils-Aim\u00e9, expres\u00f3 su p\u00e9same a las familias de las v\u00edctimas y garantiz\u00f3 la movilizaci\u00f3n \u201ctotal\u201d del Gobierno para atender la situaci\u00f3n creada por las lluvias generadas por Melissa, que han causado da\u00f1os particularmente en el Gran Sur y la comuna de Petit-Go\u00e2ve, gravemente afectada por la crecida del r\u00edo La Digue.<\/p>\n<p><b>Asimismo, dijo que, seg\u00fan las primeras informaciones comunicadas por la Direcci\u00f3n General de Protecci\u00f3n Civil, el balance provisional sobre lo ocurrido \u201csigue siendo preocupante\u201d.<\/b><\/p>\n<p>Fils-Aim\u00e9 asegur\u00f3 en sus declaraciones que desde las primeras alertas emitidas por los servicios meteorol\u00f3gicos, cuando Melissa a\u00fan no hab\u00eda alcanzado la categor\u00eda de hurac\u00e1n, \u201ctodo el Gobierno se moviliz\u00f3, en estrecha coordinaci\u00f3n con la Direcci\u00f3n de Protecci\u00f3n Civil para activar los mecanismos previstos en el Plan Nacional de Gesti\u00f3n de Riesgos y Desastres\u201d.<\/p>\n<p>En ese sentido, el Comit\u00e9 Nacional de Gesti\u00f3n de Riesgos y Desastres \u201cpermanece en sesi\u00f3n permanente para garantizar una coordinaci\u00f3n r\u00e1pida y eficaz de las operaciones de socorro sobre el terreno\u201d, agreg\u00f3 la nota, en la que Fils-Aim\u00e9 llam\u00f3 a la solidaridad nacional y a la responsabilidad colectiva ante esta tragedia que pone de manifiesto, una vez m\u00e1s, la vulnerabilidad del pa\u00eds frente a los riesgos clim\u00e1ticos.<\/p>\n<p><b>Seg\u00fan datos ofrecidos por el <\/b><a href=\"https:\/\/www.elnuevodia.com\/topicos\/unicef\/\" target=\"_self\" rel title=\"https:\/\/www.elnuevodia.com\/topicos\/unicef\/\"><b>Fondo de Naciones Unidas para la Infancia (Unicef)<\/b><\/a><b> el lunes a EFE, m\u00e1s de 2,000 personas en Hait\u00ed hab\u00edan sido acogidas en escuelas, que sirven como refugios, tras verse afectadas por las lluvias asociadas a Melissa.<\/b><\/p>\n<p>Los huracanes y tormentas tropicales en Hait\u00ed han causado centenares de muertos desde octubre de 2016, cuando el hurac\u00e1n Matthew dej\u00f3 573 fallecidos y miles de damnificados, <b>solo seis a\u00f1os despu\u00e9s del terremoto de enero de 2010 que provoc\u00f3 unos 300,000 muertos, cerca de 1.5 millones de damnificados y el colapso de buena parte de la infraestructura. <\/b><\/p>\n<\/div>\n\n    <div class=\"xs_social_share_widget xs_share_url after_content \t\tmain_content  wslu-style-1 wslu-share-box-shaped wslu-fill-colored wslu-none wslu-share-horizontal wslu-theme-font-no wslu-main_content\">\n\n\t\t\n        <ul>\n\t\t\t        <\/ul>\n    <\/div> \n","protected":false},"excerpt":{"rendered":"<p>Puerto Pr\u00edncipe &#8211; Al menos veinte personas murieron, la mitad de ellas ni\u00f1os, y diez est\u00e1n desaparecidas en Petit-Go\u00e2ve, en el sur de Hait\u00ed , tras el desbordamiento del r\u00edo La Digue, que atraviesa la ciudad, durante el paso del hurac\u00e1n Melissa por el Caribe, inform\u00f3 este mi\u00e9rcoles Protecci\u00f3n Civil. En declaraciones a medios locales<\/p>\n","protected":false},"author":2,"featured_media":14437,"comment_status":"open","ping_status":"open","sticky":false,"template":"","format":"standard","meta":{"om_disable_all_campaigns":false,"_monsterinsights_skip_tracking":false,"_monsterinsights_sitenote_active":false,"_monsterinsights_sitenote_note":"","_monsterinsights_sitenote_category":0,"footnotes":""},"categories":[10],"tags":[],"class_list":["post-14436","post","type-post","status-publish","format-standard","has-post-thumbnail","hentry","category-mundo"],"aioseo_notices":[],"_links":{"self":[{"href":"https:\/\/aleeknews.com\/4l33k5\/wp-json\/wp\/v2\/posts\/14436","targetHints":{"allow":["GET"]}}],"collection":[{"href":"https:\/\/aleeknews.com\/4l33k5\/wp-json\/wp\/v2\/posts"}],"about":[{"href":"https:\/\/aleeknews.com\/4l33k5\/wp-json\/wp\/v2\/types\/post"}],"author":[{"embeddable":true,"href":"https:\/\/aleeknews.com\/4l33k5\/wp-json\/wp\/v2\/users\/2"}],"replies":[{"embeddable":true,"href":"https:\/\/aleeknews.com\/4l33k5\/wp-json\/wp\/v2\/comments?post=14436"}],"version-history":[{"count":0,"href":"https:\/\/aleeknews.com\/4l33k5\/wp-json\/wp\/v2\/posts\/14436\/revisions"}],"wp:featuredmedia":[{"embeddable":true,"href":"https:\/\/aleeknews.com\/4l33k5\/wp-json\/wp\/v2\/media\/14437"}],"wp:attachment":[{"href":"https:\/\/aleeknews.com\/4l33k5\/wp-json\/wp\/v2\/media?parent=14436"}],"wp:term":[{"taxonomy":"category","embeddable":true,"href":"https:\/\/aleeknews.com\/4l33k5\/wp-json\/wp\/v2\/categories?post=14436"},{"taxonomy":"post_tag","embeddable":true,"href":"https:\/\/aleeknews.com\/4l33k5\/wp-json\/wp\/v2\/tags?post=14436"}],"curies":[{"name":"wp","href":"https:\/\/api.w.org\/{rel}","templated":true}]}}