{"id":14432,"date":"2025-10-30T06:43:37","date_gmt":"2025-10-30T05:43:37","guid":{"rendered":"https:\/\/aleeknews.com\/4l33k5\/2025\/10\/30\/megaoperativo-policiaco-en-rio-de-janeiro-deja-un-centenar-de-muertos\/"},"modified":"2025-10-30T06:43:37","modified_gmt":"2025-10-30T05:43:37","slug":"megaoperativo-policiaco-en-rio-de-janeiro-deja-un-centenar-de-muertos","status":"publish","type":"post","link":"https:\/\/aleeknews.com\/4l33k5\/2025\/10\/30\/megaoperativo-policiaco-en-rio-de-janeiro-deja-un-centenar-de-muertos\/","title":{"rendered":"Megaoperativo policiaco en R\u00edo de Janeiro deja un centenar de muertos"},"content":{"rendered":"<div>\n<p>Los habitantes de <a href=\"https:\/\/www.elnuevodia.com\/topicos\/rio-de-janeiro\/\" target=\"_blank\" rel=\"noreferrer\" title=\"https:\/\/www.elnuevodia.com\/topicos\/rio-de-janeiro\/\"><b>R\u00edo de Janeiro<\/b><\/a> recuperaron este mi\u00e9rcoles decenas de muertos tras la megaoperaci\u00f3n policial lanzada en la v\u00edspera contra el <b>Comando Vermelho<\/b>, una de las mayores bandas de narcotraficantes de <a href=\"https:\/\/www.elnuevodia.com\/topicos\/brasil\/\" target=\"_blank\" rel=\"noreferrer\" title=\"https:\/\/www.elnuevodia.com\/topicos\/brasil\/\"><b>Brasil<\/b><\/a>. <\/p>\n<p><b>El balance de fallecidos llega a 132, seg\u00fan cifras de la Defensor\u00eda P\u00fablica<\/b>, una instituci\u00f3n p\u00fablica que recopil\u00f3 los datos en los institutos forenses y en el lugar de los hechos, aunque <b>el Gobierno regional solo ha confirmado 119 hasta ahora. <\/b><\/p>\n<p>Entre los fallecidos hay cuatro polic\u00edas y el resto, seg\u00fan las autoridades, son sospechosos de integrar la banda armada que presentaron resistencia. <\/p>\n<p>La operaci\u00f3n se desarroll\u00f3 el martes en los conjuntos de favelas de Penha y Alem\u00e3o, una zona empobrecida en la que viven 200,000 personas, y los enfrentamientos se extendieron a una zona boscosa en los cerros que bordean estas barriadas. <\/p>\n<p>Esos bosques amanecieron este mi\u00e9rcoles plagados de cad\u00e1veres tiroteados. <\/p>\n<p>Los habitantes de la favela se movilizaron para buscar a sus familiares y, sin ayuda de las autoridades, se internaron en el bosque de madrugada para recuperar los cuerpos con camillas improvisadas. <\/p>\n<p>Los cuerpos fueron depositados a primera hora de la ma\u00f1ana en una hilera de al menos 50 personas, tendidas lado a lado, en la plaza S\u00e3o Lucas, en Penha, a la vista de los familiares, curiosos y unos pocos periodistas. <\/p>\n<p>Los furgones del servicio forense se fueron llevando los fallecidos poco a poco. <\/p>\n<p><b>Rayune Diaz Ferreira<\/b>, una de las habitantes de la comunidad, est\u00e1 en la b\u00fasqueda de su primo, e indignada por una operaci\u00f3n policial sin precedentes. <\/p>\n<p><b>\u201cEl Estado nos abandon\u00f3 hace mucho tiempo y nos ha abandonado de nuevo. En esta masacre somos los residentes quienes cargamos con los cuerpos. Dejaron los cuerpos all\u00ed, en el bosque, y los residentes pasaron toda la noche, sin dormir ni comer, buscando y cargando cad\u00e1veres sin cesar\u201d<\/b>, dijo a EFE. <\/p>\n<p><h4><b>Cr\u00edticas a la operaci\u00f3n<\/b> <\/h4>\n<\/p>\n<p>La Oficina de la <a href=\"https:\/\/www.elnuevodia.com\/topicos\/onu\/\" target=\"_blank\" rel=\"noreferrer\" title=\"https:\/\/www.elnuevodia.com\/topicos\/onu\/\"><b>ONU<\/b><\/a> para los Derechos Humanos dijo sentirse \u201chorrorizada\u201d por la operaci\u00f3n. El alto comisionado <b>Volker T\u00fcrk<\/b> urgi\u00f3 a que se conduzcan investigaciones sobre las muertes y record\u00f3 a las autoridades brasile\u00f1as \u201csus obligaciones ante el derecho internacional\u201d. <\/p>\n<p>No obstante, el gobernador del estado de R\u00edo de Janeiro, <b>Cl\u00e1udio Castro<\/b>, responsable pol\u00edtico de la intervenci\u00f3n, dijo que fue un \u201c\u00e9xito\u201d. <\/p>\n<p>Esa visi\u00f3n tuvo el respaldo de toda la c\u00fapula policial de R\u00edo, que ofreci\u00f3 detalles de la operaci\u00f3n, planificada desde hace un a\u00f1o y que, seg\u00fan relataron, pretend\u00eda llevar a prisi\u00f3n a 180 supuestos narcotraficantes. <\/p>\n<p>El secretario de la Polic\u00eda Civil de R\u00edo, <b>Felipe Curi<\/b>, asegur\u00f3 que <b>se planific\u00f3 acorralar a los narcotraficantes para forzarlos a refugiarse en la zona de bosque, a fin de reducir el riesgo de que se produjeran v\u00edctimas civiles.<\/b> <\/p>\n<p><b>Curi afirm\u00f3 que la acci\u00f3n fue \u201cleg\u00edtima\u201d y arremeti\u00f3 contra las organizaciones y pol\u00edticos que la han cuestionado, tild\u00e1ndolos de \u201cnarcoactivistas\u201d. <\/b><\/p>\n<p>De forma casi simult\u00e1nea, el ministro de Justicia de Brasil, <b>Ricardo Lewandowski<\/b>, cuestion\u00f3 la legalidad de la operaci\u00f3n antes de embarcar en un vuelo a R\u00edo de Janeiro, donde tiene previsto abordar la situaci\u00f3n con las autoridades locales. <\/p>\n<p>Lewandowski dijo que el presidente <a href=\"https:\/\/www.elnuevodia.com\/topicos\/luiz-inacio-lula-da-silva\/\" target=\"_blank\" rel=\"noreferrer\" title=\"https:\/\/www.elnuevodia.com\/topicos\/luiz-inacio-lula-da-silva\/\"><b>Luiz In\u00e1cio Lula da Silva<\/b><\/a> se qued\u00f3 \u201caterrado\u201d por el n\u00famero de muertes y \u201csorprendido\u201d por no haber recibido aviso previo de la operaci\u00f3n por parte de las autoridades regionales de R\u00edo de Janeiro. <\/p>\n<p><b>\u201cLa operaci\u00f3n fue extremadamente cruenta, especialmente violenta. Veremos si es compatible con el Estado democr\u00e1tico de derecho\u201d<\/b>, dijo el titular de Justicia. <\/p>\n<p><h4><b>Una guerra de cifras<\/b> <\/h4>\n<\/p>\n<p>La cifra oficial de fallecidos, 119, choca con las de la Defensor\u00eda P\u00fablica, que la eleva a 132, y con el recuento que hicieron los periodistas en el lugar de los hechos, que tambi\u00e9n constataron un n\u00famero m\u00e1s elevado de muertos. <\/p>\n<p>Al margen, fueron arrestados 113 sospechosos y se puso bajo custodia policial a 10 adolescentes, se decomisaron 119 armas y 14 artefactos explosivos y toneladas de droga. <\/p>\n<p>Curi dijo que este fue \u201cel mayor golpe\u201d asestado al Comando Vermelho desde el origen de la organizaci\u00f3n, en los a\u00f1os setenta, y destac\u00f3 que se produjo en \u201cel punto neur\u00e1lgico\u201d de esta banda, que tiene tent\u00e1culos en todo Brasil y en algunos pa\u00edses vecinos. <\/p>\n<p>Este mi\u00e9rcoles, ya despu\u00e9s de que se hubiera retirado la polic\u00eda, algunos miembros del Comando Vermelho volvieron a rondar por las calles de la favela, seg\u00fan constat\u00f3 EFE. <\/p>\n<p>Algunos iban a pie, armados y vestidos de negro de pies a cabeza con pasamonta\u00f1as. Otros en moto, vestidos de civil, tambi\u00e9n con fusiles, y daban instrucciones a los voluntarios para que recogieran los cuerpos de algunos de los integrantes de la banda. <\/p>\n<\/div>\n\n    <div class=\"xs_social_share_widget xs_share_url after_content \t\tmain_content  wslu-style-1 wslu-share-box-shaped wslu-fill-colored wslu-none wslu-share-horizontal wslu-theme-font-no wslu-main_content\">\n\n\t\t\n        <ul>\n\t\t\t        <\/ul>\n    <\/div> \n","protected":false},"excerpt":{"rendered":"<p>Los habitantes de R\u00edo de Janeiro recuperaron este mi\u00e9rcoles decenas de muertos tras la megaoperaci\u00f3n policial lanzada en la v\u00edspera contra el Comando Vermelho, una de las mayores bandas de narcotraficantes de Brasil . El balance de fallecidos llega a 132, seg\u00fan cifras de la Defensor\u00eda P\u00fablica, una instituci\u00f3n p\u00fablica que recopil\u00f3 los datos en<\/p>\n","protected":false},"author":2,"featured_media":14433,"comment_status":"open","ping_status":"open","sticky":false,"template":"","format":"standard","meta":{"om_disable_all_campaigns":false,"_monsterinsights_skip_tracking":false,"_monsterinsights_sitenote_active":false,"_monsterinsights_sitenote_note":"","_monsterinsights_sitenote_category":0,"footnotes":""},"categories":[10],"tags":[],"class_list":["post-14432","post","type-post","status-publish","format-standard","has-post-thumbnail","hentry","category-mundo"],"aioseo_notices":[],"_links":{"self":[{"href":"https:\/\/aleeknews.com\/4l33k5\/wp-json\/wp\/v2\/posts\/14432","targetHints":{"allow":["GET"]}}],"collection":[{"href":"https:\/\/aleeknews.com\/4l33k5\/wp-json\/wp\/v2\/posts"}],"about":[{"href":"https:\/\/aleeknews.com\/4l33k5\/wp-json\/wp\/v2\/types\/post"}],"author":[{"embeddable":true,"href":"https:\/\/aleeknews.com\/4l33k5\/wp-json\/wp\/v2\/users\/2"}],"replies":[{"embeddable":true,"href":"https:\/\/aleeknews.com\/4l33k5\/wp-json\/wp\/v2\/comments?post=14432"}],"version-history":[{"count":0,"href":"https:\/\/aleeknews.com\/4l33k5\/wp-json\/wp\/v2\/posts\/14432\/revisions"}],"wp:featuredmedia":[{"embeddable":true,"href":"https:\/\/aleeknews.com\/4l33k5\/wp-json\/wp\/v2\/media\/14433"}],"wp:attachment":[{"href":"https:\/\/aleeknews.com\/4l33k5\/wp-json\/wp\/v2\/media?parent=14432"}],"wp:term":[{"taxonomy":"category","embeddable":true,"href":"https:\/\/aleeknews.com\/4l33k5\/wp-json\/wp\/v2\/categories?post=14432"},{"taxonomy":"post_tag","embeddable":true,"href":"https:\/\/aleeknews.com\/4l33k5\/wp-json\/wp\/v2\/tags?post=14432"}],"curies":[{"name":"wp","href":"https:\/\/api.w.org\/{rel}","templated":true}]}}