{"id":14307,"date":"2025-10-27T04:43:50","date_gmt":"2025-10-27T03:43:50","guid":{"rendered":"https:\/\/aleeknews.com\/4l33k5\/2025\/10\/27\/isla-del-bluencanto-asi-es-el-segundo-avion-de-jetblue-inspirado-en-puerto-rico\/"},"modified":"2025-10-27T04:43:50","modified_gmt":"2025-10-27T03:43:50","slug":"isla-del-bluencanto-asi-es-el-segundo-avion-de-jetblue-inspirado-en-puerto-rico","status":"publish","type":"post","link":"https:\/\/aleeknews.com\/4l33k5\/2025\/10\/27\/isla-del-bluencanto-asi-es-el-segundo-avion-de-jetblue-inspirado-en-puerto-rico\/","title":{"rendered":"\u201cIsla del Bluencanto\u201d: as\u00ed es el segundo avi\u00f3n de JetBlue inspirado en Puerto Rico"},"content":{"rendered":"<div>\n<p><a href=\"https:\/\/www.elnuevodia.com\/topicos\/jetblue\/\" target=\"_blank\" rel=\"noreferrer\" title=\"https:\/\/www.elnuevodia.com\/topicos\/jetblue\/\">JetBlue<\/a> present\u00f3 este jueves su segunda aeronave con un dise\u00f1o exterior inspirado en Puerto Rico: \u201cIsla del Bluencanto\u201d.<\/p>\n<p>El nuevo dise\u00f1o, elaborado por el artista puertorrique\u00f1o Juan Guti\u00e9rrez Rovira, tambi\u00e9n conocido como The Stencil Network, fue seleccionado por votaci\u00f3n del p\u00fablico en marzo pasado.<\/p>\n<p><b>La aeronave Airbus A320 muestra s\u00edmbolos ic\u00f3nicos de Puerto Rico como con un j\u00edbaro con una pava. <\/b>Adem\u00e1s, se aprecian representaciones de las frutas tropicales y la flora nativa de Puerto Rico, al igual que la frase \u201csomos boricua\u201d, que se apreciar\u00e1 cuando la aeronave alce vuelo.<\/p>\n<p>La primera vez que JetBlue dedic\u00f3 el dise\u00f1o de un avi\u00f3n a Puerto Rico fue en 2018. La aeronave fue denominada \u201cBluericua\u201d.<\/p>\n<p><b>\u201cPuerto Rico ha sido parte de la historia de JetBlue desde que iniciamos servicio a la isla en el 2002, y nos sentimos honrados de dedicar nuestro m\u00e1s reciente dise\u00f1o de aeronave, <\/b><i><b>Isla del Bluencanto<\/b><\/i><b>, a esta vibrante comunidad\u201d<\/b>, expres\u00f3 Marty St. George, presidente de JetBlue, en un comunicado de prensa.<\/p>\n<div>\n<figure><picture><source media=\"(max-width: 375px)\" ><source media=\"(max-width: 767px)\" ><source media=\"(max-width: 1023px)\" ><source ><img src=\"https:\/\/www.elnuevodia.com\/resizer\/v2\/S4F4TM33V5HVPCFE47SC3FAABM.jpg?auth=3e6a516abbd87887bb831e278e761b39598f3cb54576c4fe4e3e427810051b46&#038;quality=75&#038;width=829&#038;smart=true\" alt=\"Dise\u00f1o frontal del avi\u00f3n \"Isla del Bluencanto\" de JetBlue.\" loading=\"lazy\" fetchpriority=\"low\" decoding=\"async\"><\/picture><figcaption>Dise\u00f1o frontal del avi\u00f3n &#8220;Isla del Bluencanto&#8221; de JetBlue. (Suministrada)<\/figcaption><\/figure>\n<\/div>\n<p>\u201cCreado por un artista local como tributo a la isla, este dise\u00f1o refleja el orgullo y la herencia de Puerto Rico, al mismo tiempo que reafirma el compromiso profundo y duradero de JetBlue<i>. Isla del Bluencanto<\/i> es una celebraci\u00f3n de la cultura, la historia y la gente de Puerto Rico, y con esta aeronave llevamos con orgullo un pedacito de la isla a cada lugar donde vuela, inspirando a m\u00e1s viajeros a descubrir este hermoso destino\u201d, agreg\u00f3.<\/p>\n<p>Mientras, Guti\u00e9rrez destac\u00f3 que \u201cdise\u00f1ar Isla del Bluencanto ha sido un honor y una experiencia inolvidable\u201d.<\/p>\n<p><b>\u201cCrear este dise\u00f1o inspirado en Puerto Rico es mi manera de homenajear a la isla donde nac\u00ed y crec\u00ed. Escog\u00ed el j\u00edbaro, las frutas y las flores para reflejar la riqueza de nuestra cultura y el orgullo de nuestro pueblo. Por debajo del avi\u00f3n le a\u00f1ad\u00ed las palabras \u2018Somos Boricua\u2019 y nuestra bandera para que no quepa duda alguna de qui\u00e9nes somos y de d\u00f3nde venimos. Mi deseo es que este avi\u00f3n sea un s\u00edmbolo vivo de Puerto Rico\u201d<\/b>, agreg\u00f3 el artista.<\/p>\n<p><h4><b>El gobierno apaude a JetBlue <\/b><\/h4>\n<\/p>\n<p>El nuevo dise\u00f1o del avi\u00f3n de JetBlue fue revelado durante un evento que se llev\u00f3 a cabo en The Flight Park, en el aeropuerto internacional Luis Mu\u00f1oz Mar\u00edn (SJU), en San Juan.<\/p>\n<p><b>\u201cAgradecemos a JetBlue por su continua inversi\u00f3n en Puerto Rico y por honrar a nuestra gente y cultura a trav\u00e9s de <\/b><i><b>Isla del Bluencanto<\/b><\/i><b>\u201d<\/b>, dijo la gobernadora de Puerto Rico, Jenniffer Gonz\u00e1lez-Col\u00f3n.<\/p>\n<p>\u201cEsta iniciativa apoya el desarrollo econ\u00f3mico, fortalece nuestro sector tur\u00edstico y destaca el papel vital de Puerto Rico dentro de los Estados Unidos. Con JetBlue como un socio confiable del sector privado, nos enorgullece mostrar la fuerza, el talento y la determinaci\u00f3n de los puertorrique\u00f1os a los viajeros de toda la naci\u00f3n y del mundo\u201d, a\u00f1adi\u00f3 la mandataria.<\/p>\n<p>Por su parte, <b>Willianette Robles Cancel<\/b>, directora ejecutiva de la Compa\u00f1\u00eda de Turismo de Puerto Rico (CTPR), destac\u00f3 que \u201campliar el acceso a\u00e9reo y aumentar las oportunidades de promoci\u00f3n siguen siendo prioridades principales para la Compa\u00f1\u00eda de Turismo de Puerto Rico, mientras continuamos fortaleciendo la posici\u00f3n de la isla como un destino l\u00edder de viajes\u201d.<\/p>\n<p><b>\u201cCelebramos con gran entusiasmo esta iniciativa de JetBlue, que enaltece de manera extraordinaria la riqueza de la cultura puertorrique\u00f1a y proyecta a nuestro destino en sus dise\u00f1os y en la mente de los viajeros\u201d<\/b>, agreg\u00f3 Jorge P\u00e9rez, principal oficial ejecutivo de Discover Puerto Rico. <\/p>\n<p>\u201cA nombre de Aerostar Puerto Rico y de los m\u00e1s de 8,000 empleados y proveedores que integran la comunidad del aeropuerto internacional Luis Mu\u00f1oz Mar\u00edn, celebramos este gesto de JetBlue para elevar la cultura e identidad puertorrique\u00f1a a trav\u00e9s de los cielos\u201d, expres\u00f3 Jorge Hern\u00e1ndez, presidente y CEO de Aerostar. <\/p>\n<p><b>JetBlue, que inici\u00f3 sus servicios en la isla hace 23 a\u00f1os, opera en los aeropuertos de San Juan, Aguadilla y Ponce.<\/b><\/p>\n<p>Desde el 2012, San Juan es una de las seis ciudades de enfoque de JetBlue.<\/p>\n<p>La empresa destac\u00f3 que durante este invierno operar\u00e1 m\u00e1s de 45 vuelos diarios hacia y desde Puerto Rico.<\/p>\n<p><b>JetBlue ofrece m\u00e1s asientos desde Puerto Rico hacia Estados Unidos y destinos internacionales que cualquier otra aerol\u00ednea, reclam\u00f3 la empresa.<\/b><\/p>\n<p>Recientemente, la aerol\u00ednea anunci\u00f3 un aumento de servicio en la popular ruta Fort Lauderdale\u2013San Juan.<\/p>\n<p>Actualmente, JetBlue emplea a casi 800 tripulantes en la isla. En diciembre de 2024, la l\u00ednea a\u00e9rea inaugur\u00f3 en San Juan su primera base de tripulantes fuera de Estados Unidos.<\/p>\n<\/div>\n\n    <div class=\"xs_social_share_widget xs_share_url after_content \t\tmain_content  wslu-style-1 wslu-share-box-shaped wslu-fill-colored wslu-none wslu-share-horizontal wslu-theme-font-no wslu-main_content\">\n\n\t\t\n        <ul>\n\t\t\t        <\/ul>\n    <\/div> \n","protected":false},"excerpt":{"rendered":"<p>JetBlue present\u00f3 este jueves su segunda aeronave con un dise\u00f1o exterior inspirado en Puerto Rico: \u201cIsla del Bluencanto\u201d. El nuevo dise\u00f1o, elaborado por el artista puertorrique\u00f1o Juan Guti\u00e9rrez Rovira, tambi\u00e9n conocido como The Stencil Network, fue seleccionado por votaci\u00f3n del p\u00fablico en marzo pasado. La aeronave Airbus A320 muestra s\u00edmbolos ic\u00f3nicos de Puerto Rico como<\/p>\n","protected":false},"author":2,"featured_media":14308,"comment_status":"open","ping_status":"open","sticky":false,"template":"","format":"standard","meta":{"om_disable_all_campaigns":false,"_monsterinsights_skip_tracking":false,"_monsterinsights_sitenote_active":false,"_monsterinsights_sitenote_note":"","_monsterinsights_sitenote_category":0,"footnotes":""},"categories":[5],"tags":[],"class_list":["post-14307","post","type-post","status-publish","format-standard","has-post-thumbnail","hentry","category-negocios"],"aioseo_notices":[],"_links":{"self":[{"href":"https:\/\/aleeknews.com\/4l33k5\/wp-json\/wp\/v2\/posts\/14307","targetHints":{"allow":["GET"]}}],"collection":[{"href":"https:\/\/aleeknews.com\/4l33k5\/wp-json\/wp\/v2\/posts"}],"about":[{"href":"https:\/\/aleeknews.com\/4l33k5\/wp-json\/wp\/v2\/types\/post"}],"author":[{"embeddable":true,"href":"https:\/\/aleeknews.com\/4l33k5\/wp-json\/wp\/v2\/users\/2"}],"replies":[{"embeddable":true,"href":"https:\/\/aleeknews.com\/4l33k5\/wp-json\/wp\/v2\/comments?post=14307"}],"version-history":[{"count":0,"href":"https:\/\/aleeknews.com\/4l33k5\/wp-json\/wp\/v2\/posts\/14307\/revisions"}],"wp:featuredmedia":[{"embeddable":true,"href":"https:\/\/aleeknews.com\/4l33k5\/wp-json\/wp\/v2\/media\/14308"}],"wp:attachment":[{"href":"https:\/\/aleeknews.com\/4l33k5\/wp-json\/wp\/v2\/media?parent=14307"}],"wp:term":[{"taxonomy":"category","embeddable":true,"href":"https:\/\/aleeknews.com\/4l33k5\/wp-json\/wp\/v2\/categories?post=14307"},{"taxonomy":"post_tag","embeddable":true,"href":"https:\/\/aleeknews.com\/4l33k5\/wp-json\/wp\/v2\/tags?post=14307"}],"curies":[{"name":"wp","href":"https:\/\/api.w.org\/{rel}","templated":true}]}}