{"id":14302,"date":"2025-10-27T04:43:53","date_gmt":"2025-10-27T03:43:53","guid":{"rendered":"https:\/\/aleeknews.com\/4l33k5\/2025\/10\/27\/para-2024-las-primeras-estaciones-de-carga-de-vehiculos-electricos\/"},"modified":"2025-10-27T04:43:53","modified_gmt":"2025-10-27T03:43:53","slug":"para-2024-las-primeras-estaciones-de-carga-de-vehiculos-electricos","status":"publish","type":"post","link":"https:\/\/aleeknews.com\/4l33k5\/2025\/10\/27\/para-2024-las-primeras-estaciones-de-carga-de-vehiculos-electricos\/","title":{"rendered":"Para 2024 las primeras estaciones de carga de veh\u00edculos el\u00e9ctricos"},"content":{"rendered":"<div>\n<div data-testid=\"global-header-test\" data-fusion-lazy-id=\"f0f5G41E11Y61Ck\">\n<hr>\n<p><span>Bolsa de valores <b>03:43 AM<\/b><\/span><\/p>\n<\/div>\n<div>\n<div data-fusion-lazy-id=\"f0f9tfiOw0362nv\">\n<div class>\n<p><a href=\"https:\/\/thetrustproject.org\/\"><img decoding=\"async\" src=\"https:\/\/www.elnuevodia.com\/pf\/resources\/v2\/icons\/trust-icon.svg?d=211\"><\/a><\/p>\n<div>\n<p>Se adhiere a los criterios de The Trust Project<\/p>\n<\/div>\n<\/div>\n<div>\n<h2>Inicialmente, la PR-52, PR-22, y PR-2 contar\u00edan con, al menos, una estaci\u00f3n con espacio para cuatro veh\u00edculos<\/h2>\n<div>\n<p>20 de septiembre de 2023 &#8211; 10:58 AM<\/p>\n<\/div>\n<div>\n<p><b>Archivo<\/b><\/p>\n<p>Esta historia fue publicada hace m\u00e1s de 2 a\u00f1os.<\/p>\n<\/div>\n<\/div>\n<\/div>\n<div data-fusion-lazy-id=\"f0f8wxHIPTYNet\">\n<div><picture><source media=\"(max-width: 375px)\" ><source media=\"(max-width: 767px)\" ><source media=\"(max-width: 1023px)\" ><source ><\/picture><figcaption>El gobierno estima que en Puerto Rico hay entre 2,500 a 4,000 carros el\u00e9ctricos, pero la cifra podr\u00eda ser mayor. <span>(Agencia EFE)<\/span><\/figcaption><\/div>\n<div>\n<p><img decoding=\"async\" alt=\"Jos\u00e9 Orlando Delgado Rivera\" src=\"https:\/\/www.elnuevodia.com\/resizer\/v2\/https%3A%2F%2Fauthor-service-images-prod-us-east-1.publishing.aws.arc.pub%2Fgfrmedia%2F2b8b5e66-e7c1-4688-835e-191edae0ddfc.png?auth=5b4a7e8f482dddd87f58128de8eceac558550d1b57d5661fab3e195e38c75053&#038;quality=75&#038;smart=true&#038;width=170&#038;height=147\"><\/p>\n<\/div>\n<div>\n<p>Con el objetivo inicial de que haya, al menos, una estaci\u00f3n de carga para veh\u00edculos el\u00e9ctricos (EVs) en la PR-52, PR-22, y PR-2, la <a href=\"https:\/\/www.elnuevodia.com\/topicos\/autoridad-de-carreteras-y-transportacion\/\" target=\"_blank\"><b>Autoridad de Carreteras y Transportaci\u00f3n<\/b><\/a> (ACT) inici\u00f3 el proceso de solicitud de propuestas para la construcci\u00f3n de estas instalaciones a un costo total de $12 millones en fondos federales.<\/p>\n<\/div>\n<\/div>\n<section>\n<header><span>Popular en la Comunidad<\/span><\/header>\n<\/section>\n<\/div>\n<\/div>\n\n    <div class=\"xs_social_share_widget xs_share_url after_content \t\tmain_content  wslu-style-1 wslu-share-box-shaped wslu-fill-colored wslu-none wslu-share-horizontal wslu-theme-font-no wslu-main_content\">\n\n\t\t\n        <ul>\n\t\t\t        <\/ul>\n    <\/div> \n","protected":false},"excerpt":{"rendered":"<p>Bolsa de valores 03:43 AM Se adhiere a los criterios de The Trust Project Inicialmente, la PR-52, PR-22, y PR-2 contar\u00edan con, al menos, una estaci\u00f3n con espacio para cuatro veh\u00edculos 20 de septiembre de 2023 &#8211; 10:58 AM Archivo Esta historia fue publicada hace m\u00e1s de 2 a\u00f1os. El gobierno estima que en Puerto<\/p>\n","protected":false},"author":2,"featured_media":14303,"comment_status":"open","ping_status":"open","sticky":false,"template":"","format":"standard","meta":{"om_disable_all_campaigns":false,"_monsterinsights_skip_tracking":false,"_monsterinsights_sitenote_active":false,"_monsterinsights_sitenote_note":"","_monsterinsights_sitenote_category":0,"footnotes":""},"categories":[5],"tags":[],"class_list":["post-14302","post","type-post","status-publish","format-standard","has-post-thumbnail","hentry","category-negocios"],"aioseo_notices":[],"_links":{"self":[{"href":"https:\/\/aleeknews.com\/4l33k5\/wp-json\/wp\/v2\/posts\/14302","targetHints":{"allow":["GET"]}}],"collection":[{"href":"https:\/\/aleeknews.com\/4l33k5\/wp-json\/wp\/v2\/posts"}],"about":[{"href":"https:\/\/aleeknews.com\/4l33k5\/wp-json\/wp\/v2\/types\/post"}],"author":[{"embeddable":true,"href":"https:\/\/aleeknews.com\/4l33k5\/wp-json\/wp\/v2\/users\/2"}],"replies":[{"embeddable":true,"href":"https:\/\/aleeknews.com\/4l33k5\/wp-json\/wp\/v2\/comments?post=14302"}],"version-history":[{"count":0,"href":"https:\/\/aleeknews.com\/4l33k5\/wp-json\/wp\/v2\/posts\/14302\/revisions"}],"wp:featuredmedia":[{"embeddable":true,"href":"https:\/\/aleeknews.com\/4l33k5\/wp-json\/wp\/v2\/media\/14303"}],"wp:attachment":[{"href":"https:\/\/aleeknews.com\/4l33k5\/wp-json\/wp\/v2\/media?parent=14302"}],"wp:term":[{"taxonomy":"category","embeddable":true,"href":"https:\/\/aleeknews.com\/4l33k5\/wp-json\/wp\/v2\/categories?post=14302"},{"taxonomy":"post_tag","embeddable":true,"href":"https:\/\/aleeknews.com\/4l33k5\/wp-json\/wp\/v2\/tags?post=14302"}],"curies":[{"name":"wp","href":"https:\/\/api.w.org\/{rel}","templated":true}]}}