{"id":14289,"date":"2025-10-27T04:43:03","date_gmt":"2025-10-27T03:43:03","guid":{"rendered":"https:\/\/aleeknews.com\/4l33k5\/2025\/10\/27\/el-papa-leon-xiv-denuncia-las-medidas-cada-vez-mas-inhumanas-y-celebradas-contra-inmigrantes-2\/"},"modified":"2025-10-27T04:43:03","modified_gmt":"2025-10-27T03:43:03","slug":"el-papa-leon-xiv-denuncia-las-medidas-cada-vez-mas-inhumanas-y-celebradas-contra-inmigrantes-2","status":"publish","type":"post","link":"https:\/\/aleeknews.com\/4l33k5\/2025\/10\/27\/el-papa-leon-xiv-denuncia-las-medidas-cada-vez-mas-inhumanas-y-celebradas-contra-inmigrantes-2\/","title":{"rendered":"El papa Le\u00f3n XIV denuncia las \u201cmedidas cada vez m\u00e1s inhumanas\u201d y \u201ccelebradas\u201d contra inmigrantes"},"content":{"rendered":"<div>\n<p><b>Ciudad del Vaticano <\/b> &#8211; El <a href=\"https:\/\/www.elnuevodia.com\/topicos\/papa-leon-xiv\/\" target=\"_self\" rel title=\"https:\/\/www.elnuevodia.com\/topicos\/papa-leon-xiv\/\"><b>papa Le\u00f3n XIV<\/b><\/a><b> <\/b>ha denunciado este jueves las medidas \u201ccada vez m\u00e1s inhumanas\u201d e incluso <b>\u201ccelebradas pol\u00edticamente\u201d contra <\/b><a href=\"https:\/\/www.elnuevodia.com\/topicos\/inmigrantes\/\" target=\"_self\" rel title=\"https:\/\/www.elnuevodia.com\/topicos\/inmigrantes\/\"><b>los inmigrantes para defender las fronteras,<\/b><\/a><b> <\/b>durante una audiencia con los movimientos populares.<\/p>\n<p>\u201cLos Estados tienen el derecho y el deber de proteger sus fronteras, pero esto debe equilibrarse con la obligaci\u00f3n moral de proporcionar refugio\u201d, sostuvo.<\/p>\n<p><b>El pont\u00edfice ha recibido en el Aula Pablo VI del Vaticano a los participantes del V Encuentro Mundial de los Movimientos Populares, una reuni\u00f3n de sindicatos y cooperativas de todo el mundo, como los cartoneros argentinos, impulsada en 2014 por su antecesor Francisco.<\/b><\/p>\n<p>Le\u00f3n XIV advirti\u00f3 durante su intervenci\u00f3n que \u201ccuando se abusa de los migrantes vulnerables no se est\u00e1 ejerciendo la soberan\u00eda nacional de manera leg\u00edtima sino que -dijo- se est\u00e1n cometiendo o tolerando graves delitos por parte del Estado\u201d.<\/p>\n<p>\u201cSe est\u00e1n adoptando medidas cada vez m\u00e1s inhumanas, incluso celebradas pol\u00edticamente, para tratar a estos \u2018indeseables\u2019 como si fueran desechos y no seres humanos. El cristianismo, en cambio, se refiere al Dios amor, que nos hace a todos hermanos y hermanas y nos pide que vivamos como tales\u201d, subray\u00f3.<\/p>\n<p>Por otro lado, el pont\u00edfice estadounidense, que tambi\u00e9n tiene nacionalidad peruana, consider\u00f3 \u201calentador\u201d que los movimientos populares, las organizaciones de la sociedad civil y la Iglesia se enfrentan a estas nuevas formas de deshumanizaci\u00f3n&#8221;.<\/p>\n<p><b>Le\u00f3n XIV asever\u00f3 que \u201calimentar a los hambrientos, dar cobijo a los sintecho, socorrer a los n\u00e1ufragos, cuidar a los ni\u00f1os, generar empleo, facilitar el acceso a la tierra y construir vivientes\u201d no es ideolog\u00eda sino que significa \u201cvivir realmente el Evangelio\u201d.<\/b><\/p>\n<\/div>\n\n    <div class=\"xs_social_share_widget xs_share_url after_content \t\tmain_content  wslu-style-1 wslu-share-box-shaped wslu-fill-colored wslu-none wslu-share-horizontal wslu-theme-font-no wslu-main_content\">\n\n\t\t\n        <ul>\n\t\t\t        <\/ul>\n    <\/div> \n","protected":false},"excerpt":{"rendered":"<p>Ciudad del Vaticano &#8211; El papa Le\u00f3n XIV ha denunciado este jueves las medidas \u201ccada vez m\u00e1s inhumanas\u201d e incluso \u201ccelebradas pol\u00edticamente\u201d contra los inmigrantes para defender las fronteras, durante una audiencia con los movimientos populares. \u201cLos Estados tienen el derecho y el deber de proteger sus fronteras, pero esto debe equilibrarse con la obligaci\u00f3n<\/p>\n","protected":false},"author":2,"featured_media":14288,"comment_status":"open","ping_status":"open","sticky":false,"template":"","format":"standard","meta":{"om_disable_all_campaigns":false,"_monsterinsights_skip_tracking":false,"_monsterinsights_sitenote_active":false,"_monsterinsights_sitenote_note":"","_monsterinsights_sitenote_category":0,"footnotes":""},"categories":[10],"tags":[],"class_list":["post-14289","post","type-post","status-publish","format-standard","has-post-thumbnail","hentry","category-mundo"],"aioseo_notices":[],"_links":{"self":[{"href":"https:\/\/aleeknews.com\/4l33k5\/wp-json\/wp\/v2\/posts\/14289","targetHints":{"allow":["GET"]}}],"collection":[{"href":"https:\/\/aleeknews.com\/4l33k5\/wp-json\/wp\/v2\/posts"}],"about":[{"href":"https:\/\/aleeknews.com\/4l33k5\/wp-json\/wp\/v2\/types\/post"}],"author":[{"embeddable":true,"href":"https:\/\/aleeknews.com\/4l33k5\/wp-json\/wp\/v2\/users\/2"}],"replies":[{"embeddable":true,"href":"https:\/\/aleeknews.com\/4l33k5\/wp-json\/wp\/v2\/comments?post=14289"}],"version-history":[{"count":0,"href":"https:\/\/aleeknews.com\/4l33k5\/wp-json\/wp\/v2\/posts\/14289\/revisions"}],"wp:featuredmedia":[{"embeddable":true,"href":"https:\/\/aleeknews.com\/4l33k5\/wp-json\/wp\/v2\/media\/14288"}],"wp:attachment":[{"href":"https:\/\/aleeknews.com\/4l33k5\/wp-json\/wp\/v2\/media?parent=14289"}],"wp:term":[{"taxonomy":"category","embeddable":true,"href":"https:\/\/aleeknews.com\/4l33k5\/wp-json\/wp\/v2\/categories?post=14289"},{"taxonomy":"post_tag","embeddable":true,"href":"https:\/\/aleeknews.com\/4l33k5\/wp-json\/wp\/v2\/tags?post=14289"}],"curies":[{"name":"wp","href":"https:\/\/api.w.org\/{rel}","templated":true}]}}