{"id":14272,"date":"2025-10-27T04:43:00","date_gmt":"2025-10-27T03:43:00","guid":{"rendered":"https:\/\/aleeknews.com\/4l33k5\/2025\/10\/27\/cj-sepulveda-llevara-la-bandera-boricua-al-circuito-mas-dificil-del-mundo-sera-retante\/"},"modified":"2025-10-27T04:43:00","modified_gmt":"2025-10-27T03:43:00","slug":"cj-sepulveda-llevara-la-bandera-boricua-al-circuito-mas-dificil-del-mundo-sera-retante","status":"publish","type":"post","link":"https:\/\/aleeknews.com\/4l33k5\/2025\/10\/27\/cj-sepulveda-llevara-la-bandera-boricua-al-circuito-mas-dificil-del-mundo-sera-retante\/","title":{"rendered":"CJ Sep\u00falveda llevar\u00e1 la bandera boricua al circuito m\u00e1s dif\u00edcil del mundo: \u201cSer\u00e1 retante\u201d"},"content":{"rendered":"<div>\n<div data-fusion-lazy-id=\"f0fQYcNoHQKSGL\">\n<div class>\n<p><a href=\"https:\/\/thetrustproject.org\/\"><img decoding=\"async\" src=\"https:\/\/www.elnuevodia.com\/pf\/resources\/v2\/icons\/trust-icon.svg?d=211\"><\/a><\/p>\n<div>\n<p>Entrevista<\/p>\n<div>\n<p>Intercambio para ofrecer una perspectiva relevante, que ha sido revisada para mayor claridad, pero no del todo verificada.<\/p>\n<\/div>\n<\/div>\n<\/div>\n<div>\n<h2>El piloto puertorrique\u00f1o har\u00e1 historia al convertirse en el primer boricua que competir\u00e1 en las 24 Horas del N\u00fcrburgring 2026, una de las pruebas m\u00e1s exigentes del automovilismo mundial<\/h2>\n<div>\n<p>27 de octubre de 2025 &#8211; 11:10 PM<\/p>\n<\/div>\n<\/div>\n<\/div>\n<div data-fusion-lazy-id=\"f0fIYaQF9GLV14D\">\n<div>\n<p><b>1 \/ 10 | <\/b><span> CJ Sep\u00falveda llevar\u00e1 la bandera boricua al circuito m\u00e1s dif\u00edcil del mundo: \u201cSer\u00e1 retante\u201d . Sep\u00falveda explic\u00f3 que la pista de N\u00fcrburgring es conocida como el \u201cInfierno Verde\u201d (Green Hell) por su nivel de dificultad y peligrosidad.<\/span><i> &#8211; TC America<\/i><\/p>\n<\/div>\n<div>\n<p><img decoding=\"async\" alt=\"Sara Del Valle Hern\u00e1ndez\" src=\"https:\/\/www.elnuevodia.com\/resizer\/v2\/https%3A%2F%2Fs3.amazonaws.com%2Farc-authors%2Fgfrmedia%2F8bb566c5-e37a-428e-8537-da99f2281360.png?auth=6614bedc64c52f42e3d2106fe6294e3bc13be67dadbf396b97c647edd0dc2966&#038;quality=75&#038;smart=true&#038;width=170&#038;height=147\"><\/p>\n<\/div>\n<div>\n<p>El piloto puertorrique\u00f1o <b>Carlos Jos\u00e9 \u201cCJ\u201d Sep\u00falveda<\/b> hizo historia al conquistar el <b>Hyundai N Trophy Cup Racing Scholar<\/b> y convertirse en el primer boricua que representar\u00e1 a Puerto Rico en las <b>24 Horas del N\u00fcrburgring 2026<\/b>, una de las competencias m\u00e1s exigentes del automovilismo mundial.<\/p>\n<\/div>\n<\/div>\n<section>\n<header><span>Popular en la Comunidad<\/span><\/header>\n<\/section>\n<\/div>\n\n    <div class=\"xs_social_share_widget xs_share_url after_content \t\tmain_content  wslu-style-1 wslu-share-box-shaped wslu-fill-colored wslu-none wslu-share-horizontal wslu-theme-font-no wslu-main_content\">\n\n\t\t\n        <ul>\n\t\t\t        <\/ul>\n    <\/div> \n","protected":false},"excerpt":{"rendered":"<p>Entrevista Intercambio para ofrecer una perspectiva relevante, que ha sido revisada para mayor claridad, pero no del todo verificada. El piloto puertorrique\u00f1o har\u00e1 historia al convertirse en el primer boricua que competir\u00e1 en las 24 Horas del N\u00fcrburgring 2026, una de las pruebas m\u00e1s exigentes del automovilismo mundial 27 de octubre de 2025 &#8211; 11:10<\/p>\n","protected":false},"author":2,"featured_media":14273,"comment_status":"open","ping_status":"open","sticky":false,"template":"","format":"standard","meta":{"om_disable_all_campaigns":false,"_monsterinsights_skip_tracking":false,"footnotes":""},"categories":[7],"tags":[],"class_list":["post-14272","post","type-post","status-publish","format-standard","has-post-thumbnail","hentry","category-deportes"],"aioseo_notices":[],"_links":{"self":[{"href":"https:\/\/aleeknews.com\/4l33k5\/wp-json\/wp\/v2\/posts\/14272","targetHints":{"allow":["GET"]}}],"collection":[{"href":"https:\/\/aleeknews.com\/4l33k5\/wp-json\/wp\/v2\/posts"}],"about":[{"href":"https:\/\/aleeknews.com\/4l33k5\/wp-json\/wp\/v2\/types\/post"}],"author":[{"embeddable":true,"href":"https:\/\/aleeknews.com\/4l33k5\/wp-json\/wp\/v2\/users\/2"}],"replies":[{"embeddable":true,"href":"https:\/\/aleeknews.com\/4l33k5\/wp-json\/wp\/v2\/comments?post=14272"}],"version-history":[{"count":0,"href":"https:\/\/aleeknews.com\/4l33k5\/wp-json\/wp\/v2\/posts\/14272\/revisions"}],"wp:featuredmedia":[{"embeddable":true,"href":"https:\/\/aleeknews.com\/4l33k5\/wp-json\/wp\/v2\/media\/14273"}],"wp:attachment":[{"href":"https:\/\/aleeknews.com\/4l33k5\/wp-json\/wp\/v2\/media?parent=14272"}],"wp:term":[{"taxonomy":"category","embeddable":true,"href":"https:\/\/aleeknews.com\/4l33k5\/wp-json\/wp\/v2\/categories?post=14272"},{"taxonomy":"post_tag","embeddable":true,"href":"https:\/\/aleeknews.com\/4l33k5\/wp-json\/wp\/v2\/tags?post=14272"}],"curies":[{"name":"wp","href":"https:\/\/api.w.org\/{rel}","templated":true}]}}