{"id":14250,"date":"2025-10-26T03:53:12","date_gmt":"2025-10-26T02:53:12","guid":{"rendered":"https:\/\/aleeknews.com\/4l33k5\/2025\/10\/26\/genesis-marca-el-futuro-con-la-presentacion-del-neolun-concept\/"},"modified":"2025-10-26T03:53:12","modified_gmt":"2025-10-26T02:53:12","slug":"genesis-marca-el-futuro-con-la-presentacion-del-neolun-concept","status":"publish","type":"post","link":"https:\/\/aleeknews.com\/4l33k5\/2025\/10\/26\/genesis-marca-el-futuro-con-la-presentacion-del-neolun-concept\/","title":{"rendered":"Genesis marca el futuro con la presentaci\u00f3n del Neolun Concept"},"content":{"rendered":"<div>\n<div data-testid=\"global-header-test\" data-fusion-lazy-id=\"f0f5G41E11Y61Ck\">\n<hr>\n<p><span>Bolsa de valores <b>02:53 AM<\/b><\/span><\/p>\n<\/div>\n<div>\n<div data-fusion-lazy-id=\"f0f9tfiOw0362nv\">\n<div class>\n<p><a href=\"https:\/\/thetrustproject.org\/\"><img decoding=\"async\" src=\"https:\/\/www.elnuevodia.com\/pf\/resources\/v2\/icons\/trust-icon.svg?d=211\"><\/a><\/p>\n<div>\n<p>Se adhiere a los criterios de The Trust Project<\/p>\n<\/div>\n<\/div>\n<div>\n<h2>La SUV el\u00e9ctrica de tama\u00f1o completo cuenta con un dise\u00f1o futurista e innovaciones tecnol\u00f3gicas que se robaron la atenci\u00f3n en el New York International Auto Show<\/h2>\n<div>\n<p>29 de marzo de 2024 &#8211; 1:00 PM<\/p>\n<\/div>\n<div>\n<p><b>Archivo<\/b><\/p>\n<p>Esta historia fue publicada hace m\u00e1s de 1 a\u00f1o.<\/p>\n<\/div>\n<\/div>\n<\/div>\n<div data-fusion-lazy-id=\"f0f8wxHIPTYNet\">\n<div><picture><source media=\"(max-width: 375px)\" ><source media=\"(max-width: 767px)\" ><source media=\"(max-width: 1023px)\" ><source ><\/picture><figcaption>Las puertas del Genesis Neolun Concept dan acceso a un interior c\u00f3modo y sofisticado. <span>(joseorlando.delgado@gfrmedia.com)<\/span><\/figcaption><\/div>\n<div>\n<p><img decoding=\"async\" alt=\"Jos\u00e9 Orlando Delgado Rivera\" src=\"https:\/\/www.elnuevodia.com\/resizer\/v2\/https%3A%2F%2Fauthor-service-images-prod-us-east-1.publishing.aws.arc.pub%2Fgfrmedia%2F2b8b5e66-e7c1-4688-835e-191edae0ddfc.png?auth=5b4a7e8f482dddd87f58128de8eceac558550d1b57d5661fab3e195e38c75053&#038;quality=75&#038;smart=true&#038;width=170&#038;height=147\"><\/p>\n<\/div>\n<div>\n<p><b>Nueva York<\/b> &#8211; Con un dise\u00f1o frontal atrevido, pero elegante, y una cabina futurista que incluye asientos giratorios, iluminaci\u00f3n creativa y pantallas ajustables, el Genesis Neolun Concept hizo su aparici\u00f3n en el <a href=\"https:\/\/www.elnuevodia.com\/negocios\/autos\/notas\/nuevos-modelos-debutaran-en-el-new-york-international-auto-show\/\" target=\"_blank\"><b>New York International Auto Show<\/b><\/a> (NYIAS) para marcar el futuro de la marca de lujo coreana.<\/p>\n<\/div>\n<\/div>\n<section>\n<header><span>Popular en la Comunidad<\/span><\/header>\n<\/section>\n<\/div>\n<\/div>\n\n    <div class=\"xs_social_share_widget xs_share_url after_content \t\tmain_content  wslu-style-1 wslu-share-box-shaped wslu-fill-colored wslu-none wslu-share-horizontal wslu-theme-font-no wslu-main_content\">\n\n\t\t\n        <ul>\n\t\t\t        <\/ul>\n    <\/div> \n","protected":false},"excerpt":{"rendered":"<p>Bolsa de valores 02:53 AM Se adhiere a los criterios de The Trust Project La SUV el\u00e9ctrica de tama\u00f1o completo cuenta con un dise\u00f1o futurista e innovaciones tecnol\u00f3gicas que se robaron la atenci\u00f3n en el New York International Auto Show 29 de marzo de 2024 &#8211; 1:00 PM Archivo Esta historia fue publicada hace m\u00e1s<\/p>\n","protected":false},"author":2,"featured_media":14251,"comment_status":"open","ping_status":"open","sticky":false,"template":"","format":"standard","meta":{"om_disable_all_campaigns":false,"_monsterinsights_skip_tracking":false,"_monsterinsights_sitenote_active":false,"_monsterinsights_sitenote_note":"","_monsterinsights_sitenote_category":0,"footnotes":""},"categories":[5],"tags":[],"class_list":["post-14250","post","type-post","status-publish","format-standard","has-post-thumbnail","hentry","category-negocios"],"aioseo_notices":[],"_links":{"self":[{"href":"https:\/\/aleeknews.com\/4l33k5\/wp-json\/wp\/v2\/posts\/14250","targetHints":{"allow":["GET"]}}],"collection":[{"href":"https:\/\/aleeknews.com\/4l33k5\/wp-json\/wp\/v2\/posts"}],"about":[{"href":"https:\/\/aleeknews.com\/4l33k5\/wp-json\/wp\/v2\/types\/post"}],"author":[{"embeddable":true,"href":"https:\/\/aleeknews.com\/4l33k5\/wp-json\/wp\/v2\/users\/2"}],"replies":[{"embeddable":true,"href":"https:\/\/aleeknews.com\/4l33k5\/wp-json\/wp\/v2\/comments?post=14250"}],"version-history":[{"count":0,"href":"https:\/\/aleeknews.com\/4l33k5\/wp-json\/wp\/v2\/posts\/14250\/revisions"}],"wp:featuredmedia":[{"embeddable":true,"href":"https:\/\/aleeknews.com\/4l33k5\/wp-json\/wp\/v2\/media\/14251"}],"wp:attachment":[{"href":"https:\/\/aleeknews.com\/4l33k5\/wp-json\/wp\/v2\/media?parent=14250"}],"wp:term":[{"taxonomy":"category","embeddable":true,"href":"https:\/\/aleeknews.com\/4l33k5\/wp-json\/wp\/v2\/categories?post=14250"},{"taxonomy":"post_tag","embeddable":true,"href":"https:\/\/aleeknews.com\/4l33k5\/wp-json\/wp\/v2\/tags?post=14250"}],"curies":[{"name":"wp","href":"https:\/\/api.w.org\/{rel}","templated":true}]}}