{"id":14233,"date":"2025-10-26T03:52:31","date_gmt":"2025-10-26T02:52:31","guid":{"rendered":"https:\/\/aleeknews.com\/4l33k5\/2025\/10\/26\/inspector-clouseau-hombre-misterioso-genera-revuelo-tras-el-robo-en-el-museo-del-louvre-2\/"},"modified":"2025-10-26T03:52:31","modified_gmt":"2025-10-26T02:52:31","slug":"inspector-clouseau-hombre-misterioso-genera-revuelo-tras-el-robo-en-el-museo-del-louvre-2","status":"publish","type":"post","link":"https:\/\/aleeknews.com\/4l33k5\/2025\/10\/26\/inspector-clouseau-hombre-misterioso-genera-revuelo-tras-el-robo-en-el-museo-del-louvre-2\/","title":{"rendered":"\u00bfInspector Clouseau? Hombre misterioso genera revuelo tras el robo en el museo del Louvre"},"content":{"rendered":"<div>\n<p><b>Londres <\/b> &#8211; Fue poco despu\u00e9s del impactante robo de las joyas de la corona en <a href=\"https:\/\/www.elnuevodia.com\/topicos\/museo-del-louvre\/\" target=\"_self\" rel title=\"https:\/\/www.elnuevodia.com\/topicos\/museo-del-louvre\/\"><b>el Louvre<\/b><\/a> cuando el fot\u00f3grafo de <a href=\"https:\/\/www.elnuevodia.com\/autor\/the-associated-press\/\" target=\"_self\" rel title=\"https:\/\/www.elnuevodia.com\/autor\/the-associated-press\/\"><b>The Associated Press<\/b><\/a> con sede en Par\u00eds, <a href=\"https:\/\/www.elnuevodia.com\/noticias\/mundo\/notas\/ascensor-de-carga-aleman-se-convierte-en-estrella-inesperada-en-redes-sociales-tras-robo-en-el-louvre\/\" target=\"_self\" rel title=\"https:\/\/www.elnuevodia.com\/noticias\/mundo\/notas\/ascensor-de-carga-aleman-se-convierte-en-estrella-inesperada-en-redes-sociales-tras-robo-en-el-louvre\/\"><b>Thibault Camus<\/b><\/a>, captur\u00f3 en su encuadre a un joven elegantemente vestido que pasaba junto a<b> <\/b><a href=\"https:\/\/www.elnuevodia.com\/topicos\/francia\/\" target=\"_self\" rel title=\"https:\/\/www.elnuevodia.com\/topicos\/francia\/\"><b>polic\u00edas franceses<\/b><\/a>, cuyo coche bloqueaba uno de los accesos al museo.<\/p>\n<p><b>Instintivamente, tom\u00f3 la foto.<\/b><\/p>\n<p>No era una foto particularmente buena, incluso alguien obstru\u00eda con el hombro parte del primer plano, se dijo Camus.<\/p>\n<p>Pero cumpli\u00f3 su prop\u00f3sito: mostrar a la polic\u00eda francesa sellando el museo m\u00e1s visitado del mundo despu\u00e9s del audaz robo a plena luz del d\u00eda el domingo pasado.<\/p>\n<p>Adem\u00e1s, pens\u00f3 Camus, el tipo que pasaba junto a los oficiales estaba inusualmente bien vestido, con gabardina, saco, corbata y un sombrero fedora, a\u00f1adiendo un toque de alta costura parisina a la escena.<\/p>\n<p>Y as\u00ed, la foto fue enviada a las audiencias mundiales de AP.<\/p>\n<p><b>Desde all\u00ed, las f\u00e9rtiles imaginaciones se pusieron en marcha, generando revuelo en internet.<\/b><\/p>\n<p>Publicaciones en redes sociales declararon que el hombre bien vestido era un detective franc\u00e9s, una versi\u00f3n m\u00e1s elegante del famoso Inspector Clouseau de las pel\u00edculas de \u201cLa Pantera Rosa\u201d, aunque el pie de foto de la AP no lo hab\u00eda identificado.<\/p>\n<p>El pie de foto simplemente dec\u00eda: \u201cOficiales de polic\u00eda bloquean un acceso al museo del Louvre despu\u00e9s de un robo, el domingo 19 de octubre de 2025, en Par\u00eds\u201d.<\/p>\n<p>Una publicaci\u00f3n en X que ahora tiene 5.6 millones de vistas dice: \u201cFoto real (\u00a1no generada por IA!) de un detective franc\u00e9s trabajando en el caso de las Joyas de la Corona Francesa que fueron robadas del Louvre\u201d.<\/p>\n<p>Otro usuario, con 1.2 millones de seguidores, afirm\u00f3 que el hombre \u201cque parece salido de una pel\u00edcula de cine negro de detectives de los a\u00f1os de 1940 es un verdadero detective de la polic\u00eda francesa que est\u00e1 investigando el robo\u201d.<\/p>\n<p>Camus dice que nada de lo que vio lo llev\u00f3 a esa conclusi\u00f3n: el hombre era solo alguien que se alejaba del Louvre mientras las autoridades evacuaban el \u00e1rea.<\/p>\n<p><b>\u201c\u00c9l apareci\u00f3 frente a m\u00ed, lo vi, tom\u00e9 la foto\u201d, cuenta Camus. \u201cPas\u00f3 y se fue\u201d.<\/b><\/p>\n<p>Si el hombre no identificado realmente es uno de los m\u00e1s de 100 investigadores que buscan a los ladrones de joyas, las autoridades lo mantienen muy en secreto.<\/p>\n<p><b>\u201cPreferimos mantener el misterio vivo ;)\u201d, dijo la fiscal\u00eda de Par\u00eds con un gui\u00f1o en una respuesta por correo electr\u00f3nico a las preguntas de AP.<\/b><\/p>\n<\/div>\n\n    <div class=\"xs_social_share_widget xs_share_url after_content \t\tmain_content  wslu-style-1 wslu-share-box-shaped wslu-fill-colored wslu-none wslu-share-horizontal wslu-theme-font-no wslu-main_content\">\n\n\t\t\n        <ul>\n\t\t\t        <\/ul>\n    <\/div> \n","protected":false},"excerpt":{"rendered":"<p>Londres &#8211; Fue poco despu\u00e9s del impactante robo de las joyas de la corona en el Louvre cuando el fot\u00f3grafo de The Associated Press con sede en Par\u00eds, Thibault Camus , captur\u00f3 en su encuadre a un joven elegantemente vestido que pasaba junto a polic\u00edas franceses , cuyo coche bloqueaba uno de los accesos al<\/p>\n","protected":false},"author":2,"featured_media":14228,"comment_status":"open","ping_status":"open","sticky":false,"template":"","format":"standard","meta":{"om_disable_all_campaigns":false,"_monsterinsights_skip_tracking":false,"_monsterinsights_sitenote_active":false,"_monsterinsights_sitenote_note":"","_monsterinsights_sitenote_category":0,"footnotes":""},"categories":[10],"tags":[],"class_list":["post-14233","post","type-post","status-publish","format-standard","has-post-thumbnail","hentry","category-mundo"],"aioseo_notices":[],"_links":{"self":[{"href":"https:\/\/aleeknews.com\/4l33k5\/wp-json\/wp\/v2\/posts\/14233","targetHints":{"allow":["GET"]}}],"collection":[{"href":"https:\/\/aleeknews.com\/4l33k5\/wp-json\/wp\/v2\/posts"}],"about":[{"href":"https:\/\/aleeknews.com\/4l33k5\/wp-json\/wp\/v2\/types\/post"}],"author":[{"embeddable":true,"href":"https:\/\/aleeknews.com\/4l33k5\/wp-json\/wp\/v2\/users\/2"}],"replies":[{"embeddable":true,"href":"https:\/\/aleeknews.com\/4l33k5\/wp-json\/wp\/v2\/comments?post=14233"}],"version-history":[{"count":0,"href":"https:\/\/aleeknews.com\/4l33k5\/wp-json\/wp\/v2\/posts\/14233\/revisions"}],"wp:featuredmedia":[{"embeddable":true,"href":"https:\/\/aleeknews.com\/4l33k5\/wp-json\/wp\/v2\/media\/14228"}],"wp:attachment":[{"href":"https:\/\/aleeknews.com\/4l33k5\/wp-json\/wp\/v2\/media?parent=14233"}],"wp:term":[{"taxonomy":"category","embeddable":true,"href":"https:\/\/aleeknews.com\/4l33k5\/wp-json\/wp\/v2\/categories?post=14233"},{"taxonomy":"post_tag","embeddable":true,"href":"https:\/\/aleeknews.com\/4l33k5\/wp-json\/wp\/v2\/tags?post=14233"}],"curies":[{"name":"wp","href":"https:\/\/api.w.org\/{rel}","templated":true}]}}