{"id":14176,"date":"2025-10-25T03:44:53","date_gmt":"2025-10-25T01:44:53","guid":{"rendered":"https:\/\/aleeknews.com\/4l33k5\/2025\/10\/25\/haiti-declara-estado-de-emergencia-de-tres-meses-por-aumento-de-violencia-de-pandillas\/"},"modified":"2025-10-25T03:44:53","modified_gmt":"2025-10-25T01:44:53","slug":"haiti-declara-estado-de-emergencia-de-tres-meses-por-aumento-de-violencia-de-pandillas","status":"publish","type":"post","link":"https:\/\/aleeknews.com\/4l33k5\/2025\/10\/25\/haiti-declara-estado-de-emergencia-de-tres-meses-por-aumento-de-violencia-de-pandillas\/","title":{"rendered":"Hait\u00ed declara estado de emergencia de tres meses por aumento de violencia de pandillas"},"content":{"rendered":"<div>\n<div data-fusion-lazy-id=\"f0fQYcNoHQKSGL\">\n<div class>\n<p><a href=\"https:\/\/thetrustproject.org\/\"><img decoding=\"async\" src=\"https:\/\/www.elnuevodia.com\/pf\/resources\/v2\/icons\/trust-icon.svg?d=211\"><\/a><\/p>\n<div>\n<p>Servicio de noticias<\/p>\n<div>\n<p>Producido externamente por una organizaci\u00f3n que confiamos cumple con las normas period\u00edsticas.<\/p>\n<\/div>\n<\/div>\n<\/div>\n<div>\n<h2>Los grupos asesinan agricultores o los obligan a abandonar sus campos mientras arrasan con las comunidades<\/h2>\n<div>\n<p>9 de agosto de 2025 &#8211; 4:58 PM<\/p>\n<\/div>\n<div>\n<p><b>Archivo<\/b><\/p>\n<p>Esta historia fue publicada hace m\u00e1s de 2 meses.<\/p>\n<\/div>\n<\/div>\n<\/div>\n<div data-fusion-lazy-id=\"f0fIYaQF9GLV14D\">\n<div><picture><source media=\"(max-width: 375px)\" ><source media=\"(max-width: 767px)\" ><source media=\"(max-width: 1023px)\" ><source ><\/picture><figcaption>Nuevo jefe de la polic\u00eda haitiana, Vladimir Paraison, juramenta en Puerto Pr\u00edncipe. <span>(Odelyn Joseph)<\/span><\/figcaption><\/div>\n<div>\n<p><span>Por <b><\/b><b>The Associated Press<\/b><\/span><\/p>\n<p><span>Agencia de noticias<\/span><\/p>\n<\/div>\n<div>\n<p>San Juan \u2014 El gobierno de<a href=\"https:\/\/www.elnuevodia.com\/topicos\/haiti\" target=\"_self\" rel title=\"https:\/\/www.elnuevodia.com\/topicos\/haiti\"> Hait\u00ed<\/a> anunci\u00f3 el s\u00e1bado que ha implementado un estado de emergencia de tres meses en la regi\u00f3n central del pa\u00eds debido al aumento de la violencia de las pandillas.<\/p>\n<\/div>\n<\/div>\n<section>\n<header><span>Popular en la Comunidad<\/span><\/header>\n<\/section>\n<\/div>\n\n    <div class=\"xs_social_share_widget xs_share_url after_content \t\tmain_content  wslu-style-1 wslu-share-box-shaped wslu-fill-colored wslu-none wslu-share-horizontal wslu-theme-font-no wslu-main_content\">\n\n\t\t\n        <ul>\n\t\t\t        <\/ul>\n    <\/div> \n","protected":false},"excerpt":{"rendered":"<p>Servicio de noticias Producido externamente por una organizaci\u00f3n que confiamos cumple con las normas period\u00edsticas. Los grupos asesinan agricultores o los obligan a abandonar sus campos mientras arrasan con las comunidades 9 de agosto de 2025 &#8211; 4:58 PM Archivo Esta historia fue publicada hace m\u00e1s de 2 meses. Nuevo jefe de la polic\u00eda haitiana<\/p>\n","protected":false},"author":2,"featured_media":14177,"comment_status":"open","ping_status":"open","sticky":false,"template":"","format":"standard","meta":{"om_disable_all_campaigns":false,"_monsterinsights_skip_tracking":false,"_monsterinsights_sitenote_active":false,"_monsterinsights_sitenote_note":"","_monsterinsights_sitenote_category":0,"footnotes":""},"categories":[10],"tags":[],"class_list":["post-14176","post","type-post","status-publish","format-standard","has-post-thumbnail","hentry","category-mundo"],"aioseo_notices":[],"_links":{"self":[{"href":"https:\/\/aleeknews.com\/4l33k5\/wp-json\/wp\/v2\/posts\/14176","targetHints":{"allow":["GET"]}}],"collection":[{"href":"https:\/\/aleeknews.com\/4l33k5\/wp-json\/wp\/v2\/posts"}],"about":[{"href":"https:\/\/aleeknews.com\/4l33k5\/wp-json\/wp\/v2\/types\/post"}],"author":[{"embeddable":true,"href":"https:\/\/aleeknews.com\/4l33k5\/wp-json\/wp\/v2\/users\/2"}],"replies":[{"embeddable":true,"href":"https:\/\/aleeknews.com\/4l33k5\/wp-json\/wp\/v2\/comments?post=14176"}],"version-history":[{"count":0,"href":"https:\/\/aleeknews.com\/4l33k5\/wp-json\/wp\/v2\/posts\/14176\/revisions"}],"wp:featuredmedia":[{"embeddable":true,"href":"https:\/\/aleeknews.com\/4l33k5\/wp-json\/wp\/v2\/media\/14177"}],"wp:attachment":[{"href":"https:\/\/aleeknews.com\/4l33k5\/wp-json\/wp\/v2\/media?parent=14176"}],"wp:term":[{"taxonomy":"category","embeddable":true,"href":"https:\/\/aleeknews.com\/4l33k5\/wp-json\/wp\/v2\/categories?post=14176"},{"taxonomy":"post_tag","embeddable":true,"href":"https:\/\/aleeknews.com\/4l33k5\/wp-json\/wp\/v2\/tags?post=14176"}],"curies":[{"name":"wp","href":"https:\/\/api.w.org\/{rel}","templated":true}]}}