{"id":14173,"date":"2025-10-25T03:44:55","date_gmt":"2025-10-25T01:44:55","guid":{"rendered":"https:\/\/aleeknews.com\/4l33k5\/2025\/10\/25\/faa-extiende-prohibicion-de-vuelos-comerciales-de-estados-unidos-a-haiti-por-riesgo-de-pandillas\/"},"modified":"2025-10-25T03:44:55","modified_gmt":"2025-10-25T01:44:55","slug":"faa-extiende-prohibicion-de-vuelos-comerciales-de-estados-unidos-a-haiti-por-riesgo-de-pandillas","status":"publish","type":"post","link":"https:\/\/aleeknews.com\/4l33k5\/2025\/10\/25\/faa-extiende-prohibicion-de-vuelos-comerciales-de-estados-unidos-a-haiti-por-riesgo-de-pandillas\/","title":{"rendered":"FAA extiende prohibici\u00f3n de vuelos comerciales de Estados Unidos a Hait\u00ed por riesgo de pandillas"},"content":{"rendered":"<div>\n<div data-fusion-lazy-id=\"f0fQYcNoHQKSGL\">\n<div class>\n<p><a href=\"https:\/\/thetrustproject.org\/\"><img decoding=\"async\" src=\"https:\/\/www.elnuevodia.com\/pf\/resources\/v2\/icons\/trust-icon.svg?d=211\"><\/a><\/p>\n<div>\n<p>Servicio de noticias<\/p>\n<div>\n<p>Producido externamente por una organizaci\u00f3n que confiamos cumple con las normas period\u00edsticas.<\/p>\n<\/div>\n<\/div>\n<\/div>\n<div>\n<h2>La Administraci\u00f3n Federal de Aviaci\u00f3n extendi\u00f3 la prohibici\u00f3n hasta el 7 de marzo de 2026 debido al riesgo de que las pandillas ataquen vuelos con drones y armas peque\u00f1as<\/h2>\n<div>\n<p>8 de septiembre de 2025 &#8211; 11:36 AM<\/p>\n<\/div>\n<div>\n<p><b>Archivo<\/b><\/p>\n<p>Esta historia fue publicada hace m\u00e1s de 1 mes.<\/p>\n<\/div>\n<\/div>\n<\/div>\n<div data-fusion-lazy-id=\"f0fIYaQF9GLV14D\">\n<div><picture><source media=\"(max-width: 375px)\" ><source media=\"(max-width: 767px)\" ><source media=\"(max-width: 1023px)\" ><source ><\/picture><figcaption>Polic\u00eda vigila aeropuerto de Hait\u00ed.  Nov. 2024. <span>(Odelyn Joseph)<\/span><\/figcaption><\/div>\n<div>\n<p><span>Por <b><\/b><b>The Associated Press<\/b><\/span><\/p>\n<p><span>Agencia de noticias<\/span><\/p>\n<\/div>\n<div>\n<p><b>San Juan<\/b> \u2014 La Administraci\u00f3n Federal de Aviaci\u00f3n (FAA, por sus siglas en ingl\u00e9s) extendi\u00f3 hasta el 7 de marzo de 2026 la prohibici\u00f3n de vuelos comerciales de <a href=\"https:\/\/www.elnuevodia.com\/noticias\/estados-unidos\/\" target=\"_self\" rel title=\"https:\/\/www.elnuevodia.com\/noticias\/estados-unidos\/\"><b>Estados Unidos<\/b><\/a> a la capital de Hait\u00ed, que expir\u00f3 el lunes, debido al riesgo de que poderosas pandillas puedan atacar vuelos con drones y armas peque\u00f1as.<\/p>\n<\/div>\n<\/div>\n<section>\n<header><span>Popular en la Comunidad<\/span><\/header>\n<\/section>\n<\/div>\n\n    <div class=\"xs_social_share_widget xs_share_url after_content \t\tmain_content  wslu-style-1 wslu-share-box-shaped wslu-fill-colored wslu-none wslu-share-horizontal wslu-theme-font-no wslu-main_content\">\n\n\t\t\n        <ul>\n\t\t\t        <\/ul>\n    <\/div> \n","protected":false},"excerpt":{"rendered":"<p>Servicio de noticias Producido externamente por una organizaci\u00f3n que confiamos cumple con las normas period\u00edsticas. La Administraci\u00f3n Federal de Aviaci\u00f3n extendi\u00f3 la prohibici\u00f3n hasta el 7 de marzo de 2026 debido al riesgo de que las pandillas ataquen vuelos con drones y armas peque\u00f1as 8 de septiembre de 2025 &#8211; 11:36 AM Archivo Esta historia<\/p>\n","protected":false},"author":2,"featured_media":14174,"comment_status":"open","ping_status":"open","sticky":false,"template":"","format":"standard","meta":{"om_disable_all_campaigns":false,"_monsterinsights_skip_tracking":false,"_monsterinsights_sitenote_active":false,"_monsterinsights_sitenote_note":"","_monsterinsights_sitenote_category":0,"footnotes":""},"categories":[10],"tags":[],"class_list":["post-14173","post","type-post","status-publish","format-standard","has-post-thumbnail","hentry","category-mundo"],"aioseo_notices":[],"_links":{"self":[{"href":"https:\/\/aleeknews.com\/4l33k5\/wp-json\/wp\/v2\/posts\/14173","targetHints":{"allow":["GET"]}}],"collection":[{"href":"https:\/\/aleeknews.com\/4l33k5\/wp-json\/wp\/v2\/posts"}],"about":[{"href":"https:\/\/aleeknews.com\/4l33k5\/wp-json\/wp\/v2\/types\/post"}],"author":[{"embeddable":true,"href":"https:\/\/aleeknews.com\/4l33k5\/wp-json\/wp\/v2\/users\/2"}],"replies":[{"embeddable":true,"href":"https:\/\/aleeknews.com\/4l33k5\/wp-json\/wp\/v2\/comments?post=14173"}],"version-history":[{"count":0,"href":"https:\/\/aleeknews.com\/4l33k5\/wp-json\/wp\/v2\/posts\/14173\/revisions"}],"wp:featuredmedia":[{"embeddable":true,"href":"https:\/\/aleeknews.com\/4l33k5\/wp-json\/wp\/v2\/media\/14174"}],"wp:attachment":[{"href":"https:\/\/aleeknews.com\/4l33k5\/wp-json\/wp\/v2\/media?parent=14173"}],"wp:term":[{"taxonomy":"category","embeddable":true,"href":"https:\/\/aleeknews.com\/4l33k5\/wp-json\/wp\/v2\/categories?post=14173"},{"taxonomy":"post_tag","embeddable":true,"href":"https:\/\/aleeknews.com\/4l33k5\/wp-json\/wp\/v2\/tags?post=14173"}],"curies":[{"name":"wp","href":"https:\/\/api.w.org\/{rel}","templated":true}]}}